{"id":558601,"date":"2026-07-15T21:04:12","date_gmt":"2026-07-15T21:04:12","guid":{"rendered":"https:\/\/www.europesays.com\/pl\/558601\/"},"modified":"2026-07-15T21:04:12","modified_gmt":"2026-07-15T21:04:12","slug":"maciej-swirski-opuscil-areszt-i-zamiescil-wpis-dalszy-ciag-jutro-wiadomosci-onet","status":"publish","type":"post","link":"https:\/\/www.europesays.com\/pl\/558601\/","title":{"rendered":"Maciej \u015awirski opu\u015bci\u0142 areszt i zamie\u015bci\u0142 wpis. &quot;Dalszy ci\u0105g jutro&quot; &#8211; Wiadomo\u015bci Onet"},"content":{"rendered":"<ol>\n<li><a href=\"https:\/\/news.google.com\/rss\/articles\/CBMipgFBVV95cUxQZVU1VkdEOGhJMTNYMF9nTFNjcUdJS0tOSWZkR3J2bTdjaXJrNk8yMG55NXhpUFlxWjVUSDBWdmUxWHg0SWFsTDBzWWk3NTVwdlEwNHNYX3dwc2RaSVVvRUxFWk8wLXNZUl91UDE2REFtZ2tBUVg0SXI5Z2VPX0JNeUNqQ0VSNTZIYTE2LXBmaVNaNUw1cW5kckpKeTdKLTlqNlZ1YUln?oc=5\" target=\"_blank\" rel=\"nofollow noopener\">Maciej \u015awirski opu\u015bci\u0142 areszt i zamie\u015bci\u0142 wpis. &#8222;Dalszy ci\u0105g jutro&#8221;<\/a>&nbsp;&nbsp;Wiadomo\u015bci Onet<\/li>\n<li><a href=\"https:\/\/news.google.com\/rss\/articles\/CBMiiAFBVV95cUxPR0xPekdxUFVPbkREQXZuVVpiQTJ4LVdlckJoRUNCa2VIWHpLVDRXUFhmZlBob09ST3M5RkNGZ2MyblNpTENva2x5U3ZhcFNiOElqdm93bnNZQ3M1eDZrYmlvS2U2cTZMaUJRZXl0T3dVQzNxSVdWbGN3aDQ1THU1dzIzTndOc3ct?oc=5\" target=\"_blank\" rel=\"nofollow noopener\">\u015awirski ju\u017c na wolno\u015bci. Zamie\u015bci\u0142 wpis<\/a>&nbsp;&nbsp;WP Wiadomo\u015bci<\/li>\n<li><a href=\"https:\/\/news.google.com\/rss\/articles\/CBMitwFBVV95cUxNeUZPMDNvUUxQSmZjZzYzb2ExWWl3bldUZjdZaVdZbjVfcDV1VjEzeWhiSkFJdjRwOXNwaGs1eDFuamhzblg3dTNDM3NhV3B4MTdRd1ZmbDFBZWphdmpmRXZJVERZQm04V0NYR3A1cll1LWU2MkY4NTVRZXUtYnRpcm1qd1kxRklhX2hNOGFXQWQ4N1NTZmoyZ3RBSXJFYVdnUjNWd2tCU08tbElOOXJObm8tU1NzeTg?oc=5\" target=\"_blank\" rel=\"nofollow noopener\">Zatrzyma\u0142o go CBA. By\u0142y szef KRRiT ju\u017c na wolno\u015bci, wyda\u0142 o\u015bwiadczenie<\/a>&nbsp;&nbsp;PolsatNews.pl<\/li>\n<li><a href=\"https:\/\/news.google.com\/rss\/articles\/CBMiiAFBVV95cUxQcHllNk11Skp0MFVtTlRzZW5NN2Q4OUI0VXV6dWhVVm0zZENRdS1NMlZIVE45S3BIaGF4eUxVc1JEVG1iOVF0LUZfODNfOEhzX2dRUDhINmlRWE5NcnJOOC0wNF9sVjZaX1gtOXdYdjJXbmtxdHN2TVprZ2hlU0ltYUtweW56Y2pI?oc=5\" target=\"_blank\" rel=\"nofollow noopener\">By\u0142y szef KRRiT us\u0142ysza\u0142 zarzuty<\/a>&nbsp;&nbsp;TVN24<\/li>\n<li><a href=\"https:\/\/news.google.com\/rss\/articles\/CBMiiwFBVV95cUxOdkVVazZHTFRMTnllNEJhYXlzbzNGNnJjWU9lY0ZsTkNBU2xBVU1rWEVtVHp0ZzNYdkhpVUJnaXdlRTRWU1FLNGNYWnZLZGN1dWdmb3IxM0xROFpWY0ZRWmJ2dXNKNHpuZzBSZm9NTy1jOHdqTWVwX0V2emFvYkxrV1NFQlFVX2g4MHBV?oc=5\" target=\"_blank\" rel=\"nofollow noopener\">Prokuratura postawi\u0142a zarzuty Maciejowi \u015a. By\u0142y szef KRRiT na wolno\u015bci<\/a>&nbsp;&nbsp;Wyborcza.pl<\/li>\n<\/ol>\n","protected":false},"excerpt":{"rendered":"Maciej \u015awirski opu\u015bci\u0142 areszt i zamie\u015bci\u0142 wpis. &#8222;Dalszy ci\u0105g jutro&#8221;&nbsp;&nbsp;Wiadomo\u015bci Onet \u015awirski ju\u017c na wolno\u015bci. Zamie\u015bci\u0142 wpis&nbsp;&nbsp;WP Wiadomo\u015bci&hellip;\n","protected":false},"author":2,"featured_media":558602,"comment_status":"","ping_status":"","sticky":false,"template":"","format":"standard","meta":{"footnotes":"","_share_on_mastodon":"0"},"categories":[12],"tags":[61195,32,33,359,36,37,27,49,34,35,38861,28,31,48,25,46,109884,42,38,40,39,41,1627,47,29,30,26],"class_list":["post-558601","post","type-post","status-publish","format-standard","has-post-thumbnail","category-polska","tag-bottomfeed_styl","tag-breaking-news","tag-breakingnews","tag-cba","tag-featured-news","tag-featurednews","tag-headlines","tag-kraj","tag-latest-news","tag-latestnews","tag-maciej_swirski","tag-naglowki","tag-najwazniejsze-artykuly","tag-nat_styl","tag-news","tag-omp","tag-pfn_fundacja","tag-pl","tag-poland","tag-polish","tag-polska","tag-polski","tag-prokuratura","tag-screening_general","tag-top-stories","tag-topstories","tag-wiadomosci"],"share_on_mastodon":{"url":"","error":""},"_links":{"self":[{"href":"https:\/\/www.europesays.com\/pl\/wp-json\/wp\/v2\/posts\/558601","targetHints":{"allow":["GET"]}}],"collection":[{"href":"https:\/\/www.europesays.com\/pl\/wp-json\/wp\/v2\/posts"}],"about":[{"href":"https:\/\/www.europesays.com\/pl\/wp-json\/wp\/v2\/types\/post"}],"author":[{"embeddable":true,"href":"https:\/\/www.europesays.com\/pl\/wp-json\/wp\/v2\/users\/2"}],"replies":[{"embeddable":true,"href":"https:\/\/www.europesays.com\/pl\/wp-json\/wp\/v2\/comments?post=558601"}],"version-history":[{"count":0,"href":"https:\/\/www.europesays.com\/pl\/wp-json\/wp\/v2\/posts\/558601\/revisions"}],"wp:featuredmedia":[{"embeddable":true,"href":"https:\/\/www.europesays.com\/pl\/wp-json\/wp\/v2\/media\/558602"}],"wp:attachment":[{"href":"https:\/\/www.europesays.com\/pl\/wp-json\/wp\/v2\/media?parent=558601"}],"wp:term":[{"taxonomy":"category","embeddable":true,"href":"https:\/\/www.europesays.com\/pl\/wp-json\/wp\/v2\/categories?post=558601"},{"taxonomy":"post_tag","embeddable":true,"href":"https:\/\/www.europesays.com\/pl\/wp-json\/wp\/v2\/tags?post=558601"}],"curies":[{"name":"wp","href":"https:\/\/api.w.org\/{rel}","templated":true}]}}