{"id":558650,"date":"2026-07-15T21:44:45","date_gmt":"2026-07-15T21:44:45","guid":{"rendered":"https:\/\/www.europesays.com\/pl\/558650\/"},"modified":"2026-07-15T21:44:45","modified_gmt":"2026-07-15T21:44:45","slug":"nowa-dyrektor-oifp-wybrana-to-ona-pokieruje-instytucja-kultura-i-rozrywka-wiadomosci-bialystok-online-portal-miejski-bialystok-bialystok","status":"publish","type":"post","link":"https:\/\/www.europesays.com\/pl\/558650\/","title":{"rendered":"Nowa dyrektor OiFP wybrana. To ona pokieruje instytucj\u0105, Kultura i Rozrywka, Wiadomo\u015bci Bia\u0142ystok Online Portal Miejski Bia\u0142ystok (Bialystok)"},"content":{"rendered":"\n<p>            <img decoding=\"async\" class=\"art-figimg\" src=\"https:\/\/www.europesays.com\/pl\/wp-content\/uploads\/2026\/07\/150014-e.jpg\" width=\"375\" height=\"250\" alt=\"Nowa dyrektor OiFP wybrana. To ona pokieruje instytucj\u0105\" loading=\"lazy\" fetchpriority=\"high\"\/><br \/>\n            Fot: Micha\u0142 Heller<\/p>\n<p class=\"art-lid\">Zarz\u0105d Wojew\u00f3dztwa Podlaskiego zaakceptowa\u0142 kandydatur\u0119 Ma\u0142gorzaty Bil-Jaruzelskiej na stanowisko dyrektora Opery i Filharmonii Podlaskiej. Nowa dyrektor obejmie funkcj\u0119 1 wrze\u015bnia 2026 roku i b\u0119dzie kierowa\u0107 instytucj\u0105 przez pi\u0119\u0107 sezon\u00f3w artystycznych.<\/p>\n<p class=\"art-cont\">Ma\u0142gorzata Bil-Jaruzelska stanie na czele jednej z najwa\u017cniejszych instytucji kultury w regionie. Jej kandydatura zosta\u0142a wy\u0142oniona przez komisj\u0119 konkursow\u0105, a nast\u0119pnie zaakceptowana przez Zarz\u0105d Wojew\u00f3dztwa Podlaskiego. Akt powo\u0142ania wr\u0119czyli wicemarsza\u0142ek Wies\u0142awa Burnos oraz cz\u0142onkowie zarz\u0105du wojew\u00f3dztwa \u2013 Jacek Piorunek i Bogdan Dyjuk.<\/p>\n<p>Przysz\u0142a dyrektor Opery i Filharmonii Podlaskiej od lat zwi\u0105zana jest z podlask\u0105 kultur\u0105. Swoje do\u015bwiadczenie zdobywa\u0142a zar\u00f3wno w instytucjach, jak i w administracji odpowiedzialnej za ich funkcjonowanie. Zanim zaj\u0119\u0142a si\u0119 zarz\u0105dzaniem kultur\u0105, pracowa\u0142a jako dziennikarka i publicystka w bia\u0142ostockim oddziale Telewizji Polskiej.<\/p>\n<p>P\u00f3\u017aniej pe\u0142ni\u0142a funkcj\u0119 rzecznika prasowego Wojewody Podlaskiego oraz zast\u0119pcy dyrektora Departamentu Edukacji i Kultury w Urz\u0119dzie Marsza\u0142kowskim Wojew\u00f3dztwa Podlaskiego. W tej roli zajmowa\u0142a si\u0119 m.in. nadzorem merytorycznym i finansowym nad instytucjami kultury prowadzonymi przez samorz\u0105d wojew\u00f3dztwa.<\/p>\n<p>Ma\u0142gorzata Bil-Jaruzelska zna tak\u017ce prac\u0119 od strony zarz\u0105dzania plac\u00f3wkami artystycznymi. By\u0142a zast\u0119pc\u0105 dyrektora Teatru Dramatycznego im. Aleksandra W\u0119gierki w Bia\u0142ymstoku, a p\u00f3\u017aniej dyrektorem Bielskiego Domu Kultury. Jest r\u00f3wnie\u017c wsp\u00f3\u0142w\u0142a\u015bcicielk\u0105 i prezesk\u0105 firmy \u201eLUMIERE\u201d sp. z o.o., dzia\u0142aj\u0105cej w bran\u017cy kinowej oraz zajmuj\u0105cej si\u0119 dystrybucj\u0105 i redystrybucj\u0105 kopii filmowych.<\/p>\n<p>Nowa dyrektor OiFP uko\u0144czy\u0142a pedagogik\u0119 kulturoznawcz\u0105 ze specjalizacj\u0105 film na Uniwersytecie w Bia\u0142ymstoku oraz studia podyplomowe z zarz\u0105dzania kultur\u0105 na Uniwersytecie Jagiello\u0144skim.<\/p>\n<p class=\"art-autimg\">\n<p>                            <img decoding=\"async\" class=\"art-autimgi\" src=\"https:\/\/www.europesays.com\/pl\/wp-content\/uploads\/2026\/07\/1784150078_171_avatar_1x.jpg\" alt=\"Diana Rusi\u0142owicz\" width=\"64\" height=\"64\" loading=\"lazy\"\/><\/p>\n<p class=\"art-autname\">Diana Rusi\u0142owicz<\/p>\n<p>24@bialystokonline.pl<\/p>\n<p>Przeczytaj tak\u017ce<\/p>\n<p>&#13;<br \/>\n&#13;<br \/>\n&#13;<br \/>\n<img loading=\"lazy\" decoding=\"async\" src=\"https:\/\/www.europesays.com\/pl\/wp-content\/uploads\/2026\/07\/1784151885_321_adlog.gif\" width=\"0\" height=\"0\" alt=\"\" style=\"width: 0px; height: 0px;\"\/><\/p>\n<p>Popularne dzisiaj<\/p>\n","protected":false},"excerpt":{"rendered":"Fot: Micha\u0142 Heller Zarz\u0105d Wojew\u00f3dztwa Podlaskiego zaakceptowa\u0142 kandydatur\u0119 Ma\u0142gorzaty Bil-Jaruzelskiej na stanowisko dyrektora Opery i Filharmonii Podlaskiej. Nowa&hellip;\n","protected":false},"author":2,"featured_media":558651,"comment_status":"","ping_status":"","sticky":false,"template":"","format":"standard","meta":{"footnotes":"","_share_on_mastodon":"0"},"categories":[51614],"tags":[2151,51731,113,51730,3754,51738,10556,51735,4041,1096,1089,399,17334,51736,2921,3840,110348,51734,8736,1232,120,110347,110346,7116,65824,17265,19285,64717,42,5083,38,40,39,41,6309,1756,8815,38950,123,800,4278,1323,51737,2879,253],"class_list":["post-558650","post","type-post","status-publish","format-standard","has-post-thumbnail","category-bialystok","tag-bialystok","tag-bialystokonline","tag-biznes","tag-bstok","tag-dom","tag-drobne","tag-dyrektor","tag-firm","tag-firmy","tag-hotele","tag-imprezy","tag-informacje","tag-katalog","tag-kina","tag-koncert","tag-lokale","tag-malgorzata-bil-jaruzelskakultura-i-rozrywka","tag-miejski","tag-mieszkanie","tag-motoryzacja","tag-nauka","tag-nowa-dyrektor","tag-nowa-dyrektor-oifp-wybrana-to-ona-pokieruje-instytucja","tag-ogloszenia","tag-oifp","tag-on-line","tag-online","tag-opera-i-filharmonia-podlaska","tag-pl","tag-podlasie","tag-poland","tag-polish","tag-polska","tag-polski","tag-portal","tag-praca","tag-repertuar","tag-rozklad","tag-rozrywka","tag-teatr","tag-turystyka","tag-uroda","tag-urzedy","tag-zakupy","tag-zdrowie"],"share_on_mastodon":{"url":"","error":"Validation failed: Text character limit of 500 exceeded"},"_links":{"self":[{"href":"https:\/\/www.europesays.com\/pl\/wp-json\/wp\/v2\/posts\/558650","targetHints":{"allow":["GET"]}}],"collection":[{"href":"https:\/\/www.europesays.com\/pl\/wp-json\/wp\/v2\/posts"}],"about":[{"href":"https:\/\/www.europesays.com\/pl\/wp-json\/wp\/v2\/types\/post"}],"author":[{"embeddable":true,"href":"https:\/\/www.europesays.com\/pl\/wp-json\/wp\/v2\/users\/2"}],"replies":[{"embeddable":true,"href":"https:\/\/www.europesays.com\/pl\/wp-json\/wp\/v2\/comments?post=558650"}],"version-history":[{"count":0,"href":"https:\/\/www.europesays.com\/pl\/wp-json\/wp\/v2\/posts\/558650\/revisions"}],"wp:featuredmedia":[{"embeddable":true,"href":"https:\/\/www.europesays.com\/pl\/wp-json\/wp\/v2\/media\/558651"}],"wp:attachment":[{"href":"https:\/\/www.europesays.com\/pl\/wp-json\/wp\/v2\/media?parent=558650"}],"wp:term":[{"taxonomy":"category","embeddable":true,"href":"https:\/\/www.europesays.com\/pl\/wp-json\/wp\/v2\/categories?post=558650"},{"taxonomy":"post_tag","embeddable":true,"href":"https:\/\/www.europesays.com\/pl\/wp-json\/wp\/v2\/tags?post=558650"}],"curies":[{"name":"wp","href":"https:\/\/api.w.org\/{rel}","templated":true}]}}