{"id":558919,"date":"2026-07-16T01:08:14","date_gmt":"2026-07-16T01:08:14","guid":{"rendered":"https:\/\/www.europesays.com\/pl\/558919\/"},"modified":"2026-07-16T01:08:14","modified_gmt":"2026-07-16T01:08:14","slug":"asus-rog-xbox-ally-x20-oled-trafi-jednak-do-wolnej-sprzedazy-bez-koniecznosci-zakupu-okularow-ar-rog-xreal-r1","status":"publish","type":"post","link":"https:\/\/www.europesays.com\/pl\/558919\/","title":{"rendered":"ASUS ROG Xbox Ally X20 OLED trafi jednak do wolnej sprzeda\u017cy, bez konieczno\u015bci zakupu okular\u00f3w AR ROG XREAL R1"},"content":{"rendered":"<p><img decoding=\"async\" class=\"teaserfoto\" src=\"https:\/\/www.europesays.com\/pl\/wp-content\/uploads\/2026\/07\/51691.png\" alt=\"ASUS ROG Xbox Ally X20 OLED trafi jednak do wolnej sprzeda\u017cy, bez konieczno\u015bci zakupu okular\u00f3w AR ROG XREAL R1\"\/>Kilka tygodni temu, dok\u0142adnie to podczas targ\u00f3w Computex w Tajpej, firma ASUS zaprezentowa\u0142a specjaln\u0105 wersj\u0119 handhelda ROG Xbox Ally X20, kt\u00f3ra oferuje lepszy wy\u015bwietlacza i unikalny design. Minusem by\u0142a jednak zapowiadana forma dystrybucji, poniewa\u017c urz\u0105dzenie trafi\u0142o do oferty wy\u0142\u0105cznie w formie bundla, a wi\u0119c po\u0142\u0105czonego zestawu sk\u0142adaj\u0105cego si\u0119 z konsoli oraz okular\u00f3w XR ROG XREAL R1. Cho\u0107 pocz\u0105tkowa narracja by\u0142a inna, teraz ASUS potwierdza nadchodz\u0105cy debiut samej konsoli.<\/p>\n<p>ASUS ROG Xbox Ally X20 trafi do sprzeda\u017cy r\u00f3wnie\u017c jako osobne urz\u0105dzenie, bez konieczno\u015bci brania okular\u00f3w AR ROG XREAL R1.<\/p>\n<p><a class=\"colorbox\" href=\"https:\/\/www.purepc.pl\/image\/news\/2026\/07\/15_asus_rog_xbox_ally_x20_oled_trafi_jednak_do_wolnej_sprzedazy_bez_koniecznosci_zakupu_okularow_ar_rog_xreal_r1_0_b.jpg\" rel=\"nofollow noopener\" target=\"_blank\"><img decoding=\"async\" src=\"https:\/\/www.europesays.com\/pl\/wp-content\/uploads\/2026\/07\/15_asus_rog_xbox_ally_x20_oled_trafi_jednak_do_wolnej_sprzedazy_bez_koniecznosci_zakupu_okularow_ar_.jpeg\" alt=\"ASUS ROG Xbox Ally X20 OLED trafi jednak do wolnej sprzeda\u017cy, bez konieczno\u015bci zakupu okular\u00f3w AR ROG XREAL R1 [1]\"\/><\/a><\/p>\n<p><a title=\"Test ASUS ROG Xbox Ally X - Premierowy test handheldu ASUS-a i Microsoftu w wersji z procesorem AMD Ryzen AI Z2 Extreme\" href=\"https:\/\/www.purepc.pl\/test-asus-rog-xbox-ally-x-amd-ryzen-ai-z2-extreme-opinia-recenzja\" rel=\"nofollow noopener\" target=\"_blank\">Test ASUS ROG Xbox Ally X &#8211; Premierowy test handheldu ASUS-a i Microsoftu w wersji z procesorem AMD Ryzen AI Z2 Extreme<\/a><\/p>\n<p>ASUS ROG Xbox Ally X20 w du\u017cej mierze bazuje na tej samej specyfikacji co ubieg\u0142oroczny model <a href=\"https:\/\/www.purepc.pl\/tagi\/rog-xbox-ally-x\" rel=\"nofollow noopener\" target=\"_blank\">ROG Xbox Ally X<\/a>. Mamy zatem do czynienia m.in. z procesorem <a href=\"https:\/\/www.purepc.pl\/tagi\/ryzen-ai-z2-extreme\" rel=\"nofollow noopener\" target=\"_blank\">AMD Ryzen Z2 AI Extreme<\/a>, opartym na 8 rdzeniach (Zen 5 + Zen 5c) oraz na zintegrowanym uk\u0142adzie graficznym AMD Radeon 890M z 16 blokami CU RDNA 3.5. Do tego dochodzi 24 GB pami\u0119ci RAM LPDDR5X 8000 MT\/s oraz 1 TB no\u015bnik SSD PCIe 4.0 x4 NVMe. Pierwsz\u0105 du\u017c\u0105 zmian\u0105 wzgl\u0119dem poprzednika jest wy\u015bwietlacz. ROG Xbox Ally X20 oferuje 7,4&#8243; <a href=\"https:\/\/www.purepc.pl\/tagi\/oled\" rel=\"nofollow noopener\" target=\"_blank\">ekran OLED<\/a> o rozdzielczo\u015bci 1920 x 1080, z pe\u0142nym pokryciem przestrzeni barw DCI-P3 oraz od\u015bwie\u017caniem 120 Hz. Jest to r\u00f3wnie\u017c bardzo jasny wy\u015bwietlacz OLED &#8211; luminancja w SDR si\u0119ga 600 nit\u00f3w na pe\u0142nym ekranie, natomiast szczytowo w HDR jest to 1400 nit\u00f3w.<\/p>\n<p><a class=\"colorbox\" href=\"https:\/\/www.purepc.pl\/image\/news\/2026\/07\/15_asus_rog_xbox_ally_x20_oled_trafi_jednak_do_wolnej_sprzedazy_bez_koniecznosci_zakupu_okularow_ar_rog_xreal_r1_1_b.jpg\" rel=\"nofollow noopener\" target=\"_blank\"><img decoding=\"async\" src=\"https:\/\/www.europesays.com\/pl\/wp-content\/uploads\/2026\/07\/1784164094_540_15_asus_rog_xbox_ally_x20_oled_trafi_jednak_do_wolnej_sprzedazy_bez_koniecznosci_zakupu_okularow_ar_.jpeg\" alt=\"ASUS ROG Xbox Ally X20 OLED trafi jednak do wolnej sprzeda\u017cy, bez konieczno\u015bci zakupu okular\u00f3w AR ROG XREAL R1 [2]\"\/><\/a><\/p>\n<p><a title=\"ASUS ROG Xbox Ally X dzia\u0142a znacznie lepiej z systemem Linux. Mo\u017cna liczy\u0107 na p\u0142ynniejsz\u0105 rozgrywk\u0119 i nie tylko\" href=\"https:\/\/www.purepc.pl\/xbox-ally-x-dziala-lepiej-z-systemem-linux\" rel=\"nofollow noopener\" target=\"_blank\">ASUS ROG Xbox Ally X dzia\u0142a znacznie lepiej z systemem Linux. Mo\u017cna liczy\u0107 na p\u0142ynniejsz\u0105 rozgrywk\u0119 i nie tylko<\/a><\/p>\n<p>Zmodyfikowany jest r\u00f3wnie\u017c wygl\u0105d zewn\u0119trzny konsoli &#8211; na zdj\u0119ciach mo\u017cemy zobaczy\u0107 chocia\u017cby p\u00f3\u0142przezroczyst\u0105 obudow\u0119 w niekt\u00f3rych miejscach na froncie oraz z ty\u0142u, a tak\u017ce dodatkowe elementy informuj\u0105ce o 20-leciu marki Republic of Gamers. Ze wzgl\u0119du na inny typ ekranu, kt\u00f3ry dodatkowo jest nieco wi\u0119kszy oraz zmodyfikowan\u0105 obudow\u0119, od\u015bwie\u017cony ROG Xbox Ally X20 wa\u017cy 756 gram\u00f3w zamiast 715 gram\u00f3w jak w wersji z 2025 roku. Pozosta\u0142a cz\u0119\u015b\u0107 <a href=\"https:\/\/www.purepc.pl\/test-asus-rog-xbox-ally-x-amd-ryzen-ai-z2-extreme-opinia-recenzja\" rel=\"nofollow noopener\" target=\"_blank\">specyfikacji<\/a>, w tym z\u0142\u0105cza, akumulator czy system, s\u0105 identyczne w obu wariantach. Niestety ASUS obecnie dopiero przygotowuje sklepow\u0105 premier\u0119, zatem nie wiemy kiedy dok\u0142adnie urz\u0105dzenie trafi do sklep\u00f3w ani w jakiej cenie.<\/p>\n<p><a class=\"colorbox\" href=\"https:\/\/www.purepc.pl\/image\/news\/2026\/07\/15_asus_rog_xbox_ally_x20_oled_trafi_jednak_do_wolnej_sprzedazy_bez_koniecznosci_zakupu_okularow_ar_rog_xreal_r1_2_b.jpg\" rel=\"nofollow noopener\" target=\"_blank\"><img decoding=\"async\" src=\"https:\/\/www.europesays.com\/pl\/wp-content\/uploads\/2026\/07\/1784164094_795_15_asus_rog_xbox_ally_x20_oled_trafi_jednak_do_wolnej_sprzedazy_bez_koniecznosci_zakupu_okularow_ar_.jpeg\" alt=\"ASUS ROG Xbox Ally X20 OLED trafi jednak do wolnej sprzeda\u017cy, bez konieczno\u015bci zakupu okular\u00f3w AR ROG XREAL R1 [3]\"\/><\/a><\/p>\n<p>\u0179r\u00f3d\u0142o: VideoCardz, The Verge<\/p>\n","protected":false},"excerpt":{"rendered":"Kilka tygodni temu, dok\u0142adnie to podczas targ\u00f3w Computex w Tajpej, firma ASUS zaprezentowa\u0142a specjaln\u0105 wersj\u0119 handhelda ROG Xbox&hellip;\n","protected":false},"author":2,"featured_media":558920,"comment_status":"","ping_status":"","sticky":false,"template":"","format":"standard","meta":{"footnotes":"","_share_on_mastodon":"0"},"categories":[20],"tags":[323,1970,6630,110409,6064,2296,3171,120,118,119,2378,42,38,40,39,41,13885,6067,110410,6069,116,114,115,121,117,3273,2721,330],"class_list":["post-558919","post","type-post","status-publish","format-standard","has-post-thumbnail","category-nauka-i-technika","tag-amd","tag-asus","tag-asus-rog-xbox-ally-x","tag-asus-rog-xbox-ally-x20","tag-handheld","tag-konsola","tag-konsole","tag-nauka","tag-nauka-i-technika","tag-naukatechnika","tag-oled","tag-pl","tag-poland","tag-polish","tag-polska","tag-polski","tag-radeon-890m","tag-rog-xbox-ally-x","tag-rog-xbox-ally-x20","tag-ryzen-ai-z2-extreme","tag-science","tag-science-and-technology","tag-sciencetechnology","tag-technika","tag-technology","tag-windows-11","tag-zapowiedz","tag-zen-5"],"share_on_mastodon":{"url":"https:\/\/pubeurope.com\/@pl\/116926985518412007","error":""},"_links":{"self":[{"href":"https:\/\/www.europesays.com\/pl\/wp-json\/wp\/v2\/posts\/558919","targetHints":{"allow":["GET"]}}],"collection":[{"href":"https:\/\/www.europesays.com\/pl\/wp-json\/wp\/v2\/posts"}],"about":[{"href":"https:\/\/www.europesays.com\/pl\/wp-json\/wp\/v2\/types\/post"}],"author":[{"embeddable":true,"href":"https:\/\/www.europesays.com\/pl\/wp-json\/wp\/v2\/users\/2"}],"replies":[{"embeddable":true,"href":"https:\/\/www.europesays.com\/pl\/wp-json\/wp\/v2\/comments?post=558919"}],"version-history":[{"count":0,"href":"https:\/\/www.europesays.com\/pl\/wp-json\/wp\/v2\/posts\/558919\/revisions"}],"wp:featuredmedia":[{"embeddable":true,"href":"https:\/\/www.europesays.com\/pl\/wp-json\/wp\/v2\/media\/558920"}],"wp:attachment":[{"href":"https:\/\/www.europesays.com\/pl\/wp-json\/wp\/v2\/media?parent=558919"}],"wp:term":[{"taxonomy":"category","embeddable":true,"href":"https:\/\/www.europesays.com\/pl\/wp-json\/wp\/v2\/categories?post=558919"},{"taxonomy":"post_tag","embeddable":true,"href":"https:\/\/www.europesays.com\/pl\/wp-json\/wp\/v2\/tags?post=558919"}],"curies":[{"name":"wp","href":"https:\/\/api.w.org\/{rel}","templated":true}]}}