{"id":559012,"date":"2026-07-16T02:31:16","date_gmt":"2026-07-16T02:31:16","guid":{"rendered":"https:\/\/www.europesays.com\/pl\/559012\/"},"modified":"2026-07-16T02:31:16","modified_gmt":"2026-07-16T02:31:16","slug":"apu-rimak-polska-linia-na-ranrapalca-6162-m","status":"publish","type":"post","link":"https:\/\/www.europesays.com\/pl\/559012\/","title":{"rendered":"\u201eApu Rimak\u201d &#8211; polska linia na Ranrapalca (6162 m)"},"content":{"rendered":"<p>13 lipca zesp\u00f3\u0142 w sk\u0142adzie Wojtek Bojanowski, Krzysztof Zab\u0142otny i Bartosz Zielonacki wytyczy\u0142 now\u0105 lini\u0119 na po\u0142udniowej \u015bcianie Ranrapalca (6162 m) w peruwia\u0144skiej Kordylierze Bia\u0142ej. Powsta\u0142a Apu Rimak (\u201eG\u0142os Ducha G\u00f3ry\u201d) o trudno\u015bciach TD, M4+, WI4, 65\u00b0, max 85\u00b0 i deniwelacji ok. 750 m prowadz\u0105ca na gra\u0144 szczytow\u0105, bez wej\u015bcia na szczyt.<\/p>\n<p><a href=\"https:\/\/wspinanie.pl\/wp-content\/uploads\/2026\/07\/Ranrapalca.jpg\" data-rel=\"lightbox-gallery-SewrONeD\" data-rl_title=\"Przebieg \u201eApu Rimak\u201d (750 m, TD, M4+, WI4, 65\u00b0, max 85\u00b0) na Ranrapalca (6162 m), fot. IG Krzysztof Zab\u0142otny\" data-rl_caption=\"\" title=\"Przebieg \u201eApu Rimak\u201d (750 m, TD, M4+, WI4, 65\u00b0, max 85\u00b0) na Ranrapalca (6162 m), fot. IG Krzysztof Zab\u0142otny\" rel=\"nofollow noopener\" target=\"_blank\"><img fetchpriority=\"high\" decoding=\"async\" class=\"size-large wp-image-306833\" src=\"https:\/\/www.europesays.com\/pl\/wp-content\/uploads\/2026\/07\/Ranrapalca-620x827.jpg\" alt=\"Przebieg \u201eApu Rimak\u201d (750 m, TD, M4+, WI4, 65\u00b0, max 85\u00b0) na Ranrapalca (6162 m), fot. IG Krzysztof Zab\u0142otny\" width=\"620\" height=\"827\"  \/><\/a>Przebieg \u201eApu Rimak\u201d (750 m, TD, M4+, WI4, 65\u00b0, max 85\u00b0) na Ranrapalca (6162 m), fot. IG Krzysztof Zab\u0142otny<\/p>\n<p>\u00a0<\/p>\n<p>W kr\u00f3tkiej relacji czytamy:<\/p>\n<p>Warunki w \u015bcianie by\u0142y bardzo dobre \u2013 twardy \u015bnieg oraz l\u00f3d w \u015bwietnej kondycji pozwoli\u0142y na sprawne prowadzenie wspinaczki. Droga wyprowadza na gra\u0144 szczytow\u0105 oko\u0142o 100 m poni\u017cej wierzcho\u0142ka. Ze wzgl\u0119du na trudne warunki na grani oraz szybko pogarszaj\u0105c\u0105 si\u0119 pogod\u0119 zesp\u00f3\u0142 podj\u0105\u0142 decyzj\u0119 o zako\u0144czeniu wspinaczki i zje\u017adzie \u015bcian\u0105 bez wej\u015bcia na szczyt.<\/p>\n<p>Wyprawa zosta\u0142a zorganizowana w ramach zgrupowania Polskiego Himalaizmu Sportowego oraz Grupy M\u0142odzie\u017cowej PZA, przy wsparciu Polskiego Zwi\u0105zku Alpinizmu i Ministerstwa Sportu i Turystyki. W ramach tej samej wyprawy odnotowali\u015bmy przej\u015bcia:<\/p>\n<p>O szczycie Ranrapalca mieli\u015bmy ostatnio okazj\u0119 pisa\u0107 przy okazji \u015bwietnego zjazdu narciarskiego: <a href=\"https:\/\/wspinanie.pl\/2026\/06\/acceso-momentaneo-zjazd-narciarski-ranrapalca\/\" rel=\"nofollow noopener\" target=\"_blank\">\u201eAcceso Moment\u00e1neo\u201d \u2013 fantastyczna linia narciarska na Ranrapalce w Peru<\/a>.<\/p>\n<p>CIESZ SI\u0118 WSPINANIEM, CIESZ SI\u0118 CZYTANIEM<\/p>\n<p>Mamy nadziej\u0119, \u017ce ten tekst Ci si\u0119 spodoba\u0142, \u017ce Ci\u0119 zainspirowa\u0142, zaciekawi\u0142, dostarczy\u0142 Ci informacji. Je\u015bli tak to zach\u0119camy Ci\u0119 do wsparcia serwisu. Dzi\u0119ki Tobie b\u0119dziemy mogli dzia\u0142a\u0107 jeszcze lepiej. Wielkie dzi\u0119ki! Do zobaczenia na \u015bciance albo w ska\u0142ach.<\/p>\n","protected":false},"excerpt":{"rendered":"13 lipca zesp\u00f3\u0142 w sk\u0142adzie Wojtek Bojanowski, Krzysztof Zab\u0142otny i Bartosz Zielonacki wytyczy\u0142 now\u0105 lini\u0119 na po\u0142udniowej \u015bcianie&hellip;\n","protected":false},"author":2,"featured_media":559013,"comment_status":"","ping_status":"","sticky":false,"template":"","format":"standard","meta":{"footnotes":"","_share_on_mastodon":"0"},"categories":[12],"tags":[7204,3760,8119,42,38,40,39,41,8117,8118,5047],"class_list":["post-559012","post","type-post","status-publish","format-standard","has-post-thumbnail","category-polska","tag-alpinizm","tag-gory","tag-himalaizm","tag-pl","tag-poland","tag-polish","tag-polska","tag-polski","tag-skialpinizm","tag-taternictwo","tag-wspinaczka"],"share_on_mastodon":{"url":"https:\/\/pubeurope.com\/@pl\/116927311893803541","error":""},"_links":{"self":[{"href":"https:\/\/www.europesays.com\/pl\/wp-json\/wp\/v2\/posts\/559012","targetHints":{"allow":["GET"]}}],"collection":[{"href":"https:\/\/www.europesays.com\/pl\/wp-json\/wp\/v2\/posts"}],"about":[{"href":"https:\/\/www.europesays.com\/pl\/wp-json\/wp\/v2\/types\/post"}],"author":[{"embeddable":true,"href":"https:\/\/www.europesays.com\/pl\/wp-json\/wp\/v2\/users\/2"}],"replies":[{"embeddable":true,"href":"https:\/\/www.europesays.com\/pl\/wp-json\/wp\/v2\/comments?post=559012"}],"version-history":[{"count":0,"href":"https:\/\/www.europesays.com\/pl\/wp-json\/wp\/v2\/posts\/559012\/revisions"}],"wp:featuredmedia":[{"embeddable":true,"href":"https:\/\/www.europesays.com\/pl\/wp-json\/wp\/v2\/media\/559013"}],"wp:attachment":[{"href":"https:\/\/www.europesays.com\/pl\/wp-json\/wp\/v2\/media?parent=559012"}],"wp:term":[{"taxonomy":"category","embeddable":true,"href":"https:\/\/www.europesays.com\/pl\/wp-json\/wp\/v2\/categories?post=559012"},{"taxonomy":"post_tag","embeddable":true,"href":"https:\/\/www.europesays.com\/pl\/wp-json\/wp\/v2\/tags?post=559012"}],"curies":[{"name":"wp","href":"https:\/\/api.w.org\/{rel}","templated":true}]}}