{"id":559170,"date":"2026-07-16T04:31:12","date_gmt":"2026-07-16T04:31:12","guid":{"rendered":"https:\/\/www.europesays.com\/pl\/559170\/"},"modified":"2026-07-16T04:31:12","modified_gmt":"2026-07-16T04:31:12","slug":"pozostali-oskarzeni-w-sprawie-zaka-takich-kar-domaga-sie-prokurator","status":"publish","type":"post","link":"https:\/\/www.europesays.com\/pl\/559170\/","title":{"rendered":"Pozostali oskar\u017ceni w sprawie \u017baka. Takich kar domaga si\u0119 prokurator"},"content":{"rendered":"<p>Jutro, 16 lipca, s\u0105d og\u0142osi wyrok dla wszystkich oskar\u017conych w sprawie wypadku, jaki w 2024 r. w Warszawie spowodowa\u0142 \u0141ukasz \u017bak. Jecha\u0142 pijany ponad 200 km na godz. i uderzy\u0142 w auto podr\u00f3\u017cuj\u0105cej rodziny. Zabi\u0142 jedn\u0105 osob\u0119, kilka zosta\u0142o rannych. \u017bak wcze\u015bniej by\u0142 karany za jazd\u0119 po pijanemu, przest\u0119pstwa narkotykowe (do s\u0105du trafi\u0142 akt oskar\u017cenia w takiej sprawie, w kt\u00f3rym zarzuca mu si\u0119 dostarczanie narkotyk\u00f3w w hurtowych ilo\u015bciach).<\/p>\n<p>Wyroki us\u0142ysz\u0105 te\u017c koledzy \u0141ukasza \u017baka. Cz\u0119\u015b\u0107 z nich jecha\u0142a w\u00f3wczas jako pasa\u017cerowie bior\u0105cego udzia\u0142 w wypadku Volkswagena Arteona, cz\u0119\u015b\u0107 jecha\u0142a drugim autem \u2014 Cupr\u0105.<\/p>\n<p>S\u0105 te\u017c osoby, kt\u00f3re nie by\u0142y na miejscu wypadku, ale us\u0142ysza\u0142y zarzuty za pomoc w organizowaniu ucieczki \u0141ukasza \u017baka. Po wypadku oddali\u0142 si\u0119 z miejsca zdarzenia, a potem zosta\u0142 przetransportowany do niemieckiej Lubeki, gdzie trafi\u0142 w r\u0119ce s\u0142u\u017cb.<\/p>\n<p>Oskar\u017cony o poplecznictwo jest Aleksander G. (s\u0105d zgodzi\u0142 si\u0119 na ujawnienie wizerunku wszystkich oskar\u017conych). Prokurator domaga si\u0119 dla niego 1,5 roku wi\u0119zienia.<\/p>\n<p>G. by\u0142 pracownikiem w wypo\u017cyczalni samochod\u00f3w prowadzonej przez Kacpra K. To stamt\u0105d pochodzi\u0142 Volskwagen Arteon, kt\u00f3rym jecha\u0142 \u0141ukasz \u017bak. Nikomu nie przedstawiono zarzut\u00f3w za udost\u0119pnienie pojazdu osobie, kt\u00f3ra nie mia\u0142a uprawnie\u0144 i mia\u0142a cztery s\u0105dowe zakazy prowadzenia pojazd\u00f3w.<\/p>\n<p>Tak\u017ce z tej wypo\u017cyczalni by\u0142a Cupra, kt\u00f3r\u0105 na miejsce wypadku feralnej nocy dojecha\u0142 K. Sam by\u0142 wtedy pijany. Dlatego przed s\u0105dem odpowiada za nieudzielenie pomocy ofiarom wypadku, poplecznictwo i prowadzenie. Prokurator domaga si\u0119 dla niego 3,5 roku wi\u0119zienia.<\/p>\n<p>Aleksander G. zosta\u0142 zatrzymany z innymi osobami w tej sprawie jeszcze we wrze\u015bniu 2024 r., nied\u0142ugo po wypadku. Prokuratura twierdzi, \u017ce mia\u0142 ustala\u0107 plan ucieczki \u017baka z Polski.<\/p>\n<p>\u2014 To jaki\u015b koszmar. Przyszli po syna i go aresztowali. On nie mia\u0142 z tym nic wsp\u00f3lnego. M\u00f3wi\u0105, \u017ce pomaga\u0142 mu w ucieczce. To jaki\u015b absurd \u2014 m\u00f3wi\u0142 &#8222;Faktowi&#8221; ojciec G. Przekonywa\u0142 media, \u017ce jego syn nie bra\u0142 w tym udzia\u0142u.<\/p>\n<p>Aleksander G. wci\u0105\u017c zagro\u017ceniem na drogach<\/p>\n<p>Podczas ostatniej rozprawy przed zapadni\u0119ciem wyroku prokurator Katarzyna Niemiec-Rudnicka wskaza\u0142a, \u017ce nie tylko \u0141ukasz \u017bak, ale i jego koledzy jako kierowcy tworzyli zagro\u017cenie na drogach.<\/p>\n<p>Kacper K., w\u0142a\u015bciciel wypo\u017cyczalni, dzie\u0144 przed tragicznym wypadkiem tym samym Volskwagenem Arteonem spowodowa\u0142 kolizj\u0119 na Rondzie ONZ w Warszawie. Wcze\u015bniej kilkana\u015bcie razy by\u0142 przy\u0142apywany przez policj\u0119 na przekraczaniu dozwolonej pr\u0119dko\u015bci.<\/p>\n<p>Problemy z prawem na drodze mia\u0142 te\u017c Miko\u0142aj N., kt\u00f3ry dojecha\u0142 na miejsce wypadku \u017baka jako pasa\u017cer Cupry. Na miejscu nigdy nie wezwa\u0142 pomocy, cho\u0107 wykonywa\u0142 przez telefon wiele po\u0142\u0105cze\u0144. Wed\u0142ug prokuratury by\u0142 jednym z inicjator\u00f3w ucieczki \u017baka, mia\u0142 wraz z innymi popycha\u0107 go na jezdni, by ten zacz\u0105\u0142 ucieka\u0107. Nie ni\u00f3s\u0142 te\u017c pomocy ludziom rannym. Za to prokuratura domaga si\u0119 dla niego 3 lat wi\u0119zienia.<\/p>\n<p>Jak ujawni\u0142a prokuratura, Miko\u0142aj N. wcze\u015bniej skazany ju\u017c by\u0142 przez s\u0105d nie tylko za prowadzenie pojazdu pod wp\u0142ywem alkoholu, ale tak\u017ce za \u0142amanie s\u0105dowego zakazu prowadzenia pojazd\u00f3w.<\/p>\n<p>Aleksander G. by\u0142 karany wcze\u015bniej za przest\u0119pstwa zwi\u0105zane z narkotykami. Na drodze te\u017c mia\u0142 problemy. W przesz\u0142o\u015bci spowodowa\u0142 wypadek drogowy. Po tym, jak m\u00f3g\u0142 ju\u017c opu\u015bci\u0107 areszt \u015bledczy w sprawie \u017baka, za kierownic\u0105 nie zmieni\u0142 swoich zachowa\u0144. Zosta\u0142 z\u0142apany przez policj\u0119 na drastycznym przekroczeniu dopuszczalnej pr\u0119dko\u015bci \u2014 o ponad 60 km na godz. W kwietniu dosta\u0142 kolejny mandat za przekroczenie pr\u0119dko\u015bci.<\/p>\n<p>\u2014 Nikomu z nich tej nocy 2024 r. nie przeszkadza\u0142o, \u017ce wioz\u0105 ich pijani kierowcy. Bo oni wszyscy tak je\u017adzili i je\u017cd\u017c\u0105 tak nadal \u2014 podsumowa\u0142a w s\u0105dzie prokurator Katarzyna Niemiec-Rudnicka.<\/p>\n","protected":false},"excerpt":{"rendered":"Jutro, 16 lipca, s\u0105d og\u0142osi wyrok dla wszystkich oskar\u017conych w sprawie wypadku, jaki w 2024 r. w Warszawie&hellip;\n","protected":false},"author":2,"featured_media":559171,"comment_status":"","ping_status":"","sticky":false,"template":"","format":"standard","meta":{"footnotes":"","_share_on_mastodon":"0"},"categories":[12],"tags":[61195,12359,32,33,36,37,27,34,35,1232,28,31,48,25,46,55,42,38,40,39,41,47,29,30,26],"class_list":["post-559170","post","type-post","status-publish","format-standard","has-post-thumbnail","category-polska","tag-bottomfeed_styl","tag-brd24pl","tag-breaking-news","tag-breakingnews","tag-featured-news","tag-featurednews","tag-headlines","tag-latest-news","tag-latestnews","tag-motoryzacja","tag-naglowki","tag-najwazniejsze-artykuly","tag-nat_styl","tag-news","tag-omp","tag-phx","tag-pl","tag-poland","tag-polish","tag-polska","tag-polski","tag-screening_general","tag-top-stories","tag-topstories","tag-wiadomosci"],"share_on_mastodon":{"url":"https:\/\/pubeurope.com\/@pl\/116927784577980508","error":""},"_links":{"self":[{"href":"https:\/\/www.europesays.com\/pl\/wp-json\/wp\/v2\/posts\/559170","targetHints":{"allow":["GET"]}}],"collection":[{"href":"https:\/\/www.europesays.com\/pl\/wp-json\/wp\/v2\/posts"}],"about":[{"href":"https:\/\/www.europesays.com\/pl\/wp-json\/wp\/v2\/types\/post"}],"author":[{"embeddable":true,"href":"https:\/\/www.europesays.com\/pl\/wp-json\/wp\/v2\/users\/2"}],"replies":[{"embeddable":true,"href":"https:\/\/www.europesays.com\/pl\/wp-json\/wp\/v2\/comments?post=559170"}],"version-history":[{"count":0,"href":"https:\/\/www.europesays.com\/pl\/wp-json\/wp\/v2\/posts\/559170\/revisions"}],"wp:featuredmedia":[{"embeddable":true,"href":"https:\/\/www.europesays.com\/pl\/wp-json\/wp\/v2\/media\/559171"}],"wp:attachment":[{"href":"https:\/\/www.europesays.com\/pl\/wp-json\/wp\/v2\/media?parent=559170"}],"wp:term":[{"taxonomy":"category","embeddable":true,"href":"https:\/\/www.europesays.com\/pl\/wp-json\/wp\/v2\/categories?post=559170"},{"taxonomy":"post_tag","embeddable":true,"href":"https:\/\/www.europesays.com\/pl\/wp-json\/wp\/v2\/tags?post=559170"}],"curies":[{"name":"wp","href":"https:\/\/api.w.org\/{rel}","templated":true}]}}