{"id":559771,"date":"2026-07-16T11:09:11","date_gmt":"2026-07-16T11:09:11","guid":{"rendered":"https:\/\/www.europesays.com\/pl\/559771\/"},"modified":"2026-07-16T11:09:11","modified_gmt":"2026-07-16T11:09:11","slug":"radio-wroclaw-gra-z-glogowa-para-dla-dolnego-slaska-na-zywo-z-rynku","status":"publish","type":"post","link":"https:\/\/www.europesays.com\/pl\/559771\/","title":{"rendered":"Radio Wroc\u0142aw gra z G\u0142ogowa. &#8222;Para dla Dolnego \u015al\u0105ska&#8221; na \u017cywo z Rynku"},"content":{"rendered":"<p>Zagl\u0105damy do s\u0142ynnej g\u0142ogowskiej dziury<\/p>\n<p>Fot. \u0141ukasz Januszewski<\/p>\n<p>Dzisiaj nasz\u0105 anten\u0119 przejmuje G\u0142og\u00f3w. &#8222;Para dla Dolnego \u015al\u0105ska&#8221; nie tylko odwiedzi najciekawsze miejsca w mie\u015bcie, ale i spotka si\u0119 ze s\u0142uchaczami, z kt\u00f3rymi wsp\u00f3lnie poprowadzi nasz popo\u0142udniowy program. Zobaczcie relacj\u0119 z naszej wizyty w G\u0142ogowie.<\/p>\n<p style=\"text-align: justify;\">16 lipca Nasze Radio jest w G\u0142ogowie. Od rana na antenie Radia Wroc\u0142aw m\u00f3wimy o wa\u017cnych dla mieszka\u0144c\u00f3w tego miasta sprawach, jak\u00a0<a href=\"https:\/\/www.radiowroclaw.pl\/articles\/view\/162315\/Niepokojacy-wzrost-zawartosci-arsenu-w-powietrzu-nad-Glogowem-Przekroczono-dopuszczalne-normy-o-1-3\" rel=\"nofollow noopener\" target=\"_blank\">wzrost zawarto\u015bci arsenu w powietrzu<\/a> czy <a href=\"https:\/\/www.radiowroclaw.pl\/articles\/view\/162317\/Ostrow-Tumski-w-Glogowie-zmieni-sie-nie-do-poznania-Bedzie-to-najwieksza-inwestcja-od-czasu-odbudowy-Starego-Miasta-1\" rel=\"nofollow noopener\" target=\"_blank\">planach inwestycyjnych na g\u0142ogowskim Ostrowie Tumskim<\/a>. Ida G\u00f3rska i Krzysztof Jano\u015b, czyli sk\u0142ad &#8222;Pary dla Dolnego \u015al\u0105ska&#8221; osobi\u015bcie sprawdzi te\u017c, czym \u017cyj\u0105 G\u0142ogowianie. Od 12.00 nasz\u0105 ekip\u0119 b\u0119dzie mo\u017cna spotka\u0107 w czasie spaceru po mie\u015bcie i opowiedzie\u0107 im o lokalnych sprawach. O godz. 13.00 go\u015bciem w programie Kazul z Gwiazdami b\u0119dzie aktor Sebastian Stankiewicz, rodowity G\u0142ogowianin.<\/p>\n<p style=\"text-align: justify;\">W tym czasie w Rynku stanie nasze mobilne studio, z kt\u00f3rego od godz. 12.00 na \u017cywo nadamy popo\u0142udniowy program. W\u015br\u00f3d go\u015bci b\u0119dzie Rafael Rokaszewicz, prezydent G\u0142ogowa, kt\u00f3remu pytania mog\u0105 zadawa\u0107 sami mieszka\u0144cy. Oko\u0142o godz. 18.00 radiowy mikrofon przejm\u0105 gospelowi ch\u00f3rzy\u015bci z zespo\u0142u &#8222;Skrzyd\u0142a&#8221;. W Sportowych Emocjach powiemy z kolei porozmawiamy z \u0141ukaszem Becell\u0105 o planach Chrobrego G\u0142og\u00f3w na nadchodz\u0105cy sezon, a o swoim sportowym zaci\u0119ciu opowie Jerzy G\u00f3rski, ultramarato\u0144czyk i triatlonista.<\/p>\n<p>Byli\u015bmy przy s\u0142ynnej g\u0142ogowskiej dziurze<\/p>\n<p>Czy wielka dziura otoczona p\u0142otem w sercu zabytkowej star\u00f3wki mo\u017ce by\u0107 atrakcj\u0105 turystyczn\u0105? Wed\u0142ug internetowych przewodnik\u00f3w mo\u017ce i to z ocen\u0105 3,6! Tak jest w G\u0142ogowie przed ratuszem.<\/p>\n<p>Blisko 50-cioarowa dzia\u0142ka. Na czym polega ten fenomen? Nasz reporter zapyta\u0142 mieszka\u0144c\u00f3w G\u0142ogowa:<\/p>\n<p>&#8211; Z tego co mi wiadomo to jest teren prywatny i ten kto\u015b nie chce tego odsprzeda\u0107 miastu. Sobie tylko przyje\u017cd\u017ca, kosi i tyle.<\/p>\n<p>&#8211; A to rzeczywi\u015bcie jest atrakcja turystyczna, tak jak internet podpowiada?<\/p>\n<p>&#8211; No z tego co widzimy jak w\u0142a\u015bnie przyje\u017cd\u017caj\u0105 tutaj, no to zagl\u0105daj\u0105 tutaj faktycznie w t\u0119 dziur\u0119 tury\u015bci.<\/p>\n<p>&#13;<br \/>\n\t\t\t\t\t\t\t\t\t\tAby ods\u0142ucha\u0107 za\u0142\u0105czonego d\u017awi\u0119ku zaktualizuj przegl\u0105dark\u0119 lub\/i wtyczk\u0119 Adobe Flash Player.&#13;\n\t\t\t\t\t\t\t\t\t<\/p>\n<p>Miasto wielokrotnie pr\u00f3bowa\u0142o odkupi\u0107 teren od prywatnego inwestora &#8211; bez efektu.<\/p>\n<p>G\u0142ogowska dziura ma szans\u0119 przyci\u0105ga\u0107 turyst\u00f3w jeszcze przez wiele lat. Naczelny S\u0105d Administracyjny uzna\u0142 bowiem, \u017ce prawa w\u0142a\u015bciciela area\u0142u stoj\u0105 wy\u017cej ni\u017c interes miasta. Od momentu zako\u0144czenia procesu w\u0142a\u015bciciel nie reaguje na pr\u00f3by kontakt\u00f3w podejmowane przez samorz\u0105dowc\u00f3w.<\/p>\n<p><img decoding=\"async\" style=\"margin: 5px auto; width: 75%; float: none; display: block;\" src=\"https:\/\/www.europesays.com\/pl\/wp-content\/uploads\/2026\/07\/Radio-Wroclaw-gra-z-Glogowa-Para-dla-Dolnego-Slaska-na-zywo-z-Rynku-9-6a58ac93e6393-i9.jpg\" alt=\"\"\/><\/p>\n<p style=\"text-align: justify;\"><a href=\"https:\/\/www.radiowroclaw.pl\/articles\/view\/162317\/Ostrow-Tumski-w-Glogowie-zmieni-sie-nie-do-poznania-Bedzie-to-najwieksza-inwestcja-od-czasu-odbudowy-Starego-Miasta-1\" target=\"_blank\" rel=\"nofollow noopener\"><img decoding=\"async\" style=\"margin: 5px 0px 5px 0px; width: 100%; float: none;\" src=\"https:\/\/www.europesays.com\/pl\/wp-content\/uploads\/2026\/07\/Radio-Wroclaw-gra-z-Glogowa-Para-dla-Dolnego-Slaska-na-zywo-z-Rynku-1-6a58a0d34e5dd-gb1.jpg\" alt=\"\"\/><\/a><\/p>\n","protected":false},"excerpt":{"rendered":"Zagl\u0105damy do s\u0142ynnej g\u0142ogowskiej dziury Fot. \u0141ukasz Januszewski Dzisiaj nasz\u0105 anten\u0119 przejmuje G\u0142og\u00f3w. &#8222;Para dla Dolnego \u015al\u0105ska&#8221; nie&hellip;\n","protected":false},"author":2,"featured_media":559772,"comment_status":"","ping_status":"","sticky":false,"template":"","format":"standard","meta":{"footnotes":"","_share_on_mastodon":"0"},"categories":[51607],"tags":[56967,81139,110581,475,34720,7763,42,38,40,39,41,7998,34722,51722,1853,44413,79354],"class_list":["post-559771","post","type-post","status-publish","format-standard","has-post-thumbnail","category-wroclaw","tag-dla","tag-dolnego","tag-glogowa","tag-gra","tag-na","tag-para","tag-pl","tag-poland","tag-polish","tag-polska","tag-polski","tag-radio","tag-rynku","tag-slaska","tag-wroclaw","tag-z","tag-zywo"],"share_on_mastodon":{"url":"https:\/\/pubeurope.com\/@pl\/116929349530044807","error":""},"_links":{"self":[{"href":"https:\/\/www.europesays.com\/pl\/wp-json\/wp\/v2\/posts\/559771","targetHints":{"allow":["GET"]}}],"collection":[{"href":"https:\/\/www.europesays.com\/pl\/wp-json\/wp\/v2\/posts"}],"about":[{"href":"https:\/\/www.europesays.com\/pl\/wp-json\/wp\/v2\/types\/post"}],"author":[{"embeddable":true,"href":"https:\/\/www.europesays.com\/pl\/wp-json\/wp\/v2\/users\/2"}],"replies":[{"embeddable":true,"href":"https:\/\/www.europesays.com\/pl\/wp-json\/wp\/v2\/comments?post=559771"}],"version-history":[{"count":0,"href":"https:\/\/www.europesays.com\/pl\/wp-json\/wp\/v2\/posts\/559771\/revisions"}],"wp:featuredmedia":[{"embeddable":true,"href":"https:\/\/www.europesays.com\/pl\/wp-json\/wp\/v2\/media\/559772"}],"wp:attachment":[{"href":"https:\/\/www.europesays.com\/pl\/wp-json\/wp\/v2\/media?parent=559771"}],"wp:term":[{"taxonomy":"category","embeddable":true,"href":"https:\/\/www.europesays.com\/pl\/wp-json\/wp\/v2\/categories?post=559771"},{"taxonomy":"post_tag","embeddable":true,"href":"https:\/\/www.europesays.com\/pl\/wp-json\/wp\/v2\/tags?post=559771"}],"curies":[{"name":"wp","href":"https:\/\/api.w.org\/{rel}","templated":true}]}}