{"id":559891,"date":"2026-07-16T12:16:10","date_gmt":"2026-07-16T12:16:10","guid":{"rendered":"https:\/\/www.europesays.com\/pl\/559891\/"},"modified":"2026-07-16T12:16:10","modified_gmt":"2026-07-16T12:16:10","slug":"dziennikarka-tvp-info-przeprowadzala-w-sejmie-wywiad-wicemarszalek-sejmu-nie-wytrzymala","status":"publish","type":"post","link":"https:\/\/www.europesays.com\/pl\/559891\/","title":{"rendered":"Dziennikarka TVP Info przeprowadza\u0142a w Sejmie wywiad. Wicemarsza\u0142ek Sejmu nie wytrzyma\u0142a"},"content":{"rendered":"<p>W czwartek minister finans\u00f3w i gospodarki Andrzej Doma\u0144ski przekaza\u0142, \u017ce z przeprowadzonych audyt\u00f3w wynika, i\u017c w latach 2020-2023 dosz\u0142o do powa\u017cnych nieprawid\u0142owo\u015bci dotycz\u0105cych wydatkowania \u015brodk\u00f3w publicznych. Maj\u0105 one dotyczy\u0107 kwoty a\u017c 120 mld z\u0142. W Polsce rz\u0105dzi\u0142 w\u00f3wczas PiS.<\/p>\n<p>Chwil\u0119 po tym, jak informacja ta zosta\u0142a upubliczniona, dziennikarka TVP Info Karolina Opolska pr\u00f3bowa\u0142a o niej porozmawia\u0107 z pos\u0142em PiS i by\u0142ym ministrem rolnictwa i rozwoju wsi Robertem Telusem. Rozmowa odbywa\u0142a si\u0119 na galerii w sali plenarnej w trakcie obrad Sejmu i by\u0142a transmitowana na \u017cywo.<\/p>\n<p>      Dalszy ci\u0105g artyku\u0142u pod materia\u0142em wideo Wicemarsza\u0142ek nagle przerwa\u0142a obrady Sejmu. Powodem wywiad Roberta Telusa i dziennikarki TVP Info<\/p>\n<p>W pewnym momencie dyskusj\u0119 dziennikarki i polityka przerwa\u0142a wicemarsza\u0142ek Sejmu Monika Wielichowska, prosz\u0105c ich, aby ciszej rozmawiali.<\/p>\n<blockquote class=\"ods-o-quote\">\n<p class=\"ods-o-quote__paragraph\">Nie wiem, jak pa\u0144stwo, ale ja mam wra\u017cenie, \u017ce nie uczestnicz\u0119 w bie\u017c\u0105cych informacjach, tylko w programie, w kt\u00f3rym uczestniczy pan pose\u0142 Telus. S\u0142ysz\u0119 pana Telusa, a nie s\u0142ysza\u0142am pani pose\u0142 Matysiak<\/p>\n<\/blockquote>\n<p>\u2014 powiedzia\u0142a Monika Wielichowska.<\/p>\n<p>Po chwili zwr\u00f3ci\u0142a si\u0119 do Roberta Telusa z pro\u015bb\u0105, aby ciszej rozmawia\u0142. Pose\u0142 PiS nie s\u0142ysza\u0142 jej jednak. Dopiero gdy wicemarsza\u0142ek Sejmu podnios\u0142a g\u0142os, polityk odwr\u00f3ci\u0142 si\u0119, przepraszaj\u0105c.<\/p>\n<blockquote class=\"ods-o-quote\">\n<p class=\"ods-o-quote__paragraph\">Bardzo przepraszamy, ponios\u0142a nas dyskusja<\/p>\n<\/blockquote>\n<p>\u2014 powiedzia\u0142a dziennikarka TVP Info, zwracaj\u0105c si\u0119 do widz\u00f3w.<\/p>\n<blockquote class=\"ods-o-quote\">\n<p class=\"ods-o-quote__paragraph\">Ju\u017c bardzo przepraszamy, b\u0119dziemy ciszej<\/p>\n<\/blockquote>\n<p>\u2014 doda\u0142a Karolina Opolska, tym razem zwracaj\u0105c si\u0119 do wicemarsza\u0142ek Sejmu.<\/p>\n<p>Po chwili te same s\u0142owa powt\u00f3rzy\u0142 Robert Telus.<\/p>\n<p> Kulisy zamkni\u0119tego spotkania premiera. Tusk przepowiedzia\u0142 koniec Kaczy\u0144skiego   <img class=\"ods-a-photo ods-a-photo--background\" src=\"https:\/\/www.europesays.com\/pl\/wp-content\/uploads\/2026\/07\/1784204170_286_j05k9lBaHR0cHM6Ly9vY2RuLmV1L3B1bHNjbXMvTURBXy9iNTY5ZTQ5Mjg2YWJkODRkMmQ5MWQxMDkxZWJkYWM1Ni5wbmeRlQLNA.jpeg\" height=\"253\" width=\"450\" alt=\"Donald Tusk i Jaros\u0142aw Kaczy\u0144ski\" loading=\"lazy\" fetchpriority=\"low\" decoding=\"async\"\/>  <\/p>\n","protected":false},"excerpt":{"rendered":"W czwartek minister finans\u00f3w i gospodarki Andrzej Doma\u0144ski przekaza\u0142, \u017ce z przeprowadzonych audyt\u00f3w wynika, i\u017c w latach 2020-2023&hellip;\n","protected":false},"author":2,"featured_media":559892,"comment_status":"","ping_status":"","sticky":false,"template":"","format":"standard","meta":{"footnotes":"","_share_on_mastodon":"0"},"categories":[12],"tags":[61195,32,33,36,37,27,49,34,35,67029,28,31,48,25,46,529,42,38,40,39,41,17650,47,423,20188,29,30,26],"class_list":["post-559891","post","type-post","status-publish","format-standard","has-post-thumbnail","category-polska","tag-bottomfeed_styl","tag-breaking-news","tag-breakingnews","tag-featured-news","tag-featurednews","tag-headlines","tag-kraj","tag-latest-news","tag-latestnews","tag-monika_wielichowska","tag-naglowki","tag-najwazniejsze-artykuly","tag-nat_styl","tag-news","tag-omp","tag-pis","tag-pl","tag-poland","tag-polish","tag-polska","tag-polski","tag-robert_telus","tag-screening_general","tag-sejm","tag-spiecie","tag-top-stories","tag-topstories","tag-wiadomosci"],"share_on_mastodon":{"url":"https:\/\/pubeurope.com\/@pl\/116929612255131213","error":""},"_links":{"self":[{"href":"https:\/\/www.europesays.com\/pl\/wp-json\/wp\/v2\/posts\/559891","targetHints":{"allow":["GET"]}}],"collection":[{"href":"https:\/\/www.europesays.com\/pl\/wp-json\/wp\/v2\/posts"}],"about":[{"href":"https:\/\/www.europesays.com\/pl\/wp-json\/wp\/v2\/types\/post"}],"author":[{"embeddable":true,"href":"https:\/\/www.europesays.com\/pl\/wp-json\/wp\/v2\/users\/2"}],"replies":[{"embeddable":true,"href":"https:\/\/www.europesays.com\/pl\/wp-json\/wp\/v2\/comments?post=559891"}],"version-history":[{"count":0,"href":"https:\/\/www.europesays.com\/pl\/wp-json\/wp\/v2\/posts\/559891\/revisions"}],"wp:featuredmedia":[{"embeddable":true,"href":"https:\/\/www.europesays.com\/pl\/wp-json\/wp\/v2\/media\/559892"}],"wp:attachment":[{"href":"https:\/\/www.europesays.com\/pl\/wp-json\/wp\/v2\/media?parent=559891"}],"wp:term":[{"taxonomy":"category","embeddable":true,"href":"https:\/\/www.europesays.com\/pl\/wp-json\/wp\/v2\/categories?post=559891"},{"taxonomy":"post_tag","embeddable":true,"href":"https:\/\/www.europesays.com\/pl\/wp-json\/wp\/v2\/tags?post=559891"}],"curies":[{"name":"wp","href":"https:\/\/api.w.org\/{rel}","templated":true}]}}