{"id":559910,"date":"2026-07-16T12:29:17","date_gmt":"2026-07-16T12:29:17","guid":{"rendered":"https:\/\/www.europesays.com\/pl\/559910\/"},"modified":"2026-07-16T12:29:17","modified_gmt":"2026-07-16T12:29:17","slug":"szymon-weirauch-bramkarz-lechii-gdansk-juz-nie-czuje-ze-sie-cofa","status":"publish","type":"post","link":"https:\/\/www.europesays.com\/pl\/559910\/","title":{"rendered":"Szymon Weirauch bramkarz Lechii Gda\u0144sk ju\u017c nie czuje, \u017ce si\u0119 cofa"},"content":{"rendered":"<p>            <a href=\"https:\/\/s-trojmiasto.pl\/zdj\/c\/n\/9\/4372\/1920x0\/4372828-Szymon-Weirauch-jest-od-dwoch-lat-bramkarzem-Lechii-Gdansk.webp\" target=\"_blank\" data-slide-name=\"851370\" data-lightbox-target=\"photo full\" data-sub-html=\"&lt;h4&gt;Szymon Weirauch jest od dw\u00f3ch lat bramkarzem Lechii Gda\u0144sk.&lt;\/h4&gt;&lt;p&gt;fot. Mateusz S\u0142odkowski\/Trojmiasto.pl&lt;\/p&gt;&#010;\" class=\"photoMarker__link\" data-filter-brightness=\"brightness--100\" rel=\"nofollow noopener\"><\/p>\n<p>    <img decoding=\"async\" style=\"height:500px; aspect-ratio: 1.49775\/1; filter:brightness(1);\" alt=\"Szymon Weirauch jest od dw\u00f3ch lat bramkarzem Lechii Gda\u0144sk.\" src=\"https:\/\/www.europesays.com\/pl\/wp-content\/uploads\/2026\/07\/4372828-Szymon-Weirauch-jest-od-dwoch-lat-bramkarzem-Lechii-Gdansk.webp\" class=\"photoMarker__img \" data-slider=\"img\" fetchpriority=\"high\"\/><\/p>\n<p>            <\/a><\/p>\n<p class=\"lead\">&#8211; Nie by\u0142o mi\u0119dzy nami rywalizacji. Przyszed\u0142 trener z\u00a0nowym podej\u015bciem i\u00a0do\u015bwiadczeniem, kt\u00f3ry precyzyjnie i\u00a0dok\u0142adnie t\u0142umaczy, co mam robi\u0107 i\u00a0czemu to s\u0142u\u017cy. Jestem pozytywnie nastawiony, czuj\u0119 \u015bwie\u017c\u0105 energi\u0119 i\u00a0\u017ce forma ro\u015bnie. Licz\u0119 na dobre mecze, my\u015bl\u0119, \u017ce ta I\u00a0liga to nie koniec \u015bwiata &#8211; m\u00f3wi nam Szymon Weirauch, bramkarz <a href=\"https:\/\/www.trojmiasto.pl\/sport\/Lechia-Gdansk\" class=\"parse-link\" title=\"Lechia Gda\u0144sk\" rel=\"nofollow noopener\" target=\"_blank\">Lechii Gda\u0144sk<\/a>. M\u0142ody golkiper porusza m.in. kwestie rywalizacji, a\u00a0raczej jej braku, z\u00a0Aleksem Paulsenem (zagra w\u00a0szkockim Motherwell), typuje zwyci\u0119zc\u0119 mundialu, m\u00f3wi o\u00a0d\u0142ugiej oraz minorowej podr\u00f3\u017cy z\u00a0Niecieczy do Gda\u0144ska i\u00a0nadziejach Lechii na nowy sezon. <\/p>\n<p>Maciej S\u0142omi\u0144ski: Patrz\u0105c na t\u0119 fal\u0119 odej\u015b\u0107 i\u00a0to, co dzieje si\u0119 dooko\u0142a, chcia\u0142em na pocz\u0105tek zapyta\u0107, czy zostajesz w\u00a0Lechii Gda\u0144sk? <\/p>\n<p>Szymon Weirauch: Tak, planuj\u0119 zosta\u0107 i\u00a0bardzo licz\u0119 na to, \u017ce uda mi si\u0119 w\u00a0ko\u0144cu z\u0142apa\u0107 rytm meczowy i\u00a0rozegra\u0107 pe\u0142en sezon. <\/p>\n<p><a href=\"https:\/\/www.trojmiasto.pl\/sport\/Alvis-Jaunzems-opusci-Lechie-Gdansk-Jakub-Adkonis-podpisze-kontrakt-n222591.html\" data-tklik=\"785037\" class=\"marker-news component newsMarker\" rel=\"nofollow noopener\" target=\"_blank\"><br \/>\n            <img decoding=\"async\" src=\"https:\/\/www.europesays.com\/pl\/wp-content\/uploads\/2026\/07\/4369717__kr.webp\" alt=\"Alvis Jaunzems opu\u015bci Lechi\u0119 Gda\u0144sk\" class=\"lazy newsMarker__img\"\/><br \/>\n        Alvis Jaunzems opu\u015bci Lechi\u0119 Gda\u0144sk<br \/>\n<\/a><\/p>\n<p>Na ile w\u00a0poprzednim sezonie by\u0142o realne twoje odej\u015bcie? M\u00f3wi\u0142o si\u0119 m.in. o\u00a0transferze medycznym do Piasta Gliwice. <\/p>\n<p>S\u0142ysza\u0142em o\u00a0jakich\u015b zapytaniach, ale z\u00a0tego co wiem, by\u0142y one od razu ucinane przez Lechi\u0119 Gda\u0144sk.<\/p>\n<p>Jak sobie zatem radzi\u0142e\u015b z\u00a0do\u015b\u0107 patow\u0105 sytuacj\u0105, bez szans na gr\u0119? Alex Paulsen nie ol\u015bniewa\u0142 postaw\u0105, a\u00a0i tak co tydzie\u0144 wychodzi\u0142 w\u00a0sk\u0142adzie.<\/p>\n<p>Najwi\u0119ksze wsparcie mia\u0142em w\u00a0Bogdanie Sarnawskim. Na pocz\u0105tku mojego pobytu w\u00a0Gda\u0144sku nie byli\u015bmy wielkimi kolegami, ale im dalej w\u00a0las, tym lepiej si\u0119 dogadywali\u015bmy. Nasza sytuacja by\u0142a podobna, dlatego na treningach wsp\u00f3lnie walczyli\u015bmy o\u00a0to, aby by\u0107 w\u00a0jak najlepszej formie. Jako \u017ce nie mia\u0142em wielkich szans na gr\u0119, to by\u0142o trenowanie bardziej dla samorozwoju ni\u017c dla przekonania trener\u00f3w.<\/p>\n<p>\n        Zawodnik<\/p>\n<p>        3.08&lt;\\\/b&gt;  (87 ocen)<br \/>LECHIA Gda\\u0144sk &#8211; Lech Pozna\\u0144 3:4&lt;\\\/b&gt;<br \/>26 lipca 2025&#8243;,&#8221;\\u015br. ocena: 5.18&lt;\\\/b&gt;  (83 oceny)<br \/>Cracovia &#8211; LECHIA GDA\\u0143SK 2:2&lt;\\\/b&gt;<br \/>3 sierpnia 2025&#8243;,&#8221;\\u015br. ocena: 3.26&lt;\\\/b&gt;  (113 ocen)<br \/>LECHIA GDA\\u0143SK &#8211; Motor Lublin 3:3&lt;\\\/b&gt;<br \/>11 sierpnia 2025&#8243;,&#8221;\\u015br. ocena: 1.79&lt;\\\/b&gt;  (102 oceny)<br \/>Zag\\u0142\\u0119bie Lubin &#8211; LECHIA GDA\\u0143SK 6:2&lt;\\\/b&gt;<br \/>15 sierpnia 2025&#8243;,&#8221;\\u015br. ocena: 5.12&lt;\\\/b&gt;  (191 ocen)<br \/>LECHIA Gda\\u0144sk &#8211; ARKA Gdynia 1:0&lt;\\\/b&gt;<br \/>24 sierpnia 2025&#8243;,&#8221;\\u015br. ocena: 3.84&lt;\\\/b&gt;  (143 oceny)<br \/>LECHIA Gda\\u0144sk &#8211; Widzew \\u0141\\u00f3d\\u017a  2:1&lt;\\\/b&gt;<br \/>8 listopada 2025&#8243;,&#8221;\\u015br. ocena: 3.31&lt;\\\/b&gt;  (90 ocen)<br \/>Legia Warszawa &#8211; LECHIA Gda\\u0144sk 2:2&lt;\\\/b&gt;<br \/>22 listopada 2025&#8243;,&#8221;\\u015br. ocena: 4.48&lt;\\\/b&gt;  (161 ocen)<br \/>LECHIA Gda\\u0144sk &#8211; Bruk-Bet Termalica Nieciecza 5:1&lt;\\\/b&gt;<br \/>29 listopada 2025&#8243;,&#8221;\\u015br. ocena: 2.02&lt;\\\/b&gt;  (124 oceny)<br \/>Bruk-Bet Termalica Nieciecza  &#8211; LECHIA Gda\\u0144sk 3:2&lt;\\\/b&gt;<br \/>23 maja 2026&#8243;],&#8221;notes&#8221;:[3.0800000000000001,5.1799999999999997,3.2599999999999998,1.79,5.1200000000000001,3.8399999999999999,3.3100000000000001,4.4800000000000004,2.02],&#8221;title&#8221;:&#8221;Kolejne mecze w sezonie 2025\\\/2026&#8243;}&#8221;&gt;<\/p>\n<p>                    \u015arednie oceny w kolejnych meczach sezonu<\/p>\n<p>                    <a href=\"https:\/\/www.trojmiasto.pl\/sport\/Lechia-Gdansk-Szymon-Weirauch-o3562.html?sezon=2025\/2026&amp;wykres=mecz#cn\" rel=\"nofollow noopener\" target=\"_blank\">wi\u0119cej <\/a>    <\/p>\n<p>Nawzajem z\u00a0Bodziem si\u0119 nakr\u0119cali\u015bmy, \u017ceby w\u00a0kolejnym tygodniu pokaza\u0107 dobr\u0105 form\u0119. Ze strony trenera bramkarzy nie by\u0142o \u017cadnego sygna\u0142u w\u00a0stylu: &#8222;ch\u0142opaki pracujcie, a\u00a0dostaniecie szans\u0119&#8221;. <\/p>\n<p>Czy pierwszy trener, John Carver, t\u0142umaczy\u0142 panu hierarchi\u0119 w\u00a0bramce?<\/p>\n<p>Ostatnim meczem, w\u00a0kt\u00f3rym stan\u0105\u0142em w\u00a0bramce na pocz\u0105tku poprzedniego sezonu, by\u0142y derby z\u00a0Ark\u0105 Gdynia, kt\u00f3re zako\u0144czy\u0142em z\u00a0zerowym kontem strat. Na tym meczu by\u0142 ju\u017c na trybunach obecny Alex Paulsen. Na pierwszym treningu pomeczowym w\u00a0symulacji gry by\u0142em jeszcze w\u00a0pierwszym sk\u0142adzie, ale ju\u017c na drugim udawa\u0142em Abramowicza.<\/p>\n<p>Romana? <\/p>\n<p>Nie, S\u0142awka, bramkarza Jagiellonii, z\u00a0kt\u00f3r\u0105 grali\u015bmy kolejny mecz. W\u00a0hotelu w\u00a0Bia\u0142ymstoku trener Carver zaprosi\u0142 mnie na rozmow\u0119, m\u00f3wi\u0142, \u017ce przyszed\u0142 nowy bramkarz z\u00a0Premier League, \u017ce chc\u0105 go sprawdzi\u0107 i\u00a0\u017ce b\u0119dzie zmiana mi\u0119dzy s\u0142upkami. Pozosta\u0142o mi si\u0119 z\u00a0tym pogodzi\u0107, pocz\u0105tkowo my\u015bla\u0142em, \u017ce b\u0119dzie rywalizacja, ale jej nie by\u0142o. Wyl\u0105dowa\u0142em na \u0142awce. To by\u0142a nasza ostatnia rozmowa z\u00a0trenerem.<\/p>\n<p>                <a href=\"https:\/\/ogloszenia.trojmiasto.pl\/motoryzacja-sprzedam\/k1i,1,m1i,1.html\" rel=\"nofollow noopener\" target=\"_blank\"><br \/>\n                    Wi\u0119cej w serwisie Og\u0142oszenia<br \/>\n                    (1082)<\/p>\n<p>                <\/a><\/p>\n<p>Potem jeszcze wr\u00f3ci\u0142e\u015b na chwil\u0119 do sk\u0142adu pod koniec rundy jesiennej.<\/p>\n<p>W meczach z\u00a0Widzewem, Legi\u0105 i\u00a0Termalik\u0105 zdobyli\u015bmy siedem punkt\u00f3w, a\u00a0ja broni\u0142em przyzwoicie. Potem by\u0142 mecz pucharowy z\u00a0G\u00f3rnikiem Zabrze, na kt\u00f3ry wr\u00f3ci\u0142 Alex po kontuzji, a\u00a0ja na treningach wr\u00f3ci\u0142em do sk\u0142adu, kt\u00f3ry udawa\u0142 rywali.<\/p>\n<p>Jaka by\u0142a Twoja relacja z\u00a0Aleksem Paulsenem? <\/p>\n<p>Dobra. Pomimo tego, \u017ce on by\u0142 pierwszym, a\u00a0ja drugim, nie oznacza\u0142o, \u017ce sta\u0142 si\u0119 gorszym cz\u0142owiekiem &#8211; stara\u0142em si\u0119 oddzieli\u0107 nasze relacje zawodowe od prywatnych.<\/p>\n<p>Wstawa\u0142e\u015b w\u00a0\u015brodku nocy, \u017ceby sprawdza\u0107, czy Paulsen wyst\u0119puje w\u00a0barwach Nowej Zelandii na mistrzostwach \u015bwiata?<\/p>\n<p>Fajnie si\u0119 zgra\u0142 ten mundial z\u00a0moimi wakacjami, kilka razy z\u00a0narzeczon\u0105 zarywali\u015bmy nocki, \u017ceby ogl\u0105da\u0107 mecze. Nowej Zelandii nie ogl\u0105da\u0142em, ale gdybym dosta\u0142 cynk, \u017ce Alex wyst\u0105pi, na pewno chcia\u0142bym to zobaczy\u0107. Na pocz\u0105tku nie by\u0142em przekonany, ale bardzo mi si\u0119 te mistrzostwa podobaj\u0105, z\u00a0tych, kt\u00f3re \u015bledzi\u0142em, te s\u0105 moje ulubione.<\/p>\n<p><a href=\"https:\/\/www.trojmiasto.pl\/sport\/Mundialowa-goraczka-sobotniej-nocy-w-Gdansku-Angielskie-lwy-pozarly-norweskie-wiosla-n222583.html\" data-tklik=\"940393\" class=\"marker-news component newsMarker\" rel=\"nofollow noopener\" target=\"_blank\"><br \/>\n            <img decoding=\"async\" src=\"https:\/\/www.europesays.com\/pl\/wp-content\/uploads\/2026\/07\/4369614__kr.webp\" alt=\"Mundialowa gor\u0105czka sobotniej nocy w Gda\u0144sku. Angielskie lwy po\u017car\u0142y norweskie wios\u0142a\" class=\"lazy newsMarker__img\"\/><br \/>\n        Mundialowa gor\u0105czka sobotniej nocy w Gda\u0144sku. Angielskie lwy po\u017car\u0142y norweskie wios\u0142a<br \/>\n<\/a><\/p>\n<p>Kt\u00f3rego\u015b z\u00a0mundialowych bramkarzy \u015bledzi\u0142e\u015b ze szczeg\u00f3ln\u0105 uwag\u0105?<\/p>\n<p>Staram si\u0119 jak najcz\u0119\u015bciej obserwowa\u0107 bramkarzy z\u00a0topu, \u017ceby wzi\u0105\u0107 co\u015b dla siebie. Podobali mi si\u0119 bardzo Gregor Kobel ze Szwajcarii i\u00a0Orlando Gill z\u00a0Paragwaju. No i\u00a0czarny ko\u0144 w\u00a0tym gronie &#8211; Vozinha z\u00a0Wysp Zielonego Przyl\u0105dka. <\/p>\n<p>A kto Twoim zdaniem wygra mundial?<\/p>\n<p>Jestem wieloletnim fanem Barcelony i\u00a0Messiego&#8230;<\/p>\n<p>A wi\u0119c Argentyna.<\/p>\n<p>Jej kibicuj\u0119, chocia\u017c my\u015bla\u0142em, \u017ce Francja jest tak pot\u0119\u017cna, \u017ce to ona wygra.<\/p>\n<p>W Lechii Gda\u0144sk tworzy si\u0119 teraz zupe\u0142nie nowa dru\u017cyna, poprzednia by\u0142a m\u0142oda, ale ta jest jeszcze m\u0142odsza. Czy twoja rola w\u00a0szatni w\u00a0zwi\u0105zku z\u00a0tym si\u0119 zmieni\u0142a?<\/p>\n<p>Na razie za wcze\u015bnie, by odpowiedzie\u0107 na to pytanie, co\u015b si\u0119 wci\u0105\u017c wykluwa, dru\u017cyna dopiero si\u0119 tworzy. Moja sytuacja jest do\u015b\u0107 jasna, rywalizuj\u0119 o\u00a0miejsce w\u00a0bramce z\u00a0Kacprem Gutowskim. Nasze CV nie s\u0105 tajemnic\u0105, jestem bardziej do\u015bwiadczony, ale nikt mi do tej pory nie zakomunikowa\u0142, \u017ce to ja jestem jedynk\u0105 w\u00a0tym sezonie. Spokojnie robi\u0119 swoje na treningach, czuj\u0119, \u017ce &#8222;nogi troch\u0119 pu\u015bci\u0142y&#8221; i\u00a0jestem w\u00a0niez\u0142ej formie. A\u00a0wszystko i\u00a0tak zweryfikuje jak zwykle liga.<\/p>\n<p>                <a href=\"https:\/\/ogloszenia.trojmiasto.pl\/transport-przeprowadzki\/fi,2,gi,1.html\" rel=\"nofollow noopener\" target=\"_blank\"><br \/>\n                    Wi\u0119cej w serwisie Og\u0142oszenia<br \/>\n                    (46)<\/p>\n<p>                <\/a><\/p>\n<p>Czy dochodz\u0105 ci\u0119 s\u0142uchy, \u017ce klub chce sprowadzi\u0107 kogo\u015b do konkurencji na twojej pozycji?<\/p>\n<p>Nie s\u0142ysza\u0142em niczego takiego. Na nic si\u0119 nie nastawiam i\u00a0niczego nie oczekuj\u0119, dwa lata w\u00a0Lechii Gda\u0144sk nauczy\u0142y mnie \u017cy\u0107 z\u00a0dnia na dzie\u0144 i\u00a0dostosowywa\u0107 si\u0119 do r\u00f3\u017cnych sytuacji. <\/p>\n<p>No w\u0142a\u015bnie, jakby\u015b te dwa ostatnie sezony w\u00a0Gda\u0144sku por\u00f3wna\u0142 do siebie?<\/p>\n<p>Przyszed\u0142em z\u00a0Zag\u0142\u0119bia Lubin, klubu, gdzie wszystko jest pouk\u0142adane tip-top. Nie jest wielk\u0105 tajemnic\u0105, \u017ce w\u00a0Lechii Gda\u0144sk czasem wkrada si\u0119 troch\u0119 chaosu, ale je\u015bli mam por\u00f3wna\u0107, to ten pierwszy sezon by\u0142 bardzo nerwowy, pe\u0142en niepewno\u015bci. Troch\u0119 mi czasu zaj\u0119\u0142o, \u017ceby przyzwyczai\u0107 si\u0119 do nowych uwarunkowa\u0144, jednak koniec ko\u0144c\u00f3w uratowali\u015bmy ekstraklas\u0119.<\/p>\n<p>Mo\u017ce to w\u0142a\u015bnie ta ci\u0119\u017cka sytuacja organizacyjna was zjednoczy\u0142a?<\/p>\n<p>Mo\u017ce co\u015b w\u00a0tym jest, mieli\u015bmy fajny zesp\u00f3\u0142 i\u00a0wspierali\u015bmy si\u0119 nawzajem. Z\u00a0kolei w\u00a0drugim sezonie sytuacja finansowo-organizacyjna poprawi\u0142a si\u0119. <\/p>\n<p><a href=\"https:\/\/www.trojmiasto.pl\/sport\/Lechia-Gdansk-Norwich-City-rezerwy-2-1-Wzmocnienia-w-drodze-n222568.html\" data-tklik=\"485704\" class=\"marker-news component newsMarker\" rel=\"nofollow noopener\" target=\"_blank\"><br \/>\n            <img decoding=\"async\" src=\"https:\/\/www.europesays.com\/pl\/wp-content\/uploads\/2026\/07\/4369246__kr.webp\" alt=\"Lechia Gda\u0144sk - Norwich City (rezerwy) 2:1. Wzmocnienia w drodze\" class=\"lazy newsMarker__img\"\/><br \/>\n        Lechia Gda\u0144sk &#8211; Norwich City (rezerwy) 2:1. Wzmocnienia w drodze<br \/>\n<\/a><\/p>\n<p>Mimo to opu\u015bcili\u015bcie ekstraklas\u0119.<\/p>\n<p>Jestem m\u0142odym zawodnikiem, ci\u0119\u017cko mi to wyt\u0142umaczy\u0107. Nie ma jednej odpowiedzi, wiele os\u00f3b m\u00f3wi\u0142o, \u017ce grali\u015bmy jednym sk\u0142adem ca\u0142y czas, bez \u0142awki rezerwowych. Z\u00a0bliska widzia\u0142em, \u017ce ch\u0142opcy byli bardzo tym sezonem zm\u0119czeni. Uwa\u017cam, \u017ce ci\u0119\u017cej si\u0119 gra, jak nie masz kogo\u015b na \u0142awce, z\u00a0kim mo\u017cesz poczu\u0107 rywalizacj\u0119. \u0141atwiej si\u0119 zmotywowa\u0107, gdy czujesz czyj\u015b oddech na plecach. Poza tym mam wra\u017cenie, \u017ce zawodnicy rezerwowi nie do ko\u0144ca czuli si\u0119 cz\u0119\u015bci\u0105 zespo\u0142u, przez to ta dru\u017cyna nie by\u0142a zjednoczona jak rok temu.<\/p>\n<p>To by\u0142a decyzja trenera Johna Carvera, \u017ceby gra\u0107 ca\u0142y czas jednym sk\u0142adem, nikogo innego.<\/p>\n<p>Ka\u017cdy, kto siedzia\u0142 na \u0142awce, mia\u0142 poczucie, \u017ce jest jeden bazowy sk\u0142ad, tylko kontuzja mo\u017ce zmieni\u0107 ten stan. Bogdan Wiunnyk da\u0142 ostatnio wywiad dla kt\u00f3rego\u015b z\u00a0portali na Ukrainie i\u00a0ja si\u0119 uto\u017csamiam z\u00a0jego s\u0142owami. Wiunnyk m\u00f3wi\u0142 w\u00a0nim, \u017ce po obozie zimowym mia\u0142 rozmow\u0119 z\u00a0trenerem, kt\u00f3ry m\u00f3wi\u0142, \u017ce mimo \u017ce wygl\u0105da \u015bwietnie, to b\u0119dzie gra\u0142 ten sk\u0142ad, co na jesieni. To mog\u0142o zabija\u0107 ambicje i\u00a0podcina\u0107 skrzyd\u0142a rezerwowym. Nie m\u00f3wi\u0119, \u017ce si\u0119 nie lubili\u015bmy, wci\u0105\u017c w\u00a0szatni by\u0142a fajna atmosfera, ale co\u015b si\u0119 zmieni\u0142o.<\/p>\n<p>                <a href=\"https:\/\/ogloszenia.trojmiasto.pl\/ksiazki-i-podreczniki\/ai,1_50,k1i,1.html\" rel=\"nofollow noopener\" target=\"_blank\"><br \/>\n                    Wi\u0119cej w serwisie Og\u0142oszenia<br \/>\n                    (183)<\/p>\n<p>                <\/a><\/p>\n<p>Potem wszed\u0142e\u015b jeszcze do bramki na ostatni mecz sezonu w\u00a0Niecieczy. <\/p>\n<p>Czeka\u0142em d\u0142ugo na t\u0119 szans\u0119, ale w\u00a0og\u00f3le nie czu\u0142em, \u017ce na to zapracowa\u0142em, \u017ce zagram w\u00a0nagrod\u0119, tylko jako taki akt \u0142aski na zasadzie: &#8222;a we\u017a ju\u017c id\u017a sobie zagraj&#8221;. Podczas gdy ja uwa\u017cam, \u017ce o\u00a0wiele wcze\u015bniej na treningach zapracowa\u0142em na szans\u0119.<\/p>\n<p>Powr\u00f3t z\u00a0Niecieczy po degradacji to najtrudniejsze twoje prze\u017cycie w\u00a0dotychczasowej przygodzie pi\u0142karskiej?<\/p>\n<p>Trudne do\u015bwiadczenie, podr\u00f3\u017c by\u0142a bardzo d\u0142uga i\u00a0przebiega\u0142a w\u00a0minorowych nastrojach. Du\u017co my\u015bli k\u0142\u0119bi\u0142o si\u0119 w\u00a0g\u0142owie, du\u017co niepewno\u015bci i\u00a0znak\u00f3w zapytania na przysz\u0142o\u015b\u0107. Nie czu\u0142em si\u0119 dobrze, ale czy to najtrudniejsze do\u015bwiadczenie? Staram si\u0119 nie do\u0142owa\u0107 i\u00a0nie nakr\u0119ca\u0107 negatywnie, wychodz\u0119 z\u00a0za\u0142o\u017cenia, \u017ce wszystko dzieje si\u0119 po co\u015b i\u00a0mo\u017ce koniec ko\u0144c\u00f3w z\u00a0tego co\u015b dobrego wyniknie? <\/p>\n<p>Czy co\u015b zmieni\u0142o si\u0119 z\u00a0przyj\u015bciem nowego trenera bramkarzy, kt\u00f3rym jest Artur \u0141aciak?<\/p>\n<p>Tak, czuj\u0119 bardzo pozytywn\u0105 zmian\u0119, odzyska\u0142em nadziej\u0119, \u017ce wszystko si\u0119 dobrze u\u0142o\u017cy. Przyszed\u0142 trener z\u00a0nowym podej\u015bciem i\u00a0z do\u015bwiadczeniem, kt\u00f3ry precyzyjnie i\u00a0dok\u0142adnie t\u0142umaczy, co mam robi\u0107 i\u00a0czemu to s\u0142u\u017cy.<\/p>\n<p><a href=\"https:\/\/www.trojmiasto.pl\/sport\/Wladyslaw-Lupaszko-rozpoczal-prace-Lechia-Gdansk-przedstawila-jego-asystentow-n222167.html\" data-tklik=\"898254\" class=\"marker-news component newsMarker\" rel=\"nofollow noopener\" target=\"_blank\"><br \/>\n            <img decoding=\"async\" src=\"https:\/\/www.europesays.com\/pl\/wp-content\/uploads\/2026\/07\/4363086__c_0_88_508_356__kr.webp\" alt=\"W\u0142adys\u0142aw \u0141upaszko rozpocz\u0105\u0142 prac\u0119. Lechia Gda\u0144sk przedstawi\u0142a jego asystent\u00f3w\" class=\"lazy newsMarker__img\"\/><br \/>\n        W\u0142adys\u0142aw \u0141upaszko rozpocz\u0105\u0142 prac\u0119. Lechia Gda\u0144sk przedstawi\u0142a jego asystent\u00f3w<br \/>\n<\/a><\/p>\n<p>Trener Artur ma fajne spostrze\u017cenia, ja z\u00a0dnia na dzie\u0144 czuj\u0119, \u017ce staj\u0119 si\u0119 lepszym bramkarzem. Z\u00a0poprzednim trenerem bramkarzy czu\u0142em, \u017ce stoj\u0119 w\u00a0miejscu, a\u00a0momentami nawet si\u0119 cofam. Zreszt\u0105 z\u00a0Aleksem by\u0142o podobnie. Pami\u0119tam, jak przyszed\u0142, by\u0142 pe\u0142en werwy, mia\u0142 dobre wej\u015bcie do ligi. Uwa\u017cam, \u017ce Alex Paulsen, mimo ca\u0142ego hejtu, kt\u00f3ry si\u0119 na niego wyla\u0142, jest dobrym bramkarzem. Wiem, \u017ce jemu te\u017c by\u0142o ci\u0119\u017cko, czasem bramkarz potrzebuje, aby odpocz\u0119\u0142a mu g\u0142owa, lepiej czasem odpocz\u0105\u0107 mecz czy dwa na \u0142awce, aby nie zakopa\u0107 si\u0119 kompletnie.<\/p>\n<p>U \u0141ukasza Skowrona rywalizacji nie by\u0142o.<\/p>\n<p>Nie by\u0142o, dlatego ciesz\u0119 si\u0119 na nowe otwarcie. Jestem pozytywnie nastawiony, czuj\u0119 \u015bwie\u017c\u0105 energi\u0119 i\u00a0\u017ce forma ro\u015bnie. Licz\u0119 na dobre mecze, my\u015bl\u0119, \u017ce ta I\u00a0liga to nie koniec \u015bwiata, tylko by\u0107 mo\u017ce nowy, lepszy pocz\u0105tek.<\/p>\n<p>Zamierzasz zmieni\u0107 numer na koszulce bramkarskiej &#8211; z\u00a01 na 22. Czy stoi za tym jaka\u015b g\u0142\u0119bsza filozofia?<\/p>\n<p>Chc\u0119 co\u015b zmieni\u0107. &#8222;1&#8221; to po prostu bramkarz, a\u00a0&#8222;22&#8221; to cz\u0119\u015b\u0107 historii i\u00a0praca, kt\u00f3r\u0105 wykona\u0142em. Wchodz\u0119 w\u00a0nowy sezon z\u00a0ca\u0142ym dotychczasowym baga\u017cem do\u015bwiadcze\u0144, nie chc\u0119 by\u0107 ju\u017c takim bramkarzem rotacyjnym, ale wej\u015b\u0107 na sta\u0142e do bramki i\u00a0napisa\u0107 swoj\u0105 now\u0105 histori\u0119 w\u00a0Lechii z\u00a0nowym numerem na plecach.<\/p>\n<p>\n            <a href=\"https:\/\/www.trojmiasto.pl\/sport\/typer\/\" rel=\"nofollow noopener\" target=\"_blank\">Typuj wynik meczu<\/a><\/p>\n<p>Zyskaj +1 pkt, ale mo\u017cesz te\u017c straci\u0107 -3 pkt<\/p>\n<p>Zaznaczenie tej opcji podczas typowania skutkuje tym, \u017ce w przypadku trafienia rozstrzygni\u0119cia zostanie przyznany dodatkowy 1 punkt, jednak\u017ce je\u015bli nie uda si\u0119 poprawnie wytypowa\u0107 takiego spotkania zostan\u0105 odj\u0119te a\u017c 3 punkty.<\/p>\n<p>Korzystanie z tej opcji jest nieobowi\u0105zkowe i jest dodatkowym elementem strategii pozwalaj\u0105cym na uzyskanie dodatkowych punkt\u00f3w. Sugerujemy z niej korzysta\u0107 tylko w przypadku gdy jeste\u015bmy pewni proponowanego rozstrzygni\u0119cia, w przeciwnym wypadku mo\u017cemy by\u0107 nara\u017ceni na straty punktowe.<\/p>\n<p>                    Jak typuj\u0105 inni?<\/p>\n<p>                64%<br \/>\n                                    124 typowania<br \/>\n                                LECHIA Gda\u0144sk<\/p>\n<p>                    9%<br \/>\n                                            19 typowa\u0144<br \/>\n                                        REMIS<\/p>\n<p>                27%<br \/>\n                                    52 typowania<br \/>\n                                Pogo\u0144 Grodzisk Mazowiecki<\/p>\n","protected":false},"excerpt":{"rendered":"&#8211; Nie by\u0142o mi\u0119dzy nami rywalizacji. Przyszed\u0142 trener z\u00a0nowym podej\u015bciem i\u00a0do\u015bwiadczeniem, kt\u00f3ry precyzyjnie i\u00a0dok\u0142adnie t\u0142umaczy, co mam robi\u0107&hellip;\n","protected":false},"author":2,"featured_media":559911,"comment_status":"","ping_status":"","sticky":false,"template":"","format":"standard","meta":{"footnotes":"","_share_on_mastodon":"0"},"categories":[51610],"tags":[59513,10864,60164,968,3240,110606,1157,2151,110602,110612,55695,10868,30434,68995,274,3087,8700,96,1048,2448,10869,4979,110604,64550,291,399,5809,2602,32693,10824,10850,9140,110613,2449,110610,215,10818,2308,110611,10067,10853,13155,86786,110601,3749,16672,3364,10867,33311,110608,9352,10728,10859,2446,110605,13417,2810,269,10839,2573,42,11313,38,40,39,41,55690,1156,22277,3150,2445,26227,110607,2413,131,4923,110603,127,2238,46362,110609,76005,9321,10862,10827,415,97073,2526,26,2447,18408,13676,13867,2201,3363,10819,52199,5977,174,27282],"class_list":["post-559910","post","type-post","status-publish","format-standard","has-post-thumbnail","category-gdansk","tag-abramowicz","tag-alex-paulsen","tag-ambicja","tag-argentyna","tag-arka-gdynia","tag-artur-laciak","tag-barcelona","tag-bialystok","tag-bogdan-sarnawski","tag-bogdan-sarnawski-kontuzjowany","tag-bogdan-wiunnyk","tag-bramkarz","tag-chaos","tag-degradacja","tag-ekstraklasa","tag-energia","tag-forma","tag-francja","tag-gdansk","tag-gole","tag-golkiper","tag-gornik-zabrze","tag-gregor-kobel","tag-hierarchia","tag-historia","tag-informacje","tag-jagiellonia","tag-john-carver","tag-kacper-gutowski","tag-klub","tag-kolejka-pko-bp-ekstraklasy","tag-kontuzja","tag-kontuzja-pi","tag-koszykowka","tag-kto-w-bramce-lechii-gdansk","tag-lech-poznan","tag-lechia","tag-lechia-gdansk","tag-lechia-nie-wypozyczy-bramkarza-rakowa-czestochowa","tag-legia","tag-lider-pko-bp-ekstraklasy","tag-liga","tag-lukasz-skowron","tag-maciej-slominski","tag-mecz","tag-messi","tag-motor-lublin","tag-mundial","tag-nadzieja","tag-narzeczona","tag-nieciecza","tag-nowa-zelandia","tag-numer","tag-opinie-uzytkownikow","tag-orlando-gill","tag-paragwaj","tag-piast-gliwice","tag-pilka-nozna","tag-pilkarze","tag-pko-bp-ekstraklasa","tag-pl","tag-podroz","tag-poland","tag-polish","tag-polska","tag-polski","tag-polwysep-arabski","tag-premier-league","tag-rejestracja","tag-relacja","tag-relacje","tag-rywalizacja","tag-samorozwoj","tag-sezon","tag-siatkowka","tag-sklad","tag-slawek","tag-sport","tag-szwajcaria","tag-szymon-weirauch","tag-szymon-weirauch-wywiad","tag-termalica","tag-transfer","tag-trener","tag-trening","tag-ukraina","tag-vozinha","tag-wakacje","tag-wiadomosci","tag-wiadomosci-sportowe","tag-widzew","tag-wypozyczenie","tag-wyspy-zielonego-przyladka","tag-wywiad","tag-zaglebie-lubin","tag-zespol","tag-zgoda","tag-zmiana","tag-zuzel","tag-zwyciezca"],"share_on_mastodon":{"url":"","error":""},"_links":{"self":[{"href":"https:\/\/www.europesays.com\/pl\/wp-json\/wp\/v2\/posts\/559910","targetHints":{"allow":["GET"]}}],"collection":[{"href":"https:\/\/www.europesays.com\/pl\/wp-json\/wp\/v2\/posts"}],"about":[{"href":"https:\/\/www.europesays.com\/pl\/wp-json\/wp\/v2\/types\/post"}],"author":[{"embeddable":true,"href":"https:\/\/www.europesays.com\/pl\/wp-json\/wp\/v2\/users\/2"}],"replies":[{"embeddable":true,"href":"https:\/\/www.europesays.com\/pl\/wp-json\/wp\/v2\/comments?post=559910"}],"version-history":[{"count":0,"href":"https:\/\/www.europesays.com\/pl\/wp-json\/wp\/v2\/posts\/559910\/revisions"}],"wp:featuredmedia":[{"embeddable":true,"href":"https:\/\/www.europesays.com\/pl\/wp-json\/wp\/v2\/media\/559911"}],"wp:attachment":[{"href":"https:\/\/www.europesays.com\/pl\/wp-json\/wp\/v2\/media?parent=559910"}],"wp:term":[{"taxonomy":"category","embeddable":true,"href":"https:\/\/www.europesays.com\/pl\/wp-json\/wp\/v2\/categories?post=559910"},{"taxonomy":"post_tag","embeddable":true,"href":"https:\/\/www.europesays.com\/pl\/wp-json\/wp\/v2\/tags?post=559910"}],"curies":[{"name":"wp","href":"https:\/\/api.w.org\/{rel}","templated":true}]}}