{"id":559942,"date":"2026-07-16T12:45:10","date_gmt":"2026-07-16T12:45:10","guid":{"rendered":"https:\/\/www.europesays.com\/pl\/559942\/"},"modified":"2026-07-16T12:45:10","modified_gmt":"2026-07-16T12:45:10","slug":"tusk-zaprasza-bundeswehre-do-polski","status":"publish","type":"post","link":"https:\/\/www.europesays.com\/pl\/559942\/","title":{"rendered":"Tusk zaprasza Bundeswehr\u0119 do Polski"},"content":{"rendered":"<p>Premier Donald Tusk poinformowa\u0142, \u017ce\u00a0jesieni\u0105 w\u00a0Polsce odb\u0119d\u0105 si\u0119 pierwsze \u0107wiczenia wojskowe pa\u0144stw tzw. \u201ekoalicji ch\u0119tnych\u201d. Niemiecka Bundeswehra ma\u00a0w\u00a0nich wzi\u0105\u0107 udzia\u0142\u00a0.<\/p>\n<p>Szef rz\u0105du chce by, niemieckie wojska niemieckie przyjecha\u0142y do\u00a0Polski, w\u00a0ramach inicjatywy, kt\u00f3ra ma\u00a0obroni\u0107 Ukrain\u0119 przed\u00a0Rosj\u0105. <\/p>\n<p>Na\u00a0obecno\u015bci Niemc\u00f3w bardzo zale\u017ca\u0142o premierowi Tuskowi &#8211; relacjonuje portal\u00a0wPolsce24.<\/p>\n<p>Berlin pocz\u0105tkowo sygnalizowa\u0142 brak udzia\u0142u Bundeswehry, jednak p\u00f3\u017aniej niemiecki rz\u0105d potwierdzi\u0142, \u017ce\u00a0we\u017amie udzia\u0142 w\u00a0manewrach, pozostawiaj\u0105c do\u00a0ustalenia zakres swojego\u00a0zaanga\u017cowania.<\/p>\n<p>Niemcy wezm\u0105 udzia\u0142 w\u00a0manewrach wojskowych pa\u0144stw koalicji ch\u0119tnych, czyli kraj\u00f3w wspieraj\u0105cych Ukrain\u0119, kt\u00f3re odb\u0119d\u0105 si\u0119 jesieni\u0105 w\u00a0Polsce &#8211; przekaza\u0142 w\u00a0\u015brod\u0119 agencji dpa rzecznik niemieckiego rz\u0105du Stefan\u00a0Kornelius. <\/p>\n<p>  Nie ma\u00a0zawieszenia broni, ale trwaj\u0105\u00a0przygotowania <\/p>\n<p>Mimo \u017ce\u00a0na\u00a0Ukrainie nie obowi\u0105zuje zawieszenie broni, europejskie pa\u0144stwa kontynuuj\u0105 przygotowania do\u00a0ewentualnej przysz\u0142ej misji. Jak podano, utworzenie wielonarodowych si\u0142 pod europejskim dow\u00f3dztwem, kt\u00f3re mia\u0142yby zabezpieczy\u0107 ewentualne zawieszenie broni, uzgodniono w\u00a0grudniu 2025 r. podczas spotkania europejskich przyw\u00f3dc\u00f3w po\u015bwi\u0119conego Ukrainie w\u00a0Berlinie. Prezydent Francji Emmanuel Macron zapewni\u0142 w\u00a0poniedzia\u0142ek, \u017ce\u00a0si\u0142y te\u00a0s\u0105\u00a0ju\u017c gotowe\u00a0do\u00a0dzia\u0142ania.<\/p>\n<p>Wy\u015blemy wojsko\u00a0na\u00a0Ukrain\u0119?<\/p>\n<p>pap, interia,\u00a0wPolsce24<\/p>\n<p>Dzi\u0119kujemy za przeczytanie artyku\u0142u!<\/p>\n<p>Pami\u0119taj, mo\u017cesz ogl\u0105da\u0107 nasz\u0105 telewizj\u0119 na <a href=\"https:\/\/wpolsce24.tv\/\" target=\"_blank\" rel=\"nofollow noopener\">wPolsce24<\/a>. Buduj z nami niezale\u017cne media na <a href=\"https:\/\/wesprzyj.wpolsce24.tv\/\" target=\"_blank\" rel=\"nofollow noopener\">wesprzyj.wpolsce24<\/a>.<\/p>\n","protected":false},"excerpt":{"rendered":"Premier Donald Tusk poinformowa\u0142, \u017ce\u00a0jesieni\u0105 w\u00a0Polsce odb\u0119d\u0105 si\u0119 pierwsze \u0107wiczenia wojskowe pa\u0144stw tzw. \u201ekoalicji ch\u0119tnych\u201d. Niemiecka Bundeswehra ma\u00a0w\u00a0nich&hellip;\n","protected":false},"author":2,"featured_media":559943,"comment_status":"","ping_status":"","sticky":false,"template":"","format":"standard","meta":{"footnotes":"","_share_on_mastodon":"0"},"categories":[62713],"tags":[3096,69316,1345,295,39],"class_list":["post-559942","post","type-post","status-publish","format-standard","has-post-thumbnail","category-donald-tusk","tag-bundeswehra","tag-cwiczenia-wojskowe","tag-donald-tusk","tag-niemcy","tag-polska"],"share_on_mastodon":{"url":"https:\/\/pubeurope.com\/@pl\/116929726069407812","error":""},"_links":{"self":[{"href":"https:\/\/www.europesays.com\/pl\/wp-json\/wp\/v2\/posts\/559942","targetHints":{"allow":["GET"]}}],"collection":[{"href":"https:\/\/www.europesays.com\/pl\/wp-json\/wp\/v2\/posts"}],"about":[{"href":"https:\/\/www.europesays.com\/pl\/wp-json\/wp\/v2\/types\/post"}],"author":[{"embeddable":true,"href":"https:\/\/www.europesays.com\/pl\/wp-json\/wp\/v2\/users\/2"}],"replies":[{"embeddable":true,"href":"https:\/\/www.europesays.com\/pl\/wp-json\/wp\/v2\/comments?post=559942"}],"version-history":[{"count":0,"href":"https:\/\/www.europesays.com\/pl\/wp-json\/wp\/v2\/posts\/559942\/revisions"}],"wp:featuredmedia":[{"embeddable":true,"href":"https:\/\/www.europesays.com\/pl\/wp-json\/wp\/v2\/media\/559943"}],"wp:attachment":[{"href":"https:\/\/www.europesays.com\/pl\/wp-json\/wp\/v2\/media?parent=559942"}],"wp:term":[{"taxonomy":"category","embeddable":true,"href":"https:\/\/www.europesays.com\/pl\/wp-json\/wp\/v2\/categories?post=559942"},{"taxonomy":"post_tag","embeddable":true,"href":"https:\/\/www.europesays.com\/pl\/wp-json\/wp\/v2\/tags?post=559942"}],"curies":[{"name":"wp","href":"https:\/\/api.w.org\/{rel}","templated":true}]}}