{"id":560134,"date":"2026-07-16T14:44:24","date_gmt":"2026-07-16T14:44:24","guid":{"rendered":"https:\/\/www.europesays.com\/pl\/560134\/"},"modified":"2026-07-16T14:44:24","modified_gmt":"2026-07-16T14:44:24","slug":"przerazliwy-skowyt-psa-zaalarmowal-mieszkanca-zwierze-wymagalo-pilnej-pomocy","status":"publish","type":"post","link":"https:\/\/www.europesays.com\/pl\/560134\/","title":{"rendered":"Przera\u017aliwy skowyt psa zaalarmowa\u0142 mieszka\u0144ca. Zwierz\u0119 wymaga\u0142o pilnej pomocy"},"content":{"rendered":"\n<p>            <img decoding=\"async\" class=\"art-figimg\" src=\"https:\/\/www.europesays.com\/pl\/wp-content\/uploads\/2026\/07\/150026-e.jpg\" width=\"375\" height=\"250\" alt=\"Przera\u017aliwy skowyt psa zaalarmowa\u0142 mieszka\u0144ca. Zwierz\u0119 wymaga\u0142o pilnej pomocy\" loading=\"lazy\" fetchpriority=\"high\"\/><br \/>\n            Fot: Stra\u017c Miejska w Bia\u0142ymstoku<\/p>\n<p class=\"art-lid\">G\u0142o\u015bny skowyt psa zaniepokoi\u0142 mieszka\u0144ca, kt\u00f3ry postanowi\u0142 zareagowa\u0107 i powiadomi\u0107 Stra\u017c Miejsk\u0105. Interwencja ujawni\u0142a, \u017ce zwierz\u0119 znajduje si\u0119 w bardzo z\u0142ym stanie \u2013 mia\u0142o ran\u0119 na \u0142apie i wymaga\u0142o pilnej pomocy weterynaryjnej. Spraw\u0105 zaj\u0119\u0142a si\u0119 policja.<\/p>\n<p class=\"art-cont\">Niepokoj\u0105ce odg\u0142osy dochodz\u0105ce z jednej z posesji sprawi\u0142y, \u017ce mieszkaniec zdecydowa\u0142 si\u0119 zareagowa\u0107 i powiadomi\u0107 Stra\u017c Miejsk\u0105. Dzi\u0119ki szybkiej interwencji funkcjonariuszy uda\u0142o si\u0119 dotrze\u0107 do psa, kt\u00f3ry pilnie potrzebowa\u0142 pomocy.<\/p>\n<p>Do zdarzenia dosz\u0142o po zg\u0142oszeniu dotycz\u0105cym g\u0142o\u015bnego skowytu zwierz\u0119cia. Mieszkaniec, zaniepokojony stanem psa, nie pozosta\u0142 oboj\u0119tny i poprosi\u0142 o pomoc odpowiednie s\u0142u\u017cby. Na miejscu stra\u017cnicy zastali w kojcu psa przypominaj\u0105cego owczarka. Zwierz\u0119 mia\u0142o zapewnion\u0105 bud\u0119 oraz dost\u0119p do wody i jedzenia, jednak jego stan zdrowia wzbudzi\u0142 powa\u017cne obawy funkcjonariuszy. Pies le\u017ca\u0142 na pode\u015bcie, by\u0142 wyra\u017anie os\u0142abiony, a na jednej z \u0142ap widoczna by\u0142a rana wymagaj\u0105ca specjalistycznej pomocy weterynaryjnej.<\/p>\n<p>\u2013 Zwierz\u0119 le\u017ca\u0142o na pode\u015bcie i by\u0142o w bardzo z\u0142ej kondycji, a na jego \u0142apie widoczne by\u0142o zranienie wymagaj\u0105ce opieki weterynaryjnej. W\u0142a\u015bciciel t\u0142umaczy\u0142, \u017ce pies ma ju\u017c trzyna\u015bcie lat, jednak nie potrafi\u0142 okre\u015bli\u0107, kiedy ostatnio bada\u0142 go weterynarz, ani nie potrafi\u0142 okaza\u0107 ksi\u0105\u017ceczki zdrowia \u2013 poinformowa\u0142a Stra\u017c Miejska w Bia\u0142ymstoku.<\/p>\n<p>Funkcjonariusze uznali, \u017ce sytuacja wymaga dalszych dzia\u0142a\u0144. W zwi\u0105zku z podejrzeniem zn\u0119cania si\u0119 nad zwierz\u0119ciem poprzez ra\u017c\u0105ce zaniedbanie, na miejsce wezwano patrol policji. Policjanci przej\u0119li dalsze czynno\u015bci w sprawie. Ich zadaniem b\u0119dzie ustalenie wszystkich okoliczno\u015bci zdarzenia oraz sprawdzenie, czy dosz\u0142o do naruszenia przepis\u00f3w dotycz\u0105cych ochrony zwierz\u0105t.<\/p>\n<p>S\u0142u\u017cby przypominaj\u0105, \u017ce w\u0142a\u015bciciel zwierz\u0119cia ma obowi\u0105zek zapewni\u0107 mu nie tylko podstawowe warunki bytowe, ale r\u00f3wnie\u017c odpowiedni\u0105 opiek\u0119 i leczenie w przypadku choroby lub urazu. Ka\u017cdy przypadek podejrzenia zaniedbania lub krzywdzenia zwierz\u0119cia powinien by\u0107 zg\u0142aszany odpowiednim instytucjom.<\/p>\n<p class=\"art-autimg\">\n<p>                            <img decoding=\"async\" class=\"art-autimgi\" src=\"https:\/\/www.europesays.com\/pl\/wp-content\/uploads\/2026\/07\/1784209574_976_avatar_1x.jpg\" alt=\"Agnieszka Nowak\" width=\"64\" height=\"64\" loading=\"lazy\"\/><\/p>\n<p class=\"art-autname\">Agnieszka Nowak<\/p>\n<p>24@bialystokonline.pl<\/p>\n<p>Przeczytaj tak\u017ce<\/p>\n<p>&#13;<br \/>\n&#13;<br \/>\n&#13;<br \/>\n<img loading=\"lazy\" decoding=\"async\" src=\"https:\/\/www.europesays.com\/pl\/wp-content\/uploads\/2026\/07\/1784213064_45_adlog.gif\" width=\"0\" height=\"0\" alt=\"\" style=\"width: 0px; height: 0px;\"\/><\/p>\n<p>Popularne dzisiaj<\/p>\n","protected":false},"excerpt":{"rendered":"Fot: Stra\u017c Miejska w Bia\u0142ymstoku G\u0142o\u015bny skowyt psa zaniepokoi\u0142 mieszka\u0144ca, kt\u00f3ry postanowi\u0142 zareagowa\u0107 i powiadomi\u0107 Stra\u017c Miejsk\u0105. Interwencja&hellip;\n","protected":false},"author":2,"featured_media":560135,"comment_status":"","ping_status":"","sticky":false,"template":"","format":"standard","meta":{"footnotes":"","_share_on_mastodon":"0"},"categories":[51614],"tags":[2151,51731,113,51730,3754,51738,51735,4041,1096,1089,399,17334,51736,2921,3840,51734,8736,1232,120,7116,17265,19285,6183,42,5083,38,414,40,39,41,6309,1756,110650,8815,38950,123,57872,800,4278,1323,51737,2879,253,110651],"class_list":["post-560134","post","type-post","status-publish","format-standard","has-post-thumbnail","category-bialystok","tag-bialystok","tag-bialystokonline","tag-biznes","tag-bstok","tag-dom","tag-drobne","tag-firm","tag-firmy","tag-hotele","tag-imprezy","tag-informacje","tag-katalog","tag-kina","tag-koncert","tag-lokale","tag-miejski","tag-mieszkanie","tag-motoryzacja","tag-nauka","tag-ogloszenia","tag-on-line","tag-online","tag-pies","tag-pl","tag-podlasie","tag-poland","tag-policja","tag-polish","tag-polska","tag-polski","tag-portal","tag-praca","tag-przerazliwy-skowyt-psa-zaalarmowal-mieszkanca-zwierze-wymagalo-pilnej-pomocy","tag-repertuar","tag-rozklad","tag-rozrywka","tag-straz-miejska","tag-teatr","tag-turystyka","tag-uroda","tag-urzedy","tag-zakupy","tag-zdrowie","tag-znecanie-sie-nad-zwierzetamiaktualnosci"],"share_on_mastodon":{"url":"","error":"Validation failed: Text character limit of 500 exceeded"},"_links":{"self":[{"href":"https:\/\/www.europesays.com\/pl\/wp-json\/wp\/v2\/posts\/560134","targetHints":{"allow":["GET"]}}],"collection":[{"href":"https:\/\/www.europesays.com\/pl\/wp-json\/wp\/v2\/posts"}],"about":[{"href":"https:\/\/www.europesays.com\/pl\/wp-json\/wp\/v2\/types\/post"}],"author":[{"embeddable":true,"href":"https:\/\/www.europesays.com\/pl\/wp-json\/wp\/v2\/users\/2"}],"replies":[{"embeddable":true,"href":"https:\/\/www.europesays.com\/pl\/wp-json\/wp\/v2\/comments?post=560134"}],"version-history":[{"count":0,"href":"https:\/\/www.europesays.com\/pl\/wp-json\/wp\/v2\/posts\/560134\/revisions"}],"wp:featuredmedia":[{"embeddable":true,"href":"https:\/\/www.europesays.com\/pl\/wp-json\/wp\/v2\/media\/560135"}],"wp:attachment":[{"href":"https:\/\/www.europesays.com\/pl\/wp-json\/wp\/v2\/media?parent=560134"}],"wp:term":[{"taxonomy":"category","embeddable":true,"href":"https:\/\/www.europesays.com\/pl\/wp-json\/wp\/v2\/categories?post=560134"},{"taxonomy":"post_tag","embeddable":true,"href":"https:\/\/www.europesays.com\/pl\/wp-json\/wp\/v2\/tags?post=560134"}],"curies":[{"name":"wp","href":"https:\/\/api.w.org\/{rel}","templated":true}]}}