{"id":560228,"date":"2026-07-16T15:38:22","date_gmt":"2026-07-16T15:38:22","guid":{"rendered":"https:\/\/www.europesays.com\/pl\/560228\/"},"modified":"2026-07-16T15:38:22","modified_gmt":"2026-07-16T15:38:22","slug":"letni-spacer-park-konstytucji-3-maja","status":"publish","type":"post","link":"https:\/\/www.europesays.com\/pl\/560228\/","title":{"rendered":"Letni spacer Park Konstytucji 3 Maja"},"content":{"rendered":"\n<p>\t\t\t<a data-fancybox=\"gallery\" href=\"https:\/\/www.bialystokonline.pl\/gfx\/gfx_imprezy\/202607\/150556\/150556-max.webp\" data-caption=\"Letni spacer Park Konstytucji 3 Maja\" class=\"event-item-photo\" rel=\"nofollow noopener\" target=\"_blank\"><\/p>\n<p>                    <img decoding=\"async\" class=\"event-item-img\" src=\"https:\/\/www.europesays.com\/pl\/wp-content\/uploads\/2026\/07\/150556-mini1.jpg\" alt=\"Letni spacer Park Konstytucji 3 Maja\" title=\"Letni spacer Park Konstytucji 3 Maja\" width=\"300\" height=\"169\" loading=\"lazy\"\/><\/p>\n<p>            <\/a><\/p>\n<p>\n            18<br \/>\n            lip 2026\n        <\/p>\n<p>\n            Sobota\n        <\/p>\n<p>\n            godz. 10:00\n        <\/p>\n<p>Pomnik Mordu Katy\u0144skiego (wej\u015bcie do parku od strony ronda &#8211; Placu Katy\u0144skiego)<\/p>\n<p>        Zapraszamy serdecznie na letni spacer &#8222;Park Konstytucji 3 Maja&#8221;!<br \/>\nOprowadzi Was przewodniczka PTTK Edyta Szubska.<\/p>\n<p>Podczas spaceru dowiemy si\u0119 o dawnych zwierzy\u0144cach z czas\u00f3w Branickich, wykorzystaniu parku podczas zabor\u00f3w, jego znaczeniu w okresie mi\u0119dzywojennym oraz o historii bia\u0142ostockiego zoo i miejscach wa\u017cnych wsp\u00f3\u0142cze\u015bnie.<\/p>\n<p>Kiedy? 18 lipca o godz. 10:00<br \/>&#13;<br \/>\nGdzie? Pomnik Mordu Katy\u0144skiego (wej\u015bcie do parku od strony ronda &#8211; Placu Katy\u0144skiego).<\/p>\n<p>Zapraszamy!<\/p>\n<p>Spacery s\u0105 bezp\u0142atne.<\/p>\n<p>Zadanie dofinansowane z bud\u017cetu Miasta Bia\u0142ystok.<\/p>\n<p>Organizator<br \/>\n&#13;<br \/>\n&#13;<br \/>\n&#13;<br \/>\n<img loading=\"lazy\" decoding=\"async\" src=\"https:\/\/www.europesays.com\/pl\/wp-content\/uploads\/2026\/07\/1784216302_278_adlog.gif\" width=\"0\" height=\"0\" alt=\"\" style=\"width: 0px; height: 0px;\"\/><\/p>\n<p class=\"hdrline hdrline-mod l-space-sm-top\">Zobacz tak\u017ce<\/p>\n","protected":false},"excerpt":{"rendered":"18 lip 2026 Sobota godz. 10:00 Pomnik Mordu Katy\u0144skiego (wej\u015bcie do parku od strony ronda &#8211; Placu Katy\u0144skiego)&hellip;\n","protected":false},"author":2,"featured_media":560229,"comment_status":"","ping_status":"","sticky":false,"template":"","format":"standard","meta":{"footnotes":"","_share_on_mastodon":"0"},"categories":[51614],"tags":[2151,51731,113,51730,3754,51738,51735,4041,1096,1089,399,17334,51736,2921,110704,3840,51734,8736,1232,120,7116,17265,19285,42,5083,38,40,39,41,6309,1756,8815,38950,123,800,4278,1323,51737,2879,253],"class_list":["post-560228","post","type-post","status-publish","format-standard","has-post-thumbnail","category-bialystok","tag-bialystok","tag-bialystokonline","tag-biznes","tag-bstok","tag-dom","tag-drobne","tag-firm","tag-firmy","tag-hotele","tag-imprezy","tag-informacje","tag-katalog","tag-kina","tag-koncert","tag-letni-spacer-park-konstytucji-3-maja-wydarzenia-sportowe-i-rekreacyjne-bialystok","tag-lokale","tag-miejski","tag-mieszkanie","tag-motoryzacja","tag-nauka","tag-ogloszenia","tag-on-line","tag-online","tag-pl","tag-podlasie","tag-poland","tag-polish","tag-polska","tag-polski","tag-portal","tag-praca","tag-repertuar","tag-rozklad","tag-rozrywka","tag-teatr","tag-turystyka","tag-uroda","tag-urzedy","tag-zakupy","tag-zdrowie"],"share_on_mastodon":{"url":"https:\/\/pubeurope.com\/@pl\/116930407169630183","error":""},"_links":{"self":[{"href":"https:\/\/www.europesays.com\/pl\/wp-json\/wp\/v2\/posts\/560228","targetHints":{"allow":["GET"]}}],"collection":[{"href":"https:\/\/www.europesays.com\/pl\/wp-json\/wp\/v2\/posts"}],"about":[{"href":"https:\/\/www.europesays.com\/pl\/wp-json\/wp\/v2\/types\/post"}],"author":[{"embeddable":true,"href":"https:\/\/www.europesays.com\/pl\/wp-json\/wp\/v2\/users\/2"}],"replies":[{"embeddable":true,"href":"https:\/\/www.europesays.com\/pl\/wp-json\/wp\/v2\/comments?post=560228"}],"version-history":[{"count":0,"href":"https:\/\/www.europesays.com\/pl\/wp-json\/wp\/v2\/posts\/560228\/revisions"}],"wp:featuredmedia":[{"embeddable":true,"href":"https:\/\/www.europesays.com\/pl\/wp-json\/wp\/v2\/media\/560229"}],"wp:attachment":[{"href":"https:\/\/www.europesays.com\/pl\/wp-json\/wp\/v2\/media?parent=560228"}],"wp:term":[{"taxonomy":"category","embeddable":true,"href":"https:\/\/www.europesays.com\/pl\/wp-json\/wp\/v2\/categories?post=560228"},{"taxonomy":"post_tag","embeddable":true,"href":"https:\/\/www.europesays.com\/pl\/wp-json\/wp\/v2\/tags?post=560228"}],"curies":[{"name":"wp","href":"https:\/\/api.w.org\/{rel}","templated":true}]}}