{"id":560374,"date":"2026-07-16T17:13:09","date_gmt":"2026-07-16T17:13:09","guid":{"rendered":"https:\/\/www.europesays.com\/pl\/560374\/"},"modified":"2026-07-16T17:13:09","modified_gmt":"2026-07-16T17:13:09","slug":"poznan-pacjent-sor-zaparkowal-pod-szpitalem-tyle-musial-zaplacic-po-3-dniach-wprost","status":"publish","type":"post","link":"https:\/\/www.europesays.com\/pl\/560374\/","title":{"rendered":"Pozna\u0144. Pacjent SOR zaparkowa\u0142 pod szpitalem. Tyle musia\u0142 zap\u0142aci\u0107 po 3 dniach \u2013 Wprost"},"content":{"rendered":"\n<p>&#13;<br \/>\nSpraw\u0119 opisa\u0142 regionalny dziennik \u2013\u00a0\u201eG\u0142os Wielkopolski\u201d. Pacjentem, kt\u00f3ry musia\u0142 ui\u015bci\u0107 1350 PLN op\u0142aty parkingowej, by\u00a0opu\u015bci\u0107 teren Uniwersyteckiego Szpitala Klinicznego w\u00a0Poznaniu, jest Myko\u0142a Studzinski. 7\u00a0lipca (pierwszy wtorek miesi\u0105ca) skontaktowa\u0142 si\u0119 on ze\u00a0znajomym, kt\u00f3ry jest lekarzem \u2013\u00a0ten zasugerowa\u0142 mu, by\u00a0pilnie uda\u0142 si\u0119 na\u00a0Szpitalny Oddzia\u0142 Ratunkowy. W\u00a0gr\u0119 wchodzi\u0142y powa\u017cne problem kardiologiczne. &#13;\n<\/p>\n<p>&#13;<br \/>\nTak te\u017c zrobi\u0142 \u2013\u00a0m\u0119\u017cczyzna nie\u00a0wezwa\u0142 karetki pogotowia, zamiast tego usiad\u0142 za\u00a0k\u00f3\u0142kiem i\u00a0ruszy\u0142 w\u0142asnym autem do\u00a0pobliskiej plac\u00f3wki med. Pracownicy SOR-u zdecydowali o\u00a0jego przyj\u0119ciu na\u00a0oddzia\u0142. W\u00a0szpitalu sp\u0119dzi\u0142 kolejne trzy dni. &#13;\n<\/p>\n<p>&#13;<br \/>\n\u201eB\u0142\u0105d\u201d, kt\u00f3ry pope\u0142ni\u0142 pacjent, polega\u0142 na\u00a0tym, \u017ce\u00a0zaparkowa\u0142 on swoje auto na\u00a0terenie szpitala. Jak najbardziej m\u00f3g\u0142 to\u00a0zrobi\u0107, jednak oznacza\u0142o to\u00a0akceptacj\u0119 warunk\u00f3w okre\u015blonych w\u00a0regulaminie \u2013\u00a0a\u00a0ten stanowi, \u017ce\u00a0ka\u017cde 30 min. postoju kosztuje 10 z\u0142. &#13;\n<\/p>\n<p>Pozna\u0144. Pacjent SOR-u musia\u0142 zap\u0142aci\u0107 za\u00a0parking 1350 z\u0142. Szpital wyrazi\u0142 gotowo\u015b\u0107 \u201eobni\u017cenia op\u0142aty\u201d<\/p>\n<p>&#13;<br \/>\nPo trzech dobach system (operatorem parkingu jest zewn\u0119trzna firma) zd\u0105\u017cy\u0142 naliczy\u0107 \u0142adn\u0105 sumk\u0119. M\u0119\u017cczyzna niestety nie\u00a0mia\u0142 tyle pieni\u0119dzy na\u00a0koncie bankowym. Poinformowa\u0142 o\u00a0tym pracownik\u00f3w kasy biletowej, ale\u00a0\u201enikt nie\u00a0chcia\u0142 go\u00a0wypu\u015bci\u0107\u201d. \u2013\u00a0Musia\u0142am czeka\u0107 w\u00a0samochodzie bez wody i\u00a0jedzenia \u2013\u00a0wskaza\u0142 w\u00a0rozmowie z\u00a0\u201eGW\u201d. P\u00f3\u017aniej raz jeszcze podszed\u0142 do\u00a0okienka i\u00a0poprosi\u0142 o\u00a0wystawienie faktury lub\u00a0wezwania z\u00a0odroczonym terminem. To\u00a0nic nie\u00a0da\u0142o. W\u00a0mi\u0119dzyczasie kwota za\u00a0parking oczywi\u015bcie ros\u0142a. &#13;\n<\/p>\n<p>&#13;<br \/>\nTeren szpitala opu\u015bci\u0142 ostatecznie dopiero wtedy, gdy pracodawca zrobi\u0142 mu przelew (wynagrodzenie). \u2013\u00a0Odda\u0142em prawie po\u0142ow\u0119 mojej wyp\u0142aty za\u00a0trzy dni postoju \u2013\u00a0przyzna\u0142 z\u00a0\u017calem. By\u0142y pacjent zwr\u00f3ci\u0142 si\u0119 do\u00a0szpitala \u2013\u00a0za\u017c\u0105da\u0142 zwrotu pieni\u0119dzy. Dziennik ustali\u0142, \u017ce\u00a0operator obs\u0142uguje urz\u0105dzenia i\u00a0odpowiada za\u00a0kontakt z\u00a0klientami, ale\u00a0to\u00a0szpital opracowa\u0142 regulamin i\u00a0ustanowi\u0142 cennik. &#13;\n<\/p>\n<p>&#13;<br \/>\nPozna\u0144ska lecznica \u201eanalizuje sytuacj\u0119\u201d \u2013\u00a0poinformowa\u0142o biuro prasowe w\u00a0o\u015bwiadczeniu dla\u00a0\u201eG\u0142osu Wielkopolskiego\u201d. Przedstawiciele plac\u00f3wki czekaj\u0105 jednak na\u00a0list od\u00a0m\u0119\u017cczyzny, kt\u00f3ry jeszcze nie\u00a0dotar\u0142. \u201eJe\u017celi chodzi o\u00a0sam proces naliczenia op\u0142aty, to\u00a0w\u00a0opisanym przypadku pacjent powinien si\u0119 zwr\u00f3ci\u0107 z\u00a0indywidualnym wnioskiem o\u00a0obni\u017cenie op\u0142aty do\u00a0Szpitala i\u00a0tego typu wniosek po\u00a0indywidualnym rozpatrzeniu \u2013\u00a0w\u00a0przypadku pacjent\u00f3w przyj\u0119tych w\u00a0trybie ostrym \u2013\u00a0b\u0119dzie rozpatrzony pozytywnie\u201d \u2013\u00a0wyja\u015bni\u0142a Ewa \u017burowska, kierowniczka biura dyrekcji szpitala. &#13;<\/p>\n","protected":false},"excerpt":{"rendered":"&#13; Spraw\u0119 opisa\u0142 regionalny dziennik \u2013\u00a0\u201eG\u0142os Wielkopolski\u201d. Pacjentem, kt\u00f3ry musia\u0142 ui\u015bci\u0107 1350 PLN op\u0142aty parkingowej, by\u00a0opu\u015bci\u0107 teren Uniwersyteckiego&hellip;\n","protected":false},"author":2,"featured_media":560375,"comment_status":"","ping_status":"","sticky":false,"template":"","format":"standard","meta":{"footnotes":"","_share_on_mastodon":"0"},"categories":[51609],"tags":[49,9387,42,38,40,39,41,1817,11479,43315,10666],"class_list":["post-560374","post","type-post","status-publish","format-standard","has-post-thumbnail","category-poznan","tag-kraj","tag-parking","tag-pl","tag-poland","tag-polish","tag-polska","tag-polski","tag-poznan","tag-sor","tag-wprost","tag-zycie"],"share_on_mastodon":{"url":"https:\/\/pubeurope.com\/@pl\/116930779794691298","error":""},"_links":{"self":[{"href":"https:\/\/www.europesays.com\/pl\/wp-json\/wp\/v2\/posts\/560374","targetHints":{"allow":["GET"]}}],"collection":[{"href":"https:\/\/www.europesays.com\/pl\/wp-json\/wp\/v2\/posts"}],"about":[{"href":"https:\/\/www.europesays.com\/pl\/wp-json\/wp\/v2\/types\/post"}],"author":[{"embeddable":true,"href":"https:\/\/www.europesays.com\/pl\/wp-json\/wp\/v2\/users\/2"}],"replies":[{"embeddable":true,"href":"https:\/\/www.europesays.com\/pl\/wp-json\/wp\/v2\/comments?post=560374"}],"version-history":[{"count":0,"href":"https:\/\/www.europesays.com\/pl\/wp-json\/wp\/v2\/posts\/560374\/revisions"}],"wp:featuredmedia":[{"embeddable":true,"href":"https:\/\/www.europesays.com\/pl\/wp-json\/wp\/v2\/media\/560375"}],"wp:attachment":[{"href":"https:\/\/www.europesays.com\/pl\/wp-json\/wp\/v2\/media?parent=560374"}],"wp:term":[{"taxonomy":"category","embeddable":true,"href":"https:\/\/www.europesays.com\/pl\/wp-json\/wp\/v2\/categories?post=560374"},{"taxonomy":"post_tag","embeddable":true,"href":"https:\/\/www.europesays.com\/pl\/wp-json\/wp\/v2\/tags?post=560374"}],"curies":[{"name":"wp","href":"https:\/\/api.w.org\/{rel}","templated":true}]}}