{"id":560386,"date":"2026-07-16T17:19:16","date_gmt":"2026-07-16T17:19:16","guid":{"rendered":"https:\/\/www.europesays.com\/pl\/560386\/"},"modified":"2026-07-16T17:19:16","modified_gmt":"2026-07-16T17:19:16","slug":"informator-stolicy-lato-z-kultura-plenerowe-spektakle-ponownie-na-bielanach","status":"publish","type":"post","link":"https:\/\/www.europesays.com\/pl\/560386\/","title":{"rendered":"Informator Stolicy &#8211; Lato z kultur\u0105. Plenerowe spektakle ponownie na Bielanach"},"content":{"rendered":"<p style=\"text-align:justify\">Letnie Spotkania z Teatrem Pijana Sypialnia to cykl bezp\u0142atnych spektakli plenerowych organizowanych na Bielanach w ramach projektu \u201eTeatr na le\u017cakach\u201d. W tegorocznym programie znalaz\u0142y si\u0119 cztery przedstawienia prezentuj\u0105ce r\u00f3\u017cne gatunki teatralne i muzyczne.\u00a0<\/p>\n<p style=\"text-align:justify\">Cho\u0107 dwa z nich ju\u017c si\u0119 odby\u0142y, mieszka\u0144cy nadal mog\u0105 zobaczy\u0107 \u201eEkoOper\u0119\u201d, zaplanowan\u0105 na 19 lipca, oraz \u201eOsm\u0119deuszy\u201d, kt\u00f3rzy zostan\u0105 wystawieni 26 lipca. Oba spektakle rozpoczn\u0105 si\u0119 o godzinie 19:00 na terenie zielonym M\u0142odzie\u017cowego Domu Kultury \u201eBielany\u201d przy ul. Ceg\u0142owskiej 39.<\/p>\n<p>Ekologia w operowym wydaniu<\/p>\n<p style=\"text-align:justify\">Najbli\u017cszy spektakl, \u201eEkoOpera\u201d, zostanie wystawiony 19 lipca. Grupa przyjaci\u00f3\u0142 udaje si\u0119 na wakacje do pensjonatu Wenecja, gdzie podejmuj\u0105 refleksj\u0119 na temat zmian klimatu i wp\u0142ywu cz\u0142owieka na \u015brodowisko. Program przedstawienia uwzgl\u0119dnia konwencj\u0119 opery oraz pie\u015bni neapolita\u0144skich w niecodziennym, wsp\u00f3\u0142czesnym wydaniu.\u00a0<\/p>\n<p style=\"text-align:justify\">Na scenie pojawi\u0105 si\u0119 muzyka wykonywana na \u017cywo, rozbudowane partie wokalne oraz elementy humoru. Jak zapowiadaj\u0105 tw\u00f3rcy, spektakl sk\u0142ania do refleksji nad kondycj\u0105 planety oraz rol\u0105 cz\u0142owieka w piel\u0119gnowaniu jej walor\u00f3w.\u00a0<\/p>\n<p>Opowie\u015b\u0107 o powojennej Warszawie<\/p>\n<p style=\"text-align:justify\">Cykl zako\u0144czy wystawiony 26 lipca spektakl \u201eOsm\u0119deusze\u201d. Akcja przedstawienia rozgrywa si\u0119 przy Cmentarzu Pow\u0105zkowskim w powojennej Warszawie. W tym czasie mieszka\u0144cy usi\u0142uj\u0105 odnale\u017a\u0107 si\u0119 w rzeczywisto\u015bci naznaczonej wojennymi do\u015bwiadczeniami.\u00a0<\/p>\n<p style=\"text-align:justify\">Spektakl powsta\u0142 na podstawie dramatu Mirona Bia\u0142oszewskiego i Ludwika Heringa o tym samym tytule. To opowie\u015b\u0107 o pami\u0119ci, to\u017csamo\u015bci i mie\u015bcie, kt\u00f3re stopniowo odradza si\u0119 po wojnie. Tw\u00f3rcy okre\u015blaj\u0105 sztuk\u0119 mianem wsp\u00f3\u0142czesnych \u201eDziad\u00f3w\u201d.\u00a0<\/p>\n<p>Wieloletnia tradycja Teatru Pijana Sypialnia\u00a0<\/p>\n<p style=\"text-align:justify\">Za\u0142o\u017cony w 2012 roku Teatr Pijana Sypialnia nale\u017cy do najbardziej rozpoznawalnych niezale\u017cnych zespo\u0142\u00f3w teatralnych w Polsce. W jego repertuarze znajduj\u0105 si\u0119 autorskie spektakle z muzyk\u0105 wykonywan\u0105 na \u017cywo, cz\u0119sto inspirowane literatur\u0105 oraz histori\u0105 stolicy.\u00a0\u00a0<\/p>\n<p>fot. UM Warszawa<\/p>\n","protected":false},"excerpt":{"rendered":"Letnie Spotkania z Teatrem Pijana Sypialnia to cykl bezp\u0142atnych spektakli plenerowych organizowanych na Bielanach w ramach projektu \u201eTeatr&hellip;\n","protected":false},"author":2,"featured_media":560387,"comment_status":"","ping_status":"","sticky":false,"template":"","format":"standard","meta":{"footnotes":"","_share_on_mastodon":"0"},"categories":[51605],"tags":[38847,261,110715,42,38,40,39,41,8767,800,110716,435],"class_list":["post-560386","post","type-post","status-publish","format-standard","has-post-thumbnail","category-warszawa","tag-bielany","tag-kultura","tag-pijana-sypialnia","tag-pl","tag-poland","tag-polish","tag-polska","tag-polski","tag-sztuka","tag-teatr","tag-teatr-na-lezakach","tag-warszawa"],"share_on_mastodon":{"url":"https:\/\/pubeurope.com\/@pl\/116930803492146820","error":""},"_links":{"self":[{"href":"https:\/\/www.europesays.com\/pl\/wp-json\/wp\/v2\/posts\/560386","targetHints":{"allow":["GET"]}}],"collection":[{"href":"https:\/\/www.europesays.com\/pl\/wp-json\/wp\/v2\/posts"}],"about":[{"href":"https:\/\/www.europesays.com\/pl\/wp-json\/wp\/v2\/types\/post"}],"author":[{"embeddable":true,"href":"https:\/\/www.europesays.com\/pl\/wp-json\/wp\/v2\/users\/2"}],"replies":[{"embeddable":true,"href":"https:\/\/www.europesays.com\/pl\/wp-json\/wp\/v2\/comments?post=560386"}],"version-history":[{"count":0,"href":"https:\/\/www.europesays.com\/pl\/wp-json\/wp\/v2\/posts\/560386\/revisions"}],"wp:featuredmedia":[{"embeddable":true,"href":"https:\/\/www.europesays.com\/pl\/wp-json\/wp\/v2\/media\/560387"}],"wp:attachment":[{"href":"https:\/\/www.europesays.com\/pl\/wp-json\/wp\/v2\/media?parent=560386"}],"wp:term":[{"taxonomy":"category","embeddable":true,"href":"https:\/\/www.europesays.com\/pl\/wp-json\/wp\/v2\/categories?post=560386"},{"taxonomy":"post_tag","embeddable":true,"href":"https:\/\/www.europesays.com\/pl\/wp-json\/wp\/v2\/tags?post=560386"}],"curies":[{"name":"wp","href":"https:\/\/api.w.org\/{rel}","templated":true}]}}