{"id":560618,"date":"2026-07-16T20:14:47","date_gmt":"2026-07-16T20:14:47","guid":{"rendered":"https:\/\/www.europesays.com\/pl\/560618\/"},"modified":"2026-07-16T20:14:47","modified_gmt":"2026-07-16T20:14:47","slug":"czesi-chca-jezdzic-z-wroclawia-do-warszawy-i-przemysla-leo-express-zlozyl-wnioski-do-utk-na-nowe-polaczenia-kolejowe","status":"publish","type":"post","link":"https:\/\/www.europesays.com\/pl\/560618\/","title":{"rendered":"Czesi chc\u0105 je\u017adzi\u0107 z Wroc\u0142awia do Warszawy i Przemy\u015bla. Leo Express z\u0142o\u017cy\u0142 wnioski do UTK na nowe po\u0142\u0105czenia kolejowe"},"content":{"rendered":"<p class=\"componentsListsTableOfContents__title\">Czeski przewo\u017anik chce po\u0142\u0105czy\u0107 Wroc\u0142aw z Warszaw\u0105 i Przemy\u015blem<\/p>\n<p style=\"text-align: null;\">Do UTK wp\u0142yn\u0119\u0142o w czerwcu 2026 roku siedem wniosk\u00f3w czeskiego przewo\u017anika Leo Express dotycz\u0105cych uruchomienia komercyjnych po\u0142\u0105cze\u0144 pasa\u017cerskich w otwartym dost\u0119pie. Firma planuje po\u0142\u0105czy\u0107 Warszaw\u0119 Wschodni\u0105 z Zakopanem, Krakowem i Wroc\u0142awiem, Warszaw\u0119 Zachodni\u0105 z Gdyni\u0105 G\u0142\u00f3wn\u0105, a tak\u017ce uruchomi\u0107 trasy Wroc\u0142aw \u2013 Przemy\u015bl, Pozna\u0144 \u2013 Lublin oraz \u0141\u00f3d\u017a Fabryczna \u2013 Gdynia.<\/p>\n<p style=\"text-align: null;\">Najbardziej interesuj\u0105ce dla stolicy Dolnego \u015al\u0105ska s\u0105 dwa z siedmiu wniosk\u00f3w.<\/p>\n<p>    Wi\u0119cej z Twojej okolicy<a class=\"componentsRecommendationsSingleArticle__link\" href=\"https:\/\/naszemiasto.pl\/hala-stulecia-we-wroclawiu-ma-juz-20-lat-na-liscie-unesco-jak-zabytek-trafil-do-grona-piramid-w-gizie-i-wielkiego-muru-chinskiego\/ar\/c1p2-29178101\" data-ec=\"componentsRecommendationsSingleArticle\" data-event-position-el=\"link\" data-ecp=\"url=https:\/\/naszemiasto.pl\/hala-stulecia-we-wroclawiu-ma-juz-20-lat-na-liscie-unesco-jak-zabytek-trafil-do-grona-piramid-w-gizie-i-wielkiego-muru-chinskiego\/ar\/c1p2-29178101,title=20 lat Hali Stulecia na Li&#x15B;cie UNESCO. Historia wpisu do rocznicy\" rel=\"nofollow noopener\" target=\"_blank\"><img decoding=\"async\" class=\"componentsRecommendationsSingleArticle__tileImg\" loading=\"lazy\" src=\"https:\/\/www.europesays.com\/pl\/wp-content\/uploads\/2026\/07\/il20260713_971794899_small.jpg\" data-image-type=\"articles\" alt=\"20 lat Hali Stulecia na Li&#x15B;cie UNESCO. Historia wpisu do rocznicy\"\/>20 lat Hali Stulecia na Li\u015bcie UNESCO. Historia wpisu do rocznicy<\/p>\n<p class=\"componentsRecommendationsSingleArticle__lead\">Dwadzie\u015bcia lat temu, 13 lipca 2006 roku, wroc\u0142awska Hala Stulecia trafi\u0142a na List\u0119 \u015bwiatowego dziedzictwa UNESCO, do\u0142\u0105czaj\u0105c do grona takich zabytk\u00f3w jak piramidy w Gizie czy Wielki Mur Chi\u0144ski. To b&#8230;<\/p>\n<p><img decoding=\"async\" class=\"atomsPartialImageAvatar atomsPartialImageAvatar--textSubtle\" data-event-position-context=\"atomsPartialImageAvatar\" alt=\"Tomasz Pawlak\" width=\"24\" height=\"24\" src=\"https:\/\/www.europesays.com\/pl\/wp-content\/uploads\/2026\/07\/1784181019_171_6780117bd9d86_icon.jpg\" loading=\"lazy\"\/>Tomasz Pawlak<\/a><\/p>\n<p style=\"text-align: null;\">Pierwszy zak\u0142ada kursowanie na trasie Wroc\u0142aw G\u0142\u00f3wny \u2013 Przemy\u015bl G\u0142\u00f3wny i z powrotem, z zatrzymaniami m.in. w Opolu, Gliwicach, Katowicach, Krakowie oraz Rzeszowie. Zaplanowany czas przejazdu to 5 godzin i 12 minut w jedn\u0105 stron\u0119 \u2013 o 20 minut kr\u00f3cej ni\u017c obecnie najszybsze sk\u0142ady PKP Intercity kursuj\u0105ce tym korytarzem.<\/p>\n<p>                                                                                  <img decoding=\"async\" class=\"atomsArticleImage__image\" loading=\"lazy\" src=\"https:\/\/www.europesays.com\/pl\/wp-content\/uploads\/2026\/07\/il20260716_971944647_large.jpg\" alt=\"Czesi chc&#x105; je&#x17A;dzi&#x107; z Wroc&#x142;awia do Warszawy i Przemy&#x15B;la. Leo Express z&#x142;o&#x17C;y&#x142; wnioski do UTK na nowe po&#x142;&#x105;czenia kolejowe od grudnia 2027 roku\"\/><\/p>\n<p>Czesi chc\u0105 je\u017adzi\u0107 z Wroc\u0142awia do Warszawy i Przemy\u015bla. Leo Express z\u0142o\u017cy\u0142 wnioski do UTK na nowe po\u0142\u0105czenia kolejowe od grudnia 2027 roku<\/p>\n<p>        mat. prasowe Leo Express    <\/p>\n<p style=\"text-align: null;\">Drugi wniosek dotyczy relacji Warszawa \u2013 Wroc\u0142aw. Tu Leo Express zaskakuje wyborem trasy \u2013 zamiast najszybszych korytarzy przez Centraln\u0105 Magistral\u0119 Kolejow\u0105 i Opole albo przez Pozna\u0144 i Leszno, przewo\u017anik chce prowadzi\u0107 poci\u0105gi przez \u0141\u00f3d\u017a, Kalisz i Ostr\u00f3w Wielkopolski.<\/p>\n<p>                                                                                  <img decoding=\"async\" class=\"atomsArticleImage__image\" loading=\"lazy\" src=\"https:\/\/www.europesays.com\/pl\/wp-content\/uploads\/2026\/07\/il20260716_971944651_large.jpg\" alt=\"Czesi chc&#x105; je&#x17A;dzi&#x107; z Wroc&#x142;awia do Warszawy i Przemy&#x15B;la. Leo Express z&#x142;o&#x17C;y&#x142; wnioski do UTK na nowe po&#x142;&#x105;czenia kolejowe od grudnia 2027 roku\"\/><\/p>\n<p>Czesi chc\u0105 je\u017adzi\u0107 z Wroc\u0142awia do Warszawy i Przemy\u015bla. Leo Express z\u0142o\u017cy\u0142 wnioski do UTK na nowe po\u0142\u0105czenia kolejowe od grudnia 2027 roku<\/p>\n<p>        mat. prasowe Leo Express    <\/p>\n<p style=\"text-align: null;\">Na obu trasach przewo\u017anik przewiduje kursowanie codziennie, w czterogodzinnym takcie \u2013 odjazdy ze stacji pocz\u0105tkowych o 6:00, 10:00, 14:00 i 18:00. Poci\u0105gi maj\u0105 by\u0107 prowadzone przez elektrowozy Vectron i sk\u0142ada\u0107 si\u0119 z 5 do 10 wagon\u00f3w, w zale\u017cno\u015bci od popytu. Start po\u0142\u0105cze\u0144 zaplanowano na 12 grudnia 2027 roku \u2013 czyli od najbli\u017cszej zimowej korekty rozk\u0142adu jazdy.<\/p>\n<p style=\"text-align: null;\">Zgodnie z procedur\u0105 UTK przekaza\u0142 informacj\u0119 o z\u0142o\u017conych wnioskach do Ministerstwa Infrastruktury. Podmioty, kt\u00f3re zawar\u0142y umowy o \u015bwiadczenie us\u0142ug publicznych \u2013 w praktyce przede wszystkim PKP Intercity \u2013 maj\u0105 miesi\u0105c na z\u0142o\u017cenie wniosku o przeprowadzenie badania r\u00f3wnowagi ekonomicznej. To standardowy mechanizm, kt\u00f3ry ma chroni\u0107 dotowane po\u0142\u0105czenia przed nieuczciw\u0105 konkurencj\u0105 ze strony przewo\u017anik\u00f3w komercyjnych.<\/p>\n<p style=\"text-align: null;\">Analitycy rynku kolejowego zwracaj\u0105 uwag\u0119, \u017ce skoro Leo Express planuje start dopiero za blisko p\u00f3\u0142tora roku, przewo\u017anik ma czas na dope\u0142nienie wszystkich formalno\u015bci \u2013 niezale\u017cnie od tego, czy UTK ostatecznie wyda decyzj\u0119 pozytywn\u0105, czy odmown\u0105.<\/p>\n<p>                                                                                  <img decoding=\"async\" class=\"atomsArticleImage__image\" loading=\"lazy\" src=\"https:\/\/www.europesays.com\/pl\/wp-content\/uploads\/2026\/07\/il20260716_971944645_large.jpg\" alt=\"Czesi chc&#x105; je&#x17A;dzi&#x107; z Wroc&#x142;awia do Warszawy i Przemy&#x15B;la. Leo Express z&#x142;o&#x17C;y&#x142; wnioski do UTK na nowe po&#x142;&#x105;czenia kolejowe od grudnia 2027 roku\"\/><\/p>\n<p>Czesi chc\u0105 je\u017adzi\u0107 z Wroc\u0142awia do Warszawy i Przemy\u015bla. Leo Express z\u0142o\u017cy\u0142 wnioski do UTK na nowe po\u0142\u0105czenia kolejowe od grudnia 2027 roku<\/p>\n<p>        mat. prasowe Leo Express    <\/p>\n<p style=\"text-align: null;\">Warto przypomnie\u0107, \u017ce trasa Wroc\u0142aw \u2013 Warszawa by\u0142a ju\u017c przedmiotem podobnego wniosku ze strony RegioJet. W\u00f3wczas UTK, po przeprowadzeniu badania r\u00f3wnowagi ekonomicznej, uzna\u0142, \u017ce nowe po\u0142\u0105czenie mog\u0142oby zagrozi\u0107 rentowno\u015bci us\u0142ug \u015bwiadczonych przez PKP Intercity, i odm\u00f3wi\u0142 przyznania otwartego dost\u0119pu. Ten precedens mo\u017ce odegra\u0107 istotn\u0105 rol\u0119 tak\u017ce przy rozpatrywaniu obecnego wniosku Leo Express.<\/p>\n<p style=\"text-align: null;\">Sam Leo Express dzia\u0142a na polskim rynku dopiero od marca 2026 roku i na razie obs\u0142uguje jedn\u0105 krajow\u0105 relacj\u0119 \u2013 Krak\u00f3w\u2013Warszawa. Z\u0142o\u017cenie siedmiu wniosk\u00f3w naraz to sygna\u0142, \u017ce przewo\u017anik chce w kr\u00f3tkim czasie znacz\u0105co rozbudowa\u0107 swoj\u0105 obecno\u015b\u0107 w Polsce.<\/p>\n","protected":false},"excerpt":{"rendered":"Czeski przewo\u017anik chce po\u0142\u0105czy\u0107 Wroc\u0142aw z Warszaw\u0105 i Przemy\u015blem Do UTK wp\u0142yn\u0119\u0142o w czerwcu 2026 roku siedem wniosk\u00f3w&hellip;\n","protected":false},"author":2,"featured_media":560619,"comment_status":"","ping_status":"","sticky":false,"template":"","format":"standard","meta":{"footnotes":"","_share_on_mastodon":"0"},"categories":[51607],"tags":[110737,12634,110739,42,110738,38,40,39,41,1853],"class_list":["post-560618","post","type-post","status-publish","format-standard","has-post-thumbnail","category-wroclaw","tag-czeski-przewoznik","tag-leo-express","tag-nowe-polaczenia-kolejowe","tag-pl","tag-pociagi-z-czech","tag-poland","tag-polish","tag-polska","tag-polski","tag-wroclaw"],"share_on_mastodon":{"url":"https:\/\/pubeurope.com\/@pl\/116931492632860405","error":""},"_links":{"self":[{"href":"https:\/\/www.europesays.com\/pl\/wp-json\/wp\/v2\/posts\/560618","targetHints":{"allow":["GET"]}}],"collection":[{"href":"https:\/\/www.europesays.com\/pl\/wp-json\/wp\/v2\/posts"}],"about":[{"href":"https:\/\/www.europesays.com\/pl\/wp-json\/wp\/v2\/types\/post"}],"author":[{"embeddable":true,"href":"https:\/\/www.europesays.com\/pl\/wp-json\/wp\/v2\/users\/2"}],"replies":[{"embeddable":true,"href":"https:\/\/www.europesays.com\/pl\/wp-json\/wp\/v2\/comments?post=560618"}],"version-history":[{"count":0,"href":"https:\/\/www.europesays.com\/pl\/wp-json\/wp\/v2\/posts\/560618\/revisions"}],"wp:featuredmedia":[{"embeddable":true,"href":"https:\/\/www.europesays.com\/pl\/wp-json\/wp\/v2\/media\/560619"}],"wp:attachment":[{"href":"https:\/\/www.europesays.com\/pl\/wp-json\/wp\/v2\/media?parent=560618"}],"wp:term":[{"taxonomy":"category","embeddable":true,"href":"https:\/\/www.europesays.com\/pl\/wp-json\/wp\/v2\/categories?post=560618"},{"taxonomy":"post_tag","embeddable":true,"href":"https:\/\/www.europesays.com\/pl\/wp-json\/wp\/v2\/tags?post=560618"}],"curies":[{"name":"wp","href":"https:\/\/api.w.org\/{rel}","templated":true}]}}