{"id":561240,"date":"2026-07-17T04:04:23","date_gmt":"2026-07-17T04:04:23","guid":{"rendered":"https:\/\/www.europesays.com\/pl\/561240\/"},"modified":"2026-07-17T04:04:23","modified_gmt":"2026-07-17T04:04:23","slug":"3-stopnie-niepelnosprawnosci-a-zasilki-z-mops-w-2026-i-2027-roku","status":"publish","type":"post","link":"https:\/\/www.europesays.com\/pl\/561240\/","title":{"rendered":"3 stopnie niepe\u0142nosprawno\u015bci a zasi\u0142ki z MOPS w 2026 i 2027 roku"},"content":{"rendered":"<p>To, jak\u0105 pomoc w o\u015brodku pomocy spo\u0142ecznej uzyska osoba z niepe\u0142nosprawno\u015bci\u0105, zale\u017cy w g\u0142\u00f3wnej mierze od przyznanego stopnia niepe\u0142nosprawno\u015bci. Jakie zasi\u0142ki wyp\u0142aca MOPS i ile wynosz\u0105 w 2026 roku? Kto mo\u017ce je otrzyma\u0107? Czy na 2027 rok zaplanowano zmiany w przepisach?<\/p>\n<p>    Co oznacza stopie\u0144 niepe\u0142nosprawno\u015bci znaczny, umiarkowany, lekki?<\/p>\n<p>W orzeczeniu wydanym przez powiatowy zesp\u00f3\u0142 do spraw orzekania o niepe\u0142nosprawno\u015bci (PZON) ustala si\u0119 m.in. stopie\u0144 niepe\u0142nosprawno\u015bci:<\/p>\n<p>\u2022 znaczny;<\/p>\n<p>\u2022 umiarkowany;<\/p>\n<p>\u2022 lekki.<\/p>\n<p>Do znacznego stopnia niepe\u0142nosprawno\u015bci zalicza si\u0119 osob\u0119 z naruszon\u0105 sprawno\u015bci\u0105 organizmu, niezdoln\u0105 do pracy albo zdoln\u0105 do pracy jedynie w warunkach pracy chronionej i wymagaj\u0105c\u0105, w celu pe\u0142nienia r\u00f3l spo\u0142ecznych, sta\u0142ej lub d\u0142ugotrwa\u0142ej opieki i pomocy innych os\u00f3b w zwi\u0105zku z niezdolno\u015bci\u0105 do samodzielnej egzystencji.<\/p>\n<p>Dalszy ci\u0105g materia\u0142u pod wideo<\/p>\n<p>Do stopnia umiarkowanego zalicza si\u0119 osob\u0119 z naruszon\u0105 sprawno\u015bci\u0105 organizmu, niezdoln\u0105 do pracy albo zdoln\u0105 do pracy jedynie w warunkach pracy chronionej lub wymagaj\u0105c\u0105 czasowej albo cz\u0119\u015bciowej pomocy innych os\u00f3b w celu pe\u0142nienia r\u00f3l spo\u0142ecznych.<\/p>\n<p>Z kolei do lekkiego stopnia niepe\u0142nosprawno\u015bci zalicza si\u0119 osob\u0119 o naruszonej sprawno\u015bci organizmu, powoduj\u0105cej w spos\u00f3b istotny obni\u017cenie zdolno\u015bci do wykonywania pracy, w por\u00f3wnaniu do zdolno\u015bci, jak\u0105 wykazuje osoba o podobnych kwalifikacjach zawodowych z pe\u0142n\u0105 sprawno\u015bci\u0105 psychiczn\u0105 i fizyczn\u0105, lub maj\u0105ca ograniczenia w pe\u0142nieniu r\u00f3l spo\u0142ecznych daj\u0105ce si\u0119 kompensowa\u0107 przy pomocy wyposa\u017cenia w przedmioty ortopedyczne, \u015brodki pomocnicze lub \u015brodki techniczne.<\/p>\n<p>Zaliczenie do znacznego albo umiarkowanego stopnia niepe\u0142nosprawno\u015bci nie wyklucza mo\u017cliwo\u015bci zatrudnienia osoby z niepe\u0142nosprawno\u015bci\u0105 u pracodawcy niezapewniaj\u0105cego warunk\u00f3w pracy chronionej, w przypadkach:<\/p>\n<p>\u2022 przystosowania przez pracodawc\u0119 stanowiska pracy do potrzeb osoby niepe\u0142nosprawnej;<\/p>\n<p>\u2022 wykonywania pracy zdalnej.<\/p>\n<p>Na jakie wsparcie w miejskich o\u015brodkach pomocy spo\u0142ecznej mog\u0105 liczy\u0107 osoby z powy\u017cszymi orzeczeniami?<\/p>\n<p>Znaczny stopie\u0144 niepe\u0142nosprawno\u015bci w MOPS [Zasi\u0142ki w 2026 r.]<\/p>\n<p>Przy znacznym stopniu niepe\u0142nosprawno\u015bci mo\u017cna ubiega\u0107 si\u0119 o zasi\u0142ek sta\u0142y, je\u017celi spe\u0142nione jest kryterium dochodowe. Jednym z warunk\u00f3w jest tutaj niezdolno\u015b\u0107 do pracy z powodu wieku lub ca\u0142kowita niezdolno\u015b\u0107 do pracy. Chodzi o ca\u0142kowit\u0105 niezdolno\u015b\u0107 do pracy w rozumieniu przepis\u00f3w o emeryturach i rentach z Funduszu Ubezpiecze\u0144 Spo\u0142ecznych albo zaliczenie do I lub II grupy inwalid\u00f3w lub legitymowanie si\u0119 znacznym lub umiarkowanym stopniem niepe\u0142nosprawno\u015bci w rozumieniu przepis\u00f3w o rehabilitacji zawodowej i spo\u0142ecznej oraz zatrudnianiu os\u00f3b niepe\u0142nosprawnych. Je\u015bli chodzi o doch\u00f3d, to dla osoby samotnej powinien by\u0107 on ni\u017cszy od kryterium dochodowego osoby samotnie gospodaruj\u0105cej (1010 z\u0142). W przypadku pe\u0142noletniej osoby pozostaj\u0105cej w rodzinie, jej doch\u00f3d, jak r\u00f3wnie\u017c doch\u00f3d na osob\u0119 w rodzinie musz\u0105 by\u0107 ni\u017csze od kryterium dochodowego na osob\u0119 w rodzinie (823 z\u0142).<\/p>\n<p>Niepe\u0142nosprawno\u015b\u0107 jest te\u017c jednym z mo\u017cliwych powod\u00f3w ubiegania si\u0119 o zasi\u0142ek okresowy, dedykowany r\u00f3wnie\u017c co do zasady osobom nieprzekraczaj\u0105cym prog\u00f3w dochodowych. Taki zasi\u0142ek stanowi niekiedy wa\u017cn\u0105 form\u0119 wsparcia os\u00f3b, kt\u00f3re oczekuj\u0105 na odpowiednie orzeczenie np. o znacznym stopniu niepe\u0142nosprawno\u015bci. Istnieje mo\u017cliwo\u015b\u0107 ubiegania si\u0119 o zasi\u0142ek sta\u0142y z do\u0142\u0105czonym potwierdzeniem z\u0142o\u017cenia wniosku o wydanie orzeczenia o stopniu niepe\u0142nosprawno\u015bci. Na czas zawieszenia post\u0119powania MOPS przyznaje w\u0142a\u015bnie zasi\u0142ek okresowy.<\/p>\n<p>W celu zaspokojenia niezb\u0119dnej potrzeby bytowej <a class=\"seoMapping\" href=\"https:\/\/samorzad.infor.pl\/tematy\/gmina\/\" title=\"gmina\" rel=\"nofollow noopener\" target=\"_blank\">gmina<\/a> mo\u017ce przyzna\u0107 zasi\u0142ek celowy, kt\u00f3ry &#8211; podobnie jak <a class=\"seoMapping\" href=\"https:\/\/samorzad.infor.pl\/tematy\/zasilek\/\" title=\"zasi\u0142ek\" rel=\"nofollow noopener\" target=\"_blank\">zasi\u0142ek<\/a> okresowy &#8211; jest wyp\u0142acany nie tylko osobom niepe\u0142nosprawnym. Tutaj r\u00f3wnie\u017c obowi\u0105zuje kryterium dochodowe (wyj\u0105tkiem jest specjalny zasi\u0142ek celowy). Je\u015bli potrzeba jest niezb\u0119dna, a gmina dysponuje odpowiednimi \u015brodkami, to wyp\u0142aci <a class=\"seoMapping\" href=\"https:\/\/mojafirma.infor.pl\/tematy\/pieniadze\/\" title=\"pieni\u0105dze\" rel=\"nofollow noopener\" target=\"_blank\">pieni\u0105dze<\/a> przyk\u0142adowo na pokrycie koszt\u00f3w zakup lek\u00f3w czy wyrob\u00f3w medycznych. Kwota zasi\u0142ku celowego zale\u017cy od konkretnego przypadku.<\/p>\n<p>W o\u015brodkach pomocy spo\u0142ecznej oraz o\u015brodkach pomocy rodzinie mo\u017cna si\u0119 ubiega\u0107 r\u00f3wnie\u017c o <a class=\"seoMapping\" href=\"https:\/\/samorzad.infor.pl\/tematy\/swiadczenia-rodzinne\/\" title=\"\u015bwiadczenia rodzinne\" rel=\"nofollow noopener\" target=\"_blank\">\u015bwiadczenia rodzinne<\/a> takie jak <a class=\"seoMapping\" href=\"https:\/\/kadry.infor.pl\/tematy\/zasilek-pielegnacyjny\/\" title=\"zasi\u0142ek piel\u0119gnacyjny\" rel=\"nofollow noopener\" target=\"_blank\">zasi\u0142ek piel\u0119gnacyjny<\/a> i <a class=\"seoMapping\" href=\"https:\/\/kadry.infor.pl\/tematy\/swiadczenie-pielegnacyjne\/\" title=\"\u015bwiadczenie piel\u0119gnacyjne\" rel=\"nofollow noopener\" target=\"_blank\">\u015bwiadczenie piel\u0119gnacyjne<\/a>.<\/p>\n<p>Zasi\u0142ek piel\u0119gnacyjny ma na celu cz\u0119\u015bciowe pokrycie wydatk\u00f3w wynikaj\u0105cych z konieczno\u015bci zapewnienia opieki i pomocy innej osoby w zwi\u0105zku z niezdolno\u015bci\u0105 do samodzielnej egzystencji. Przys\u0142uguje on m.in. osobom ze znacznym stopniem niepe\u0142nosprawno\u015bci. Aktualnie zasi\u0142ek piel\u0119gnacyjny wynosi 215,84 z\u0142 miesi\u0119cznie. Nie przys\u0142uguje on osobie uprawnionej do dodatku piel\u0119gnacyjnego.<\/p>\n<p>Wed\u0142ug \u201enowych zasad\u201d obowi\u0105zuj\u0105cych od 1 stycznia 2024 r. \u015bwiadczenie piel\u0119gnacyjne mog\u0105 otrzymywa\u0107 m.in. rodzice (ale nie tylko), sprawuj\u0105cy opiek\u0119 nad dzieckiem do uko\u0144czenia 18. roku \u017cycia z okre\u015blonym orzeczeniem, w tym orzeczeniem o znacznym stopniu niepe\u0142nosprawno\u015bci. W 2026 r. \u015bwiadczenie piel\u0119gnacyjne wynosi 3386 z\u0142 miesi\u0119cznie. Taka sama kwota obowi\u0105zuje r\u00f3wnie\u017c dla \u015bwiadczenia piel\u0119gnacyjnego wyp\u0142acanego na \u201ezasadach starych\u201d. W niekt\u00f3rych przypadkach takie \u015bwiadczenia s\u0105 nadal wyp\u0142acane w ramach ochrony praw nabytych.<\/p>\n<p>Warto te\u017c wymieni\u0107 dodatek z tytu\u0142u kszta\u0142cenia i rehabilitacji dziecka z niepe\u0142nosprawno\u015bci\u0105. Dodatek ten nie funkcjonuje w oderwaniu od zasi\u0142ku rodzinnego. Aby go otrzyma\u0107, trzeba zatem spe\u0142nia\u0107 kryterium dochodowe. W przypadku gdy cz\u0142onkiem rodziny jest dziecko legitymuj\u0105ce si\u0119 orzeczeniem o znacznym stopniu niepe\u0142nosprawno\u015bci pr\u00f3g ten wynosi 764 z\u0142. Wysoko\u015b\u0107 dodatku w takim przypadku to 110 z\u0142 miesi\u0119cznie.<\/p>\n<p>Zasi\u0142ki z MOPS dla umiarkowanego stopnia niepe\u0142nosprawno\u015bci w 2026 roku<\/p>\n<p>Osobom legitymuj\u0105cym si\u0119 umiarkowanym stopniem niepe\u0142nosprawno\u015bci, spe\u0142niaj\u0105cym kryteria dochodowe, r\u00f3wnie\u017c przys\u0142uguje zasi\u0142ek sta\u0142y. Wysoko\u015b\u0107 zasi\u0142ku sta\u0142ego jest uzale\u017cniona od dochodu, nie mo\u017ce by\u0107 ni\u017csza ni\u017c 100 z\u0142. W 2026 r. maksymalny zasi\u0142ek wynosi 1229 z\u0142. Zasi\u0142ek sta\u0142y nie przys\u0142uguje m.in. osobom uprawnionym do renty socjalnej czy \u015bwiadczenia piel\u0119gnacyjnego.<\/p>\n<p>Zasi\u0142ek okresowy to kolejna forma pomocy, o kt\u00f3r\u0105 mog\u0105 wnioskowa\u0107 osoby niepe\u0142nosprawne w stopniu umiarkowanym, spe\u0142niaj\u0105cym kryteria dochodowe. Czas, na jaki przyznawany jest zasi\u0142ek ustala organ gminy.<\/p>\n<p>Mo\u017cna te\u017c ubiega\u0107 si\u0119 o zasi\u0142ek celowy na zaspokojenie niezb\u0119dnej potrzeby bytowej.<\/p>\n<p>Co z zasi\u0142kiem piel\u0119gnacyjnym? Ot\u00f3\u017c osoby niepe\u0142nosprawne w stopniu umiarkowanym mog\u0105 uzyska\u0107 zasi\u0142ek piel\u0119gnacyjny, ale pod warunkiem, powstania niepe\u0142nosprawno\u015bci w wieku do uko\u0144czenia 21. roku \u017cycia. Zasi\u0142ek piel\u0119gnacyjny wyp\u0142acany jest bez wzgl\u0119du na doch\u00f3d.<\/p>\n<p>Rodzice dziecka z niepe\u0142nosprawno\u015bci\u0105 w stopniu umiarkowanym mog\u0105 r\u00f3wnie\u017c otrzymywa\u0107 dodatek do zasi\u0142ku rodzinnego z tytu\u0142u kszta\u0142cenia i rehabilitacji na takich samych zasadach jak przy znacznym stopniu niepe\u0142nosprawno\u015bci.<\/p>\n<p>Czy osobie z lekkim stopniem niepe\u0142nosprawno\u015bci przys\u0142uguj\u0105 w 2026 roku <a class=\"seoMapping\" href=\"https:\/\/ksiegowosc.infor.pl\/tematy\/zasilki\/\" title=\"zasi\u0142ki\" rel=\"nofollow noopener\" target=\"_blank\">zasi\u0142ki<\/a> z MOPS?<\/p>\n<p>Osoba z niepe\u0142nosprawno\u015bci\u0105 w stopniu lekkim nie mo\u017ce ubiega\u0107 si\u0119 o takie <a class=\"seoMapping\" href=\"https:\/\/kadry.infor.pl\/tematy\/zasilki\/\" title=\"zasi\u0142ki\" rel=\"nofollow noopener\" target=\"_blank\">zasi\u0142ki<\/a> jak sta\u0142y czy piel\u0119gnacyjny. Nie oznacza to jednak, i\u017c nie ma prawa do \u017cadnych \u015bwiadcze\u0144 pieni\u0119\u017cnych.<\/p>\n<p>Do najwa\u017cniejszych form pomocy w takich przypadkach mo\u017cemy zaliczy\u0107 zasi\u0142ek okresowy i zasi\u0142ek celowy. Pami\u0119tajmy jednak, i\u017c s\u0105 one przeznaczone dla os\u00f3b spe\u0142niaj\u0105cych kryteria dochodowe.<\/p>\n<p>Zasi\u0142ki z MOPS dla os\u00f3b z niepe\u0142nosprawno\u015bciami [FAQ]Czy w 2027 r. wzrosn\u0105 kryteria dochodowe w pomocy spo\u0142ecznej?<\/p>\n<p>Je\u015bli przepisy si\u0119 nie zmieni\u0105, to kryteria dochodowe w 2027 r. b\u0119d\u0105 takie same jak w roku 2026.<\/p>\n<p>Czy w 2027 r. b\u0119dzie podwy\u017cka zasi\u0142ku piel\u0119gnacyjnego?<\/p>\n<p>Najbli\u017csza mo\u017cliwa, ale nieobowi\u0105zkowa podwy\u017cka zasi\u0142ku piel\u0119gnacyjnego przypada w\u0142a\u015bnie na rok 2027. Rada Ministr\u00f3w wkr\u00f3tce zdecyduje o tym czy od listopada 2027 r. zmieni si\u0119 kwota zasi\u0142ku.<\/p>\n<p>Czy w 2027 r. b\u0119dzie podwy\u017cka \u015bwiadczenia piel\u0119gnacyjnego?<\/p>\n<p>Tak, \u015bwiadczenie piel\u0119gnacyjne jest co roku waloryzowane w oparciu o wzrost minimalnej pensji. <\/p>\n<p>Ustawa z dnia 27 sierpnia 1997 r. o rehabilitacji zawodowej i spo\u0142ecznej oraz zatrudnianiu os\u00f3b niepe\u0142nosprawnych (j. t. Dz. U. z 2026 r., poz. 884);<\/p>\n<p>Ustawa z dnia 12 marca 2004 r. o pomocy spo\u0142ecznej (j. t. Dz. U. z 2026 r., poz. 639);<\/p>\n<p>Ustawa z dnia 28 listopada 2003 r. o \u015bwiadczeniach rodzinnych (j. t. Dz. U. z 2025 r., poz. 1208; ost. zm. Dz. U. z 2026 r., poz. 203).<\/p>\n","protected":false},"excerpt":{"rendered":"To, jak\u0105 pomoc w o\u015brodku pomocy spo\u0142ecznej uzyska osoba z niepe\u0142nosprawno\u015bci\u0105, zale\u017cy w g\u0142\u00f3wnej mierze od przyznanego stopnia&hellip;\n","protected":false},"author":2,"featured_media":561241,"comment_status":"","ping_status":"","sticky":false,"template":"","format":"standard","meta":{"footnotes":"","_share_on_mastodon":"0"},"categories":[16],"tags":[11255,113,112,110901,4778,42,38,40,39,41,14275,20033],"class_list":["post-561240","post","type-post","status-publish","format-standard","has-post-thumbnail","category-biznes","tag-11255","tag-biznes","tag-business","tag-co-nas-czeka-w-2027-roku","tag-mops","tag-pl","tag-poland","tag-polish","tag-polska","tag-polski","tag-zasilek-pielegnacyjny","tag-zasilek-staly"],"share_on_mastodon":{"url":"https:\/\/pubeurope.com\/@pl\/116933339668346160","error":""},"_links":{"self":[{"href":"https:\/\/www.europesays.com\/pl\/wp-json\/wp\/v2\/posts\/561240","targetHints":{"allow":["GET"]}}],"collection":[{"href":"https:\/\/www.europesays.com\/pl\/wp-json\/wp\/v2\/posts"}],"about":[{"href":"https:\/\/www.europesays.com\/pl\/wp-json\/wp\/v2\/types\/post"}],"author":[{"embeddable":true,"href":"https:\/\/www.europesays.com\/pl\/wp-json\/wp\/v2\/users\/2"}],"replies":[{"embeddable":true,"href":"https:\/\/www.europesays.com\/pl\/wp-json\/wp\/v2\/comments?post=561240"}],"version-history":[{"count":0,"href":"https:\/\/www.europesays.com\/pl\/wp-json\/wp\/v2\/posts\/561240\/revisions"}],"wp:featuredmedia":[{"embeddable":true,"href":"https:\/\/www.europesays.com\/pl\/wp-json\/wp\/v2\/media\/561241"}],"wp:attachment":[{"href":"https:\/\/www.europesays.com\/pl\/wp-json\/wp\/v2\/media?parent=561240"}],"wp:term":[{"taxonomy":"category","embeddable":true,"href":"https:\/\/www.europesays.com\/pl\/wp-json\/wp\/v2\/categories?post=561240"},{"taxonomy":"post_tag","embeddable":true,"href":"https:\/\/www.europesays.com\/pl\/wp-json\/wp\/v2\/tags?post=561240"}],"curies":[{"name":"wp","href":"https:\/\/api.w.org\/{rel}","templated":true}]}}