{"id":561387,"date":"2026-07-17T05:45:37","date_gmt":"2026-07-17T05:45:37","guid":{"rendered":"https:\/\/www.europesays.com\/pl\/561387\/"},"modified":"2026-07-17T05:45:37","modified_gmt":"2026-07-17T05:45:37","slug":"oficjalnie-osmy-transfer-warty-poznan-siegnela-po-zawodnika-z-ligowego-rywala","status":"publish","type":"post","link":"https:\/\/www.europesays.com\/pl\/561387\/","title":{"rendered":"Oficjalnie: \u00f3smy transfer Warty Pozna\u0144. Si\u0119gn\u0119\u0142a po zawodnika z ligowego rywala"},"content":{"rendered":"\n<p class=\"contentpart contentpart--default contentpart--text\" data-position=\"0\">Roczny kontrakt z opcj\u0105 przed\u0142u\u017cenia na nast\u0119pne 12 miesi\u0119cy podpisa\u0142 przy Drodze D\u0119bi\u0144skiej <a href=\"https:\/\/sportowefakty.wp.pl\/pilka-nozna\/oleksandr-azackyj\" rel=\"nofollow noopener\" target=\"_blank\">O\u0142eksandr Aza\u0107kyj<\/a>. Ros\u0142y Ukrainiec (192 cm) jest lewono\u017cny i ma na koncie 22 mecze w m\u0142odzie\u017cowych reprezentacjach Ukrainy.<\/p>\n<p class=\"contentpart contentpart--default contentpart--text\" data-position=\"1\">W poprzedniej edycji 32-latek przywdziewa\u0142 barwy Polonii Bytom. Zagra\u0142 w 20 spotkaniach Betclic I ligi i asystowa\u0142 przy jednej bramce. Do ekipy &#8222;Zielonych&#8221; przeni\u00f3s\u0142 si\u0119 na zasadzie wolnego transferu po tym jak wygas\u0142 jego kontrakt z dotychczasowym pracodawc\u0105.<\/p>\n<p>  <img decoding=\"async\" src=\"https:\/\/v.wpimg.pl\/X3dwLnN2d1IFFTpdYUl6R0ZNbgcnEHQREVV2TGEGbUtRT2MdOlZ2RBQUKABgQjQcDRotCStBd1IAAWMeIlM7VgwYIAorQAdEFFk_GCkQJQ\" alt=\"\" width=\"45\" height=\"58\" loading=\"lazy\"\/>  <\/p>\n<p class=\"contentpart contentpart--default contentpart--text\" data-position=\"2\">W przesz\u0142o\u015bci Aza\u0107kyj gra\u0142 r\u00f3wnie\u017c w Arce Gdynia, Dinamie Batumi, Baniku Ostrawa, czy Torpedo Kutaisi.<\/p>\n<p class=\"contentpart contentpart--default contentpart--text\" data-position=\"3\">Wcze\u015bniej tego lata do Warty trafili tak\u017ce: <a href=\"https:\/\/sportowefakty.wp.pl\/pilka-nozna\/jakub-kendzia\" rel=\"nofollow noopener\" target=\"_blank\">Jakub Kendzia<\/a>\u00a0(ostatnio Stal Stalowa Wola), <a href=\"https:\/\/sportowefakty.wp.pl\/pilka-nozna\/karol-lysiak\" rel=\"nofollow noopener\" target=\"_blank\">Karol \u0141ysiak<\/a>\u00a0(Stal Rzesz\u00f3w), <a href=\"https:\/\/sportowefakty.wp.pl\/pilka-nozna\/bartosz-lelito\" rel=\"nofollow noopener\" target=\"_blank\">Bartosz Lelito<\/a>\u00a0(Podhale Nowy Targ), <a href=\"https:\/\/sportowefakty.wp.pl\/pilka-nozna\/adrian-wnuk\" rel=\"nofollow noopener\" target=\"_blank\">Adrian Wnuk<\/a>\u00a0(Podlasie Bia\u0142a Podlaska),\u00a0<a href=\"https:\/\/sportowefakty.wp.pl\/pilka-nozna\/aleksander-wolczek\" rel=\"nofollow noopener\" target=\"_blank\">Aleksander Wo\u0142czek<\/a>\u00a0(wypo\u017cyczony ze \u015al\u0105ska Wroc\u0142aw, ostatnio Sandecja Nowy S\u0105cz), <a href=\"https:\/\/sportowefakty.wp.pl\/pilka-nozna\/jakub-apolinarski\" rel=\"nofollow noopener\" target=\"_blank\">Jakub Apolinarski<\/a>\u00a0(Polonia Bytom) oraz <a href=\"https:\/\/sportowefakty.wp.pl\/pilka-nozna\/arkadiusz-najemski\" rel=\"nofollow noopener\" target=\"_blank\">Arkadiusz Najemski<\/a>\u00a0(Motor Lublin).<\/p>\n<p class=\"contentpart contentpart--default contentpart--text\" data-position=\"4\">ZOBACZ WIDEO: &#8222;Lewy&#8221; przem\u00f3wi\u0142. To dlatego wybra\u0142 Chicago Fire<\/p>\n","protected":false},"excerpt":{"rendered":"Roczny kontrakt z opcj\u0105 przed\u0142u\u017cenia na nast\u0119pne 12 miesi\u0119cy podpisa\u0142 przy Drodze D\u0119bi\u0144skiej O\u0142eksandr Aza\u0107kyj. Ros\u0142y Ukrainiec (192&hellip;\n","protected":false},"author":2,"featured_media":561388,"comment_status":"","ping_status":"","sticky":false,"template":"","format":"standard","meta":{"footnotes":"","_share_on_mastodon":"0"},"categories":[51609],"tags":[3640,110915,269,42,38,40,7174,39,41,1817,9538],"class_list":["post-561387","post","type-post","status-publish","format-standard","has-post-thumbnail","category-poznan","tag-betclic-i-liga","tag-oleksandr-azackyj","tag-pilka-nozna","tag-pl","tag-poland","tag-polish","tag-polonia-bytom","tag-polska","tag-polski","tag-poznan","tag-warta-poznan"],"share_on_mastodon":{"url":"https:\/\/pubeurope.com\/@pl\/116933736742325400","error":""},"_links":{"self":[{"href":"https:\/\/www.europesays.com\/pl\/wp-json\/wp\/v2\/posts\/561387","targetHints":{"allow":["GET"]}}],"collection":[{"href":"https:\/\/www.europesays.com\/pl\/wp-json\/wp\/v2\/posts"}],"about":[{"href":"https:\/\/www.europesays.com\/pl\/wp-json\/wp\/v2\/types\/post"}],"author":[{"embeddable":true,"href":"https:\/\/www.europesays.com\/pl\/wp-json\/wp\/v2\/users\/2"}],"replies":[{"embeddable":true,"href":"https:\/\/www.europesays.com\/pl\/wp-json\/wp\/v2\/comments?post=561387"}],"version-history":[{"count":0,"href":"https:\/\/www.europesays.com\/pl\/wp-json\/wp\/v2\/posts\/561387\/revisions"}],"wp:featuredmedia":[{"embeddable":true,"href":"https:\/\/www.europesays.com\/pl\/wp-json\/wp\/v2\/media\/561388"}],"wp:attachment":[{"href":"https:\/\/www.europesays.com\/pl\/wp-json\/wp\/v2\/media?parent=561387"}],"wp:term":[{"taxonomy":"category","embeddable":true,"href":"https:\/\/www.europesays.com\/pl\/wp-json\/wp\/v2\/categories?post=561387"},{"taxonomy":"post_tag","embeddable":true,"href":"https:\/\/www.europesays.com\/pl\/wp-json\/wp\/v2\/tags?post=561387"}],"curies":[{"name":"wp","href":"https:\/\/api.w.org\/{rel}","templated":true}]}}