{"id":561838,"date":"2026-07-17T10:33:09","date_gmt":"2026-07-17T10:33:09","guid":{"rendered":"https:\/\/www.europesays.com\/pl\/561838\/"},"modified":"2026-07-17T10:33:09","modified_gmt":"2026-07-17T10:33:09","slug":"orlen-buduje-hub-ladowania-pojazdow-elektrycznych-w-legnicy-przy-ul-chojnowskiej-drugi-taki-obiekt-w-miescie","status":"publish","type":"post","link":"https:\/\/www.europesays.com\/pl\/561838\/","title":{"rendered":"Orlen buduje hub \u0142adowania pojazd\u00f3w elektrycznych w Legnicy przy ul. Chojnowskiej. Drugi taki obiekt w mie\u015bcie"},"content":{"rendered":"<p>W Legnicy powstaje kolejny hub \u0142adowania pojazd\u00f3w elektrycznych. Tym razem inwestorem jest Orlen, a nowa stacja stanie przy ulicy Chojnowskiej. To ju\u017c drugi wielostanowiskowy punkt \u0142adowania w mie\u015bcie \u2014 po hubie nale\u017c\u0105cym do Tesli.<\/p>\n<p>Legnica w og\u00f3lnopolskim planie Orlenu<\/p>\n<p>Inwestycja w Legnicy nie jest przypadkowa. Miasto znalaz\u0142o si\u0119 na li\u015bcie 33 lokalizacji w Polsce, w kt\u00f3rych do ko\u0144ca 2027 roku Orlen planuje uruchomi\u0107 \u0142\u0105cznie 40 og\u00f3lnodost\u0119pnych hub\u00f3w \u0142adowania. Projekt realizowany jest w ramach umowy z Narodowym Funduszem Ochrony \u015arodowiska i Gospodarki Wodnej (NFO\u015aiGW), kt\u00f3ry dofinansowa\u0142 przedsi\u0119wzi\u0119cie kwot\u0105 63 mln z\u0142 \u2014 drugie tyle wyk\u0142ada sam koncern.<\/p>\n<p>Jak deklarowa\u0142 wcze\u015bniej Orlen, ka\u017cdy z hub\u00f3w ma dysponowa\u0107 co najmniej o\u015bmioma punktami \u0142adowania o mocy minimum 150 kW, co pozwala na jednoczesne i szybkie \u0142adowanie wielu samochod\u00f3w bez tworzenia si\u0119 kolejek.<\/p>\n<p>\u00a0Dobra lokalizacja przy S3<\/p>\n<p>O atrakcyjno\u015bci legnickiej inwestycji decyduje przede wszystkim lokalizacja przy drodze ekspresowej S3. To jedna z g\u0142\u00f3wnych tras tranzytowych w regionie, \u0142\u0105cz\u0105ca Legnic\u0119 z reszt\u0105 Dolnego \u015al\u0105ska oraz sieci\u0105 dr\u00f3g szybkiego ruchu w Polsce.<\/p>\n<p>Blisko\u015b\u0107 S3 oznacza, \u017ce z nowego hubu skorzystaj\u0105 nie tylko mieszka\u0144cy Legnicy, ale te\u017c kierowcy przeje\u017cd\u017caj\u0105cy przez miasto tranzytem. Lokalizacja przy Chojnowskiej zapewnia przy tym dogodny dojazd r\u00f3wnie\u017c z centrum miasta.<\/p>\n<p>\u00a0Legnica na mapie elektromobilno\u015bci<\/p>\n<p>Powstanie drugiego du\u017cego hubu \u0142adowania to sygna\u0142, \u017ce infrastruktura dla pojazd\u00f3w elektrycznych w Legnicy szybko si\u0119 rozwija. Po stacji Tesli miasto zyska kolejny punkt, w kt\u00f3rym kierowcy aut elektrycznych b\u0119d\u0105 mogli na\u0142adowa\u0107 pojazd bez d\u0142ugiego oczekiwania.<\/p>\n<p>Ca\u0142y program Orlenu ma zosta\u0107 zrealizowany do ko\u0144ca grudnia 2027 roku i obejmuje miasta w ca\u0142ej Polsce \u2014 od du\u017cych aglomeracji, jak Krak\u00f3w, Warszawa czy Wroc\u0142aw, po mniejsze miejscowo\u015bci le\u017c\u0105ce przy kluczowych trasach.<\/p>\n<p>Legnica do\u0142\u0105cza tym samym do grona miast, kt\u00f3re zyskuj\u0105 nowoczesn\u0105 infrastruktur\u0119 \u0142adowania \u2014 coraz istotniejsz\u0105 w miar\u0119 wzrostu liczby samochod\u00f3w elektrycznych na polskich drogach.<\/p>\n","protected":false},"excerpt":{"rendered":"W Legnicy powstaje kolejny hub \u0142adowania pojazd\u00f3w elektrycznych. Tym razem inwestorem jest Orlen, a nowa stacja stanie przy&hellip;\n","protected":false},"author":2,"featured_media":561839,"comment_status":"","ping_status":"","sticky":false,"template":"","format":"standard","meta":{"footnotes":"","_share_on_mastodon":"0"},"categories":[52097],"tags":[109072,57947,1075,9159,4027,109071,1232,774,42,38,40,39,41,109076,9104,109077,2246,109074,109073,109075],"class_list":["post-561838","post","type-post","status-publish","format-standard","has-post-thumbnail","category-orlen","tag-aktualnosci-motoryzacyjne","tag-infrastruktura-transportowa","tag-komunikacja","tag-legnica","tag-logistyka","tag-miasto-legnica","tag-motoryzacja","tag-orlen","tag-pl","tag-poland","tag-polish","tag-polska","tag-polski","tag-porady-motoryzacyjne","tag-samochody","tag-serwis-motoryzacyjny","tag-transport","tag-transport-dolny-slask","tag-transport-legnica","tag-wiadomosci-motoryzacyjne"],"share_on_mastodon":{"url":"https:\/\/pubeurope.com\/@pl\/116934869522633170","error":""},"_links":{"self":[{"href":"https:\/\/www.europesays.com\/pl\/wp-json\/wp\/v2\/posts\/561838","targetHints":{"allow":["GET"]}}],"collection":[{"href":"https:\/\/www.europesays.com\/pl\/wp-json\/wp\/v2\/posts"}],"about":[{"href":"https:\/\/www.europesays.com\/pl\/wp-json\/wp\/v2\/types\/post"}],"author":[{"embeddable":true,"href":"https:\/\/www.europesays.com\/pl\/wp-json\/wp\/v2\/users\/2"}],"replies":[{"embeddable":true,"href":"https:\/\/www.europesays.com\/pl\/wp-json\/wp\/v2\/comments?post=561838"}],"version-history":[{"count":0,"href":"https:\/\/www.europesays.com\/pl\/wp-json\/wp\/v2\/posts\/561838\/revisions"}],"wp:featuredmedia":[{"embeddable":true,"href":"https:\/\/www.europesays.com\/pl\/wp-json\/wp\/v2\/media\/561839"}],"wp:attachment":[{"href":"https:\/\/www.europesays.com\/pl\/wp-json\/wp\/v2\/media?parent=561838"}],"wp:term":[{"taxonomy":"category","embeddable":true,"href":"https:\/\/www.europesays.com\/pl\/wp-json\/wp\/v2\/categories?post=561838"},{"taxonomy":"post_tag","embeddable":true,"href":"https:\/\/www.europesays.com\/pl\/wp-json\/wp\/v2\/tags?post=561838"}],"curies":[{"name":"wp","href":"https:\/\/api.w.org\/{rel}","templated":true}]}}