{"id":562128,"date":"2026-07-17T13:34:26","date_gmt":"2026-07-17T13:34:26","guid":{"rendered":"https:\/\/www.europesays.com\/pl\/562128\/"},"modified":"2026-07-17T13:34:26","modified_gmt":"2026-07-17T13:34:26","slug":"nowy-krasnal-z-kontrowersyjna-tabliczka-zniknal-z-mostu-piaskowego-nikt-nie-wie-kto-go-tam-postawil","status":"publish","type":"post","link":"https:\/\/www.europesays.com\/pl\/562128\/","title":{"rendered":"&#8222;Nowy&#8221; krasnal z kontrowersyjn\u0105 tabliczk\u0105 znikn\u0105\u0142 z Mostu Piaskowego. Nikt nie wie, kto go tam postawi\u0142"},"content":{"rendered":"<p>Krasnal z kontrowesryjnym napisem znikn\u0105\u0142 z Wroc\u0142awia<\/p>\n<p>fot. Marek Bia\u0142ow\u0105s<\/p>\n<p>Nowy krasnal we Wroc\u0142awiu znikn\u0105\u0142 tak szybko, jak si\u0119 pojawi\u0142. Kto\u015b postawi\u0142 go na Mo\u015bcie Piaskowym i wzbudzi\u0142 tym niema\u0142\u0105 kontrowersj\u0119, gdy\u017c krasnal trzyma\u0142 w r\u0119kach napis z do\u015b\u0107 kontrowersyjnym skr\u00f3tem. ZDIUM zareagowa\u0142 i zliwkidowa\u0142 &#8222;nowego&#8221; krasnala.<\/p>\n<p style=\"text-align: justify;\">Do niedawna jeszcze fascynowa\u0142 przechodni\u00f3w, ale ju\u017c go nie ma. Kontrowersyjny krasnal z tabliczk\u0105, na kt\u00f3rej pojawi\u0142 si\u0119 pewien brzydki skr\u00f3t skierowany do funkcjonariuszy policji, zosta\u0142\u00a0zlikwidowany\u00a0przez ZDiUM.<\/p>\n<p style=\"text-align: justify;\">&#8211; Otrzymali\u015bmy zg\u0142oszenie od mieszka\u0144c\u00f3w wraz ze zdj\u0119ciami, \u017ce nowy krasnal stan\u0105\u0142 we Wroc\u0142awiu. Oczywi\u015bcie krasnal, kt\u00f3ry budzi\u0142 kontrowersje swoj\u0105 tre\u015bci\u0105, kt\u00f3ra tam zosta\u0142a zamanifestowana. W Zarz\u0105dzie Dr\u00f3g i Utrzymania Miasta sprawdzili\u015bmy t\u0119 spraw\u0119. Nie by\u0142o zgody na zamontowanie tego krasnala. Kto\u015b tutaj uczyni\u0142 sobie tak\u0105 samowolk\u0119 &#8211; m\u00f3wi Damian Kret z wroc\u0142awskiego ZDIUM.<\/p>\n<p>&#13;<br \/>\n\t\t\t\t\t\t\t\t\t\tAby ods\u0142ucha\u0107 za\u0142\u0105czonego d\u017awi\u0119ku zaktualizuj przegl\u0105dark\u0119 lub\/i wtyczk\u0119 Adobe Flash Player.&#13;\n\t\t\t\t\t\t\t\t\t<\/p>\n<p style=\"text-align: justify;\">Krasnal znajdowa\u0142 si\u0119 na Mo\u015bcie Piaskowym przy wej\u015bciu na Wysp\u0119 S\u0142odow\u0105 i Ostr\u00f3w Tumski. Zdania na jego temat by\u0142y jednak mocno podzielone w\u015br\u00f3d mieszka\u0144c\u00f3w. Pos\u0142uchajcie przechodni\u00f3w, z kt\u00f3rymi uda\u0142o nam si\u0119 porozmawia\u0107 w tym miejscu:<\/p>\n<p>&#13;<br \/>\n\t\t\t\t\t\t\t\t\t\tAby ods\u0142ucha\u0107 za\u0142\u0105czonego d\u017awi\u0119ku zaktualizuj przegl\u0105dark\u0119 lub\/i wtyczk\u0119 Adobe Flash Player.&#13;\n\t\t\t\t\t\t\t\t\t<\/p>\n<p>&#13;<br \/>\n\t\t\t\t\t\t\t\t\t\tAby ods\u0142ucha\u0107 za\u0142\u0105czonego d\u017awi\u0119ku zaktualizuj przegl\u0105dark\u0119 lub\/i wtyczk\u0119 Adobe Flash Player.&#13;\n\t\t\t\t\t\t\t\t\t<\/p>\n<p style=\"text-align: justify;\">Autor i pomys\u0142odawca projektu nadal pozostaje nieznany i anonimowy.<\/p>\n<p style=\"text-align: justify;\"><img decoding=\"async\" style=\"margin: 5px 0px 5px 0px; width: 100%; float: none;\" src=\"https:\/\/www.europesays.com\/pl\/wp-content\/uploads\/2026\/07\/krasnal-1-6a5a0b0a08e37-i9.jpg\" alt=\"\"\/><\/p>\n","protected":false},"excerpt":{"rendered":"Krasnal z kontrowesryjnym napisem znikn\u0105\u0142 z Wroc\u0142awia fot. Marek Bia\u0142ow\u0105s Nowy krasnal we Wroc\u0142awiu znikn\u0105\u0142 tak szybko, jak&hellip;\n","protected":false},"author":2,"featured_media":562129,"comment_status":"","ping_status":"","sticky":false,"template":"","format":"standard","meta":{"footnotes":"","_share_on_mastodon":"0"},"categories":[51607],"tags":[84126,83576,100468,31040,111038,31604,45289,54167,111039,42,38,40,39,41,75325,62254,71046,85500,1853,44413,111037],"class_list":["post-562128","post","type-post","status-publish","format-standard","has-post-thumbnail","category-wroclaw","tag-go","tag-kontrowersyjna","tag-krasnal","tag-kto","tag-mostu","tag-nie","tag-nikt","tag-nowy","tag-piaskowego","tag-pl","tag-poland","tag-polish","tag-polska","tag-polski","tag-postawil","tag-tabliczka","tag-tam","tag-wie","tag-wroclaw","tag-z","tag-zniknal"],"share_on_mastodon":{"url":"https:\/\/pubeurope.com\/@pl\/116935582026225357","error":""},"_links":{"self":[{"href":"https:\/\/www.europesays.com\/pl\/wp-json\/wp\/v2\/posts\/562128","targetHints":{"allow":["GET"]}}],"collection":[{"href":"https:\/\/www.europesays.com\/pl\/wp-json\/wp\/v2\/posts"}],"about":[{"href":"https:\/\/www.europesays.com\/pl\/wp-json\/wp\/v2\/types\/post"}],"author":[{"embeddable":true,"href":"https:\/\/www.europesays.com\/pl\/wp-json\/wp\/v2\/users\/2"}],"replies":[{"embeddable":true,"href":"https:\/\/www.europesays.com\/pl\/wp-json\/wp\/v2\/comments?post=562128"}],"version-history":[{"count":0,"href":"https:\/\/www.europesays.com\/pl\/wp-json\/wp\/v2\/posts\/562128\/revisions"}],"wp:featuredmedia":[{"embeddable":true,"href":"https:\/\/www.europesays.com\/pl\/wp-json\/wp\/v2\/media\/562129"}],"wp:attachment":[{"href":"https:\/\/www.europesays.com\/pl\/wp-json\/wp\/v2\/media?parent=562128"}],"wp:term":[{"taxonomy":"category","embeddable":true,"href":"https:\/\/www.europesays.com\/pl\/wp-json\/wp\/v2\/categories?post=562128"},{"taxonomy":"post_tag","embeddable":true,"href":"https:\/\/www.europesays.com\/pl\/wp-json\/wp\/v2\/tags?post=562128"}],"curies":[{"name":"wp","href":"https:\/\/api.w.org\/{rel}","templated":true}]}}