{"id":562579,"date":"2026-07-17T18:10:28","date_gmt":"2026-07-17T18:10:28","guid":{"rendered":"https:\/\/www.europesays.com\/pl\/562579\/"},"modified":"2026-07-17T18:10:28","modified_gmt":"2026-07-17T18:10:28","slug":"amfiteatr-kultury-kino-plenerowe-na-osiedlu-tbs","status":"publish","type":"post","link":"https:\/\/www.europesays.com\/pl\/562579\/","title":{"rendered":"Amfiteatr Kultury: Kino Plenerowe na osiedlu TBS"},"content":{"rendered":"\n<p>\t\t\t<a data-fancybox=\"gallery\" href=\"https:\/\/www.bialystokonline.pl\/gfx\/gfx_imprezy\/202607\/150567\/150567-max.webp\" data-caption=\"Amfiteatr Kultury: Kino Plenerowe na osiedlu TBS\" class=\"event-item-photo\" rel=\"nofollow noopener\" target=\"_blank\"><\/p>\n<p>                    <img decoding=\"async\" class=\"event-item-img\" src=\"https:\/\/www.europesays.com\/pl\/wp-content\/uploads\/2026\/07\/150567-mini1.jpg\" alt=\"Amfiteatr Kultury: Kino Plenerowe na osiedlu TBS\" title=\"Amfiteatr Kultury: Kino Plenerowe na osiedlu TBS\" width=\"300\" height=\"157\" loading=\"lazy\"\/><\/p>\n<p>            <\/a><\/p>\n<p>Bulwary \u015bw. Jana Teologa &#8211; Amfiteatr ul. Z. Herberta 107, Bia\u0142ystok<\/p>\n<p>        Mieszka\u0144cy zdecydowali!<br \/>\nCzy pami\u0119taj\u0105 Pa\u0144stwo Bud\u017cet Obywatelski 2026?<br \/>\nTo w\u0142a\u015bnie dzi\u0119ki Pa\u0144stwa g\u0142osom amfiteatr na osiedlu TBS Bacieczki nie b\u0119dzie tego lata \u015bwieci\u0142 pustkami!<\/p>\n<p>Przez ca\u0142e wakacje zamieni si\u0119 w&#8230; plenerowe kino pod gwiazdami.<\/p>\n<p>Poni\u017cej przedstawiamy repertuar pierwszych sob\u00f3t z seansami*:<br \/>&#13;<br \/>\n18 lipca \u2013 Kopni\u0119ci w czasie [2025, komedia]<br \/>&#13;<br \/>\n25 lipca \u2013 Opiekun [2023, dramat]<br \/>&#13;<br \/>\n* W przypadku z\u0142ej pogody nast\u0105pi zmiana terminu pokazu.<br \/>&#13;<br \/>\nOrganizator zastrzega sobie prawo do zmiany repertuaru.<\/p>\n<p>A kolejne filmy?<br \/>&#13;<br \/>\nTutaj g\u0142os znowu nale\u017cy do mieszka\u0144c\u00f3w.<br \/>&#13;<br \/>\nB\u0119dzie g\u0142osowanie!<\/p>\n<p>Bulwary \u015bw. Jana Teologa &#8211; Amfiteatr<br \/>&#13;<br \/>\nul. Z. Herberta 107, Bia\u0142ystok<br \/>&#13;<br \/>\nos. TBS Bacieczki<br \/>&#13;<br \/>\n<a href=\"https:\/\/maps.app.goo.gl\/YKgoZBNaYpY69fW66\" target=\"_blank\" rel=\"nofollow noopener\">https:\/\/maps.app.goo.gl\/YKgoZBNaYpY69fW66<\/a><br \/>&#13;<br \/>\nStart godz.: 21:00<br \/>&#13;<br \/>\nWst\u0119p: bezp\u0142atny!<\/p>\n<p>&#8211; &#8211; &#8211; &#8211; &#8211; &#8211; &#8211; &#8211; &#8211; &#8211;<br \/>&#13;<br \/>\nZREALIZOWANO ZE \u015aRODK\u00d3W BUD\u017bETU MIASTA BIA\u0141EGOSTOKU<br \/>&#13;<br \/>\nPROJEKT SFINANSOWANO W RAMACH BUD\u017bETU OBYWATELSKIEGO 2026<br \/>&#13;<br \/>\n&#8222;AMFITEATR KULTURY: KINO PLENEROWE NA OSIEDLU TBS&#8221;<\/p>\n<p>Organizator<br \/>\n&#13;<br \/>\n&#13;<br \/>\n&#13;<br \/>\n<img loading=\"lazy\" decoding=\"async\" src=\"https:\/\/www.europesays.com\/pl\/wp-content\/uploads\/2026\/07\/1784311828_288_adlog.gif\" width=\"0\" height=\"0\" alt=\"\" style=\"width: 0px; height: 0px;\"\/><\/p>\n<p class=\"hdrline hdrline-mod l-space-sm-top\">Zobacz tak\u017ce<\/p>\n","protected":false},"excerpt":{"rendered":"Bulwary \u015bw. Jana Teologa &#8211; Amfiteatr ul. Z. Herberta 107, Bia\u0142ystok Mieszka\u0144cy zdecydowali! Czy pami\u0119taj\u0105 Pa\u0144stwo Bud\u017cet Obywatelski&hellip;\n","protected":false},"author":2,"featured_media":562580,"comment_status":"","ping_status":"","sticky":false,"template":"","format":"standard","meta":{"footnotes":"","_share_on_mastodon":"0"},"categories":[51614],"tags":[111146,2151,51731,113,51730,3754,51738,54100,51735,4041,1096,1089,399,17334,51736,2921,3840,51734,8736,1232,120,7116,17265,19285,42,5083,38,40,39,41,6309,1756,8815,38950,123,800,4278,1323,51737,2879,253],"class_list":["post-562579","post","type-post","status-publish","format-standard","has-post-thumbnail","category-bialystok","tag-amfiteatr-kultury-kino-plenerowe-na-osiedlu-tbs-plenerowe","tag-bialystok","tag-bialystokonline","tag-biznes","tag-bstok","tag-dom","tag-drobne","tag-festyny-bialystok","tag-firm","tag-firmy","tag-hotele","tag-imprezy","tag-informacje","tag-katalog","tag-kina","tag-koncert","tag-lokale","tag-miejski","tag-mieszkanie","tag-motoryzacja","tag-nauka","tag-ogloszenia","tag-on-line","tag-online","tag-pl","tag-podlasie","tag-poland","tag-polish","tag-polska","tag-polski","tag-portal","tag-praca","tag-repertuar","tag-rozklad","tag-rozrywka","tag-teatr","tag-turystyka","tag-uroda","tag-urzedy","tag-zakupy","tag-zdrowie"],"share_on_mastodon":{"url":"https:\/\/pubeurope.com\/@pl\/116936667264096305","error":""},"_links":{"self":[{"href":"https:\/\/www.europesays.com\/pl\/wp-json\/wp\/v2\/posts\/562579","targetHints":{"allow":["GET"]}}],"collection":[{"href":"https:\/\/www.europesays.com\/pl\/wp-json\/wp\/v2\/posts"}],"about":[{"href":"https:\/\/www.europesays.com\/pl\/wp-json\/wp\/v2\/types\/post"}],"author":[{"embeddable":true,"href":"https:\/\/www.europesays.com\/pl\/wp-json\/wp\/v2\/users\/2"}],"replies":[{"embeddable":true,"href":"https:\/\/www.europesays.com\/pl\/wp-json\/wp\/v2\/comments?post=562579"}],"version-history":[{"count":0,"href":"https:\/\/www.europesays.com\/pl\/wp-json\/wp\/v2\/posts\/562579\/revisions"}],"wp:featuredmedia":[{"embeddable":true,"href":"https:\/\/www.europesays.com\/pl\/wp-json\/wp\/v2\/media\/562580"}],"wp:attachment":[{"href":"https:\/\/www.europesays.com\/pl\/wp-json\/wp\/v2\/media?parent=562579"}],"wp:term":[{"taxonomy":"category","embeddable":true,"href":"https:\/\/www.europesays.com\/pl\/wp-json\/wp\/v2\/categories?post=562579"},{"taxonomy":"post_tag","embeddable":true,"href":"https:\/\/www.europesays.com\/pl\/wp-json\/wp\/v2\/tags?post=562579"}],"curies":[{"name":"wp","href":"https:\/\/api.w.org\/{rel}","templated":true}]}}