{"id":562902,"date":"2026-07-17T21:51:10","date_gmt":"2026-07-17T21:51:10","guid":{"rendered":"https:\/\/www.europesays.com\/pl\/562902\/"},"modified":"2026-07-17T21:51:10","modified_gmt":"2026-07-17T21:51:10","slug":"zrezygnowal-z-pracy-w-polsce-wlasnie-znalazl-nowe-stanowisko","status":"publish","type":"post","link":"https:\/\/www.europesays.com\/pl\/562902\/","title":{"rendered":"Zrezygnowa\u0142 z pracy w Polsce. W\u0142a\u015bnie znalaz\u0142 nowe stanowisko"},"content":{"rendered":"\n<p class=\"contentpart contentpart--default contentpart--text\" data-position=\"0\">Po rezygnacji z funkcji dyrektora sportowego reprezentacji <a href=\"https:\/\/sportowefakty.wp.pl\/polska\" rel=\"nofollow noopener\" target=\"_blank\">Polski<\/a>\u00a0&#8211; Austriak znikn\u0105\u0142 z pierwszego planu na miesi\u0105ce od lutego do lipca. Teraz nadesz\u0142o potwierdzenie, \u017ce 52-latek b\u0119dzie wsp\u00f3\u0142pracowa\u0142 z kazachskim zwi\u0105zkiem narciarskim w roli doradcy tamtejszej kadry narodowej w <a href=\"https:\/\/sportowefakty.wp.pl\/skoki-narciarskie\" rel=\"nofollow noopener\" target=\"_blank\">skokach narciarskich<\/a>.<\/p>\n<p class=\"contentpart contentpart--default contentpart--text\" data-position=\"1\">Kazachski zwi\u0105zek ju\u017c dwa tygodnie temu informowa\u0142 w mediach spo\u0142eczno\u015bciowych: &#8222;Rozpoczyna si\u0119 nowy rozdzia\u0142 w historii kazachskich skok\u00f3w narciarskich!&#8221;. Podkre\u015blono, \u017ce <a href=\"https:\/\/sportowefakty.wp.pl\/skoki-narciarskie\/alexander-stoeckl\" rel=\"nofollow noopener\" target=\"_blank\">Alexander Stoeckl<\/a>, okre\u015blany jako jeden z najbardziej utytu\u0142owanych trener\u00f3w w historii dyscypliny, do\u0142\u0105cza do reprezentacji jako trener konsultant.<\/p>\n<p>  <img decoding=\"async\" src=\"https:\/\/v.wpimg.pl\/X3dwLnN2d1IFFTpdYUl6R0ZNbgcnEHQREVV2TGEGbUtRT2MdOlZ2RBQUKABgQjQcDRotCStBd1IAAWMeIlM7VgwYIAorQAdEFFk_GCkQJQ\" alt=\"\" width=\"45\" height=\"58\" loading=\"lazy\"\/>  <\/p>\n<p class=\"contentpart contentpart--default contentpart--text\" data-position=\"2\">W komunikacie zwi\u0105zku zaznaczono, \u017ce nie b\u0119dzie to kr\u00f3tki projekt. &#8222;Nie chodzi tylko o kr\u00f3tkotrwa\u0142\u0105 wsp\u00f3\u0142prac\u0119 &#8211; Alexander b\u0119dzie pracowa\u0142 z naszym zespo\u0142em przez ca\u0142y nadchodz\u0105cy cykl olimpijski&#8221; &#8211; og\u0142oszono, dodaj\u0105c, \u017ce wsp\u00f3lnie z trenerem Paw\u0142em Wasiljewem i pomagaj\u0105cym mu seniorem Kajratem Bijekenowem ma zainicjowa\u0107 nowy etap rozwoju kazachskiej kadry.<\/p>\n<p class=\"contentpart contentpart--default contentpart--text\" data-position=\"3\">ZOBACZ WIDEO: Obroni\u0142 pas KSW. &#8222;W mojej krwi p\u0142ynie krew wojownik\u00f3w&#8221;<\/p>\n<p class=\"contentpart contentpart--default contentpart--text\" data-position=\"5\">Sam Alexander Stoeckl w rozmowie z norweskim dziennikiem &#8222;Dagbladet&#8221; studzi jednak oczekiwania.<\/p>\n<p class=\"contentpart contentpart--default contentpart--text\" data-position=\"6\">&#8211; Jestem w kontakcie ze sztabem szkoleniowym i w wybrane dni uczestnicz\u0119 w zgrupowaniach. Moja rola to doradca i nic wi\u0119cej. To by\u0142o \u017cyczenie zwi\u0105zku z Kazachstanu, \u017ceby poinformowa\u0107 o tym publicznie &#8211; powiedzia\u0142. &#8211; Nie planuj\u0119 udzia\u0142u w zawodach Pucharu \u015awiata jako trener &#8211; doda\u0142.<\/p>\n<p>  <img decoding=\"async\" src=\"https:\/\/v.wpimg.pl\/X3dwLnN2d1IFFTpdYUl6R0ZNbgcnEHQREVV2TGEGbUtRT2MdOlZ2RBQUKABgQjQcDRotCStBd1IAAWMeIlM7VgwYIAorQAdEFFk_GCkQJQ\" alt=\"\" width=\"45\" height=\"58\" loading=\"lazy\"\/>  <\/p>\n<p class=\"contentpart contentpart--default contentpart--text\" data-position=\"7\">W latach 2011\u20132024 Stoeckl prowadzi\u0142 kadr\u0119 <a href=\"https:\/\/sportowefakty.wp.pl\/norwegia\" rel=\"nofollow noopener\" target=\"_blank\">Norwegii<\/a>, a nast\u0119pnie obj\u0105\u0142 funkcj\u0119 dyrektora sportowego w polskim zwi\u0105zku. To stanowisko piastowa\u0142 oko\u0142o p\u00f3\u0142 roku, po czym zrezygnowa\u0142 z powodu problem\u00f3w we wsp\u00f3\u0142pracy z prezesem <a href=\"https:\/\/sportowefakty.wp.pl\/moto\/adam-malysz\" rel=\"nofollow noopener\" target=\"_blank\">Adamem Ma\u0142yszem<\/a>. Teraz jasno deklaruje, \u017ce nowa misja w Kazachstanie nie oznacza powrotu do gniazda trenerskiego w Pucharze \u015awiata.<\/p>\n","protected":false},"excerpt":{"rendered":"Po rezygnacji z funkcji dyrektora sportowego reprezentacji Polski\u00a0&#8211; Austriak znikn\u0105\u0142 z pierwszego planu na miesi\u0105ce od lutego do&hellip;\n","protected":false},"author":2,"featured_media":562903,"comment_status":"","ping_status":"","sticky":false,"template":"","format":"standard","meta":{"footnotes":"","_share_on_mastodon":"0"},"categories":[24],"tags":[111184,2274,42,38,40,39,41,13539,1538,127,126,447],"class_list":["post-562902","post","type-post","status-publish","format-standard","has-post-thumbnail","category-sport","tag-alexander-stoeckl","tag-kazachstan","tag-pl","tag-poland","tag-polish","tag-polska","tag-polski","tag-ps-w-skokach-narciarskich","tag-skoki-narciarskie","tag-sport","tag-sports","tag-sporty-zimowe"],"share_on_mastodon":{"url":"","error":""},"_links":{"self":[{"href":"https:\/\/www.europesays.com\/pl\/wp-json\/wp\/v2\/posts\/562902","targetHints":{"allow":["GET"]}}],"collection":[{"href":"https:\/\/www.europesays.com\/pl\/wp-json\/wp\/v2\/posts"}],"about":[{"href":"https:\/\/www.europesays.com\/pl\/wp-json\/wp\/v2\/types\/post"}],"author":[{"embeddable":true,"href":"https:\/\/www.europesays.com\/pl\/wp-json\/wp\/v2\/users\/2"}],"replies":[{"embeddable":true,"href":"https:\/\/www.europesays.com\/pl\/wp-json\/wp\/v2\/comments?post=562902"}],"version-history":[{"count":0,"href":"https:\/\/www.europesays.com\/pl\/wp-json\/wp\/v2\/posts\/562902\/revisions"}],"wp:featuredmedia":[{"embeddable":true,"href":"https:\/\/www.europesays.com\/pl\/wp-json\/wp\/v2\/media\/562903"}],"wp:attachment":[{"href":"https:\/\/www.europesays.com\/pl\/wp-json\/wp\/v2\/media?parent=562902"}],"wp:term":[{"taxonomy":"category","embeddable":true,"href":"https:\/\/www.europesays.com\/pl\/wp-json\/wp\/v2\/categories?post=562902"},{"taxonomy":"post_tag","embeddable":true,"href":"https:\/\/www.europesays.com\/pl\/wp-json\/wp\/v2\/tags?post=562902"}],"curies":[{"name":"wp","href":"https:\/\/api.w.org\/{rel}","templated":true}]}}