{"id":563607,"date":"2026-07-18T06:45:28","date_gmt":"2026-07-18T06:45:28","guid":{"rendered":"https:\/\/www.europesays.com\/pl\/563607\/"},"modified":"2026-07-18T06:45:28","modified_gmt":"2026-07-18T06:45:28","slug":"mieli-bilety-mimo-to-nie-weszli-z-rowerami-do-pociagu-koleje-dolnoslaskie-tlumacza-to-wzgledami-bezpieczenstwa","status":"publish","type":"post","link":"https:\/\/www.europesays.com\/pl\/563607\/","title":{"rendered":"Mieli bilety, mimo to nie weszli z rowerami do poci\u0105gu. Koleje Dolno\u015bl\u0105skie t\u0142umacz\u0105 to wzgl\u0119dami bezpiecze\u0144stwa"},"content":{"rendered":"<p>Kolarze nie wsiedli do poci\u0105gu z rowerami. Koleje t\u0142umacz\u0105 to bezpiecze\u0144stwem.<\/p>\n<p>Fot: RW (zdj\u0119cie ilustracyjne)<\/p>\n<p>Mieli bilety i jechali na mistrzostwa Polski, ale z rowerami nie zostali wpuszczeni do poci\u0105gu Kolei Dolno\u015bl\u0105skich. Przewo\u017anik t\u0142umaczy decyzj\u0119 wzgl\u0119dami bezpiecze\u0144stwa i przypomina, \u017ce przew\u00f3z roweru nie jest gwarantowany.<\/p>\n<p style=\"text-align: justify;\">Kolarze z ca\u0142ej Polski podr\u00f3\u017cowali z rowerami na Mistrzostwa Polski do Polanicy-Zdroju, ale we Wroc\u0142awiu nie zostali wpuszczeni do poci\u0105gu Kolei Dolno\u015bl\u0105skich. Zabra\u0142 ich nast\u0119pny sk\u0142ad, ale ju\u017c tylko do K\u0142odzka. Do uzdrowiska musieli dojecha\u0107 na jedno\u015bladach, opowiada Radiu Wroc\u0142aw jeden z warszawskich kolarzy:<\/p>\n<p style=\"text-align: justify;\">\u2013 Osoby, kt\u00f3re by\u0142y bez rower\u00f3w wsiad\u0142y do poci\u0105gu, a ja niestety uzyska\u0142em informacj\u0119, \u017ce tak jak pozosta\u0142e osoby &#8211; kt\u00f3re sta\u0142y na peronie z rowerami &#8211; \u017ce niestety miejsca w poci\u0105gu dla nas nie ma. Mo\u017cna to kontrolowa\u0107 i wydaje mi si\u0119, \u017ce da\u0142oby si\u0119 po prostu to zrobi\u0107, \u017ceby to dzia\u0142a\u0142o dobrze.<\/p>\n<p style=\"text-align: justify;\">\n<p>&#13;<br \/>\n\t\t\t\t\t\t\t\t\t\tAby ods\u0142ucha\u0107 za\u0142\u0105czonego d\u017awi\u0119ku zaktualizuj przegl\u0105dark\u0119 lub\/i wtyczk\u0119 Adobe Flash Player.&#13;\n\t\t\t\t\t\t\t\t\t<\/p>\n<\/p>\n<p>\u00a0<br \/>\nKoleje Dolno\u015bl\u0105skie odpowiadaj\u0105<\/p>\n<p style=\"text-align: justify;\">Jak t\u0142umaczy Andrzej Padniewski z biura prasowego Kolei Dolno\u015bl\u0105skich, bilet na rower jest czasowy i ma 6 godzin wa\u017cno\u015bci. Mo\u017ce zdarza\u0107 si\u0119, \u017ce ze wzgl\u0119du na brak miejsc, konduktor nie wpu\u015bci rowerzysty do poci\u0105gu:<\/p>\n<p style=\"text-align: justify;\">\u2013 W momencie, kiedy przewiezienie roweru w ocenie kierownika poci\u0105gu zagra\u017ca bezpiecze\u0144stwu podr\u00f3\u017cnych, kierownik ma absolutnie prawo i wr\u0119cz obowi\u0105zek odm\u00f3wienia przewiezienia tego roweru i zaproszenia do kolejnego po\u0142\u0105czenia.<\/p>\n<p style=\"text-align: justify;\">\n<p>&#13;<br \/>\n\t\t\t\t\t\t\t\t\t\tAby ods\u0142ucha\u0107 za\u0142\u0105czonego d\u017awi\u0119ku zaktualizuj przegl\u0105dark\u0119 lub\/i wtyczk\u0119 Adobe Flash Player.&#13;\n\t\t\t\t\t\t\t\t\t<\/p>\n<\/p>\n<p>Problemy pojawiaj\u0105 si\u0119 na trasach, na kt\u00f3rych je\u017cd\u017c\u0105 mniejsze sk\u0142ady<\/p>\n<p style=\"text-align: justify;\">Jak dodaje Andrzej Padniewski z Kolei Dolno\u015bl\u0105skich, problem pojawia si\u0119 g\u0142ownie na g\u00f3rskich trasach, gdzie je\u017cd\u017c\u0105 niewielkie sk\u0142ady. Trudno te\u017c wykorzystywa\u0107 zakupiony wagon rowerowy, poniewa\u017c jego homologacja ogranicza pr\u0119dko\u015b\u0107 do 80 km na godzin\u0119:<\/p>\n<p style=\"text-align: justify;\">\u2013 Poci\u0105g jecha\u0142by trzy godziny do Polanicy i 5 godzin do Szklarskiej Por\u0119by i to spowodowa\u0142oby, \u017ce osoby nie korzysta\u0142yby z tego. W poci\u0105gach jest coraz wi\u0119cej miejsca na rowery. Na liniach zelektryfikowanych mamy dostosowane do ruchu rowerowego poci\u0105gi, kt\u00f3re mog\u0105 przewie\u017a\u0107 nawet trzydziestu, czterdziestu rowerzyst\u00f3w.<\/p>\n<p style=\"text-align: justify;\">\n<p>&#13;<br \/>\n\t\t\t\t\t\t\t\t\t\tAby ods\u0142ucha\u0107 za\u0142\u0105czonego d\u017awi\u0119ku zaktualizuj przegl\u0105dark\u0119 lub\/i wtyczk\u0119 Adobe Flash Player.&#13;\n\t\t\t\t\t\t\t\t\t<\/p>\n<\/p>\n<p style=\"text-align: justify;\">G\u00f3rskie kierunki, jak Polanica-Zdr\u00f3j, czy Szklarska Por\u0119ba nale\u017c\u0105 do jednych z najbardziej popularnych, je\u017celi chodzi o turystyk\u0119 rowerow\u0105 w regionie. Koleje Dolno\u015bl\u0105skie nie daj\u0105 gwarancji, \u017ce podr\u00f3\u017c z rowerem zawsze si\u0119 odb\u0119dzie.<\/p>\n","protected":false},"excerpt":{"rendered":"Kolarze nie wsiedli do poci\u0105gu z rowerami. Koleje t\u0142umacz\u0105 to bezpiecze\u0144stwem. Fot: RW (zdj\u0119cie ilustracyjne) Mieli bilety i&hellip;\n","protected":false},"author":2,"featured_media":563608,"comment_status":"","ping_status":"","sticky":false,"template":"","format":"standard","meta":{"footnotes":"","_share_on_mastodon":"0"},"categories":[51607],"tags":[111242,6226,55261,17214,4587,87978,111236,31604,42,111239,38,40,39,41,111238,111240,43260,111237,1853,111241,44413],"class_list":["post-563607","post","type-post","status-publish","format-standard","has-post-thumbnail","category-wroclaw","tag-bezpieczenstwa","tag-bilety","tag-do","tag-dolnoslaskie","tag-koleje","tag-mieli","tag-mimo","tag-nie","tag-pl","tag-pociagu","tag-poland","tag-polish","tag-polska","tag-polski","tag-rowerami","tag-tlumacza","tag-to","tag-weszli","tag-wroclaw","tag-wzgledami","tag-z"],"share_on_mastodon":{"url":"https:\/\/pubeurope.com\/@pl\/116939635234531205","error":""},"_links":{"self":[{"href":"https:\/\/www.europesays.com\/pl\/wp-json\/wp\/v2\/posts\/563607","targetHints":{"allow":["GET"]}}],"collection":[{"href":"https:\/\/www.europesays.com\/pl\/wp-json\/wp\/v2\/posts"}],"about":[{"href":"https:\/\/www.europesays.com\/pl\/wp-json\/wp\/v2\/types\/post"}],"author":[{"embeddable":true,"href":"https:\/\/www.europesays.com\/pl\/wp-json\/wp\/v2\/users\/2"}],"replies":[{"embeddable":true,"href":"https:\/\/www.europesays.com\/pl\/wp-json\/wp\/v2\/comments?post=563607"}],"version-history":[{"count":0,"href":"https:\/\/www.europesays.com\/pl\/wp-json\/wp\/v2\/posts\/563607\/revisions"}],"wp:featuredmedia":[{"embeddable":true,"href":"https:\/\/www.europesays.com\/pl\/wp-json\/wp\/v2\/media\/563608"}],"wp:attachment":[{"href":"https:\/\/www.europesays.com\/pl\/wp-json\/wp\/v2\/media?parent=563607"}],"wp:term":[{"taxonomy":"category","embeddable":true,"href":"https:\/\/www.europesays.com\/pl\/wp-json\/wp\/v2\/categories?post=563607"},{"taxonomy":"post_tag","embeddable":true,"href":"https:\/\/www.europesays.com\/pl\/wp-json\/wp\/v2\/tags?post=563607"}],"curies":[{"name":"wp","href":"https:\/\/api.w.org\/{rel}","templated":true}]}}