{"id":563634,"date":"2026-07-18T06:59:14","date_gmt":"2026-07-18T06:59:14","guid":{"rendered":"https:\/\/www.europesays.com\/pl\/563634\/"},"modified":"2026-07-18T06:59:14","modified_gmt":"2026-07-18T06:59:14","slug":"karol-nawrocki-podpisal-dziewiec-ustaw-a-dwie-zawetowal-frankowicze-i-ofiary-patostreamerow-moga-mowic-o-dobrym-dniu","status":"publish","type":"post","link":"https:\/\/www.europesays.com\/pl\/563634\/","title":{"rendered":"Karol Nawrocki podpisa\u0142 dziewi\u0119\u0107 ustaw, a dwie zawetowa\u0142. Frankowicze i ofiary patostreamer\u00f3w mog\u0105 m\u00f3wi\u0107 o dobrym dniu"},"content":{"rendered":"<p>Nie trzeba by\u0107 Nostradamusem, by przewidzie\u0107 zawetowanie ustawy o statusie osoby najbli\u017cszej<\/p>\n<p class=\"paragraph text-base xl:text-lg\">Jednym z g\u0142o\u015bniejszych pi\u0105tkowych wydarze\u0144 okaza\u0142o si\u0119 prezydenckie weto pod ustaw\u0105 o statusie osoby najbli\u017cszej w zwi\u0105zku i umowie o wsp\u00f3lnym po\u017cyciu. \u015aci\u015blej m\u00f3wi\u0105c, by\u0142y to dwie zawetowane ustawy: &#8222;g\u0142\u00f3wny&#8221; akt prawny oraz przepisy, kt\u00f3re go wprowadzaj\u0105 do systemu prawnego.<\/p>\n<p class=\"paragraph text-base xl:text-lg\">Prawd\u0119 m\u00f3wi\u0105c, absolutnie nie jestem tym wetem zaskoczony. Wydaje si\u0119 wr\u0119cz, \u017ce taka decyzja otwarcie konserwatywnego prezydenta by\u0142a wr\u0119cz oczywisto\u015bci\u0105. Na uwag\u0119 zas\u0142uguje tak naprawd\u0119 bezpo\u015bredni pow\u00f3d weta, kt\u00f3ry Karol Nawrocki wskaza\u0142 w swoim wyst\u0105pieniu:<\/p>\n<p class=\"paragraph text-base xl:text-lg\">Niestety, to, co do mnie trafi\u0142o, to nie s\u0105 to wy\u0142\u0105cznie techniczne ustawy, kt\u00f3re pomagaj\u0105 ludziom w dost\u0119pie do informacji medycznej, reprezentowaniu bliskiej osoby czy za\u0142atwianiu spraw w urz\u0119dzie. Te projekty tworz\u0105 now\u0105, sformalizowan\u0105 instytucj\u0119 prawa rodzinnego, wyposa\u017con\u0105 w szeroki katalog uprawnie\u0144 zbli\u017conych do uprawnie\u0144 ma\u0142\u017ce\u0144skich.<\/p>\n<p class=\"paragraph text-base xl:text-lg\">Zwraca\u0142em ju\u017c uwag\u0119 na \u0142amach Bezprawnika, \u017ce pomys\u0142 wci\u015bni\u0119cia do statusu osoby najbli\u017cszej tak\u017ce najwa\u017cniejszego podatkowego przywileju ma\u0142\u017ce\u0144stw w postaci prawa do wsp\u00f3lnego rozliczania dochodu to proszenie si\u0119 o weto.<\/p>\n<p class=\"paragraph text-base xl:text-lg\">Zaryzykowa\u0142bym stwierdzenie, \u017ce o wiele wa\u017cniejsze wydaj\u0105 si\u0119 te ustawy, kt\u00f3re doczeka\u0142y si\u0119 prezydenckiego podpisu. Jest ich a\u017c dziewi\u0119\u0107.<\/p>\n<p>Ustawa frankowa ma przede wszystkim odetka\u0107 s\u0105dy<\/p>\n<p class=\"paragraph text-base xl:text-lg\">Zacznijmy od ustawy frankowej. Przypomnijmy: <a href=\"https:\/\/bezprawnik.pl\/nowy-projekt-ustawy-frankowej\/\" rel=\"nofollow noopener\" target=\"_blank\">nowy projekt ustawy frankowej<\/a> Rada Ministr\u00f3w przyj\u0119\u0142a jeszcze jesieni\u0105 2025 r. Podstawowym celem nowych przepis\u00f3w jest przyspieszenie rozpoznawania spraw, kt\u00f3rych masowy charakter dramatycznie obci\u0105\u017cy\u0142 polskie s\u0105dy cywilne. R\u00f3wnocze\u015bnie jej rozwi\u0105zania w za\u0142o\u017ceniu powinny wzmacnia\u0107 pozycj\u0119 konsumenta wzgl\u0119dem bank\u00f3w. Zwraca\u0142 na to uwag\u0119 prezydent Nawrocki:<\/p>\n<p class=\"paragraph text-base xl:text-lg\">Setki tysi\u0119cy obywateli od lat czekaj\u0105 na rozstrzygni\u0119cie spor\u00f3w z instytucjami finansowymi. Sprawy frankowe sta\u0142y si\u0119 jednym z g\u0142\u00f3wnych \u017ar\u00f3de\u0142 przeci\u0105\u017cenia s\u0105d\u00f3w cywilnych. Ustawa ma przyspieszy\u0107 procesy i ograniczy\u0107 energi\u0119 si\u0142 mi\u0119dzy konsumentem a du\u017c\u0105 instytucj\u0105 finansow\u0105.<\/p>\n<p class=\"paragraph text-base xl:text-lg\">Nie jest to zreszt\u0105 diagnoza przesadzona \u2014 <a href=\"https:\/\/bezprawnik.pl\/sprawy-frankowe-w-sadach\/\" rel=\"nofollow noopener\" target=\"_blank\">sprawy frankowe w s\u0105dach<\/a> od lat blokuj\u0105 prac\u0119 wydzia\u0142\u00f3w cywilnych s\u0105d\u00f3w okr\u0119gowych.<\/p>\n<p>Frankowicze w pewnym sensie skorzystaj\u0105 nawet na tym jednym rozwi\u0105zaniu id\u0105cym po my\u015bli bank\u00f3w<\/p>\n<p class=\"paragraph text-base xl:text-lg\">Najwa\u017cniejsz\u0105 zmian\u0105 wydaje si\u0119 wstrzymanie obowi\u0105zku sp\u0142aty rat kredytu z chwil\u0105 dor\u0119czenia pozwu bankowi do momentu wydania prawomocnego rozstrzygni\u0119cia przez s\u0105d.<\/p>\n<p class=\"paragraph text-base xl:text-lg\">R\u00f3wnocze\u015bnie mo\u017cemy liczy\u0107 na kilka usprawnie\u0144 procesowych. Rozszerzono mo\u017cliwo\u015b\u0107 prowadzenia rozpraw niejawnych, umo\u017cliwiono przes\u0142uchiwanie \u015bwiadk\u00f3w zdalnie oraz sk\u0142adania zezna\u0144 przez strony na pi\u015bmie.<\/p>\n<p class=\"paragraph text-base xl:text-lg\">Umorzenie post\u0119powania w przypadku cofni\u0119cia pozwu albo apelacji nie b\u0119dzie ju\u017c wymaga\u0142o anga\u017cowania &#8222;pe\u0142noprawnego&#8221; s\u0119dziego. Stosown\u0105 decyzj\u0119 b\u0119d\u0105 mogli wyda\u0107 referendarze.<\/p>\n<p class=\"paragraph text-base xl:text-lg\">S\u0105d Najwy\u017cszy b\u0119dzie m\u00f3g\u0142 pozostawia\u0107 bez rozpoznania skargi kasacyjne bank\u00f3w, gdy w sprawie nie wyst\u0119puje ju\u017c istotne zagadnienie prawne lub nie istnieje potrzeba wyk\u0142adni przepis\u00f3w prawa.<\/p>\n<p class=\"paragraph text-base xl:text-lg\">Na uwag\u0119 zas\u0142uguje tak\u017ce do\u015b\u0107 kontrowersyjne wyd\u0142u\u017cenie terminu na wniesienie przez banki pow\u00f3dztwa wzajemnego. Teraz b\u0119d\u0105 mia\u0142y czas a\u017c do zako\u0144czenia post\u0119powania w pierwszej instancji. Brzmi niekorzystnie dla konsument\u00f3w, ale w praktyce chodzi o to, by obydwa aspekty tego samego sporu m\u00f3c rozpoznawa\u0107 w ramach jednego post\u0119powania.<\/p>\n<p>Nareszcie pa\u0144stwo dostanie narz\u0119dzie pozwalaj\u0105ce posy\u0142a\u0107 patostreamer\u00f3w do wi\u0119zienia<\/p>\n<p class=\"paragraph text-base xl:text-lg\">Drug\u0105 g\u0142o\u015bn\u0105 ustaw\u0105 jest zakaz patostreamingu. Warto przypomnie\u0107, \u017ce pierwsza <a href=\"https:\/\/bezprawnik.pl\/ustawa-zakazujaca-patostreamow\/\" rel=\"nofollow noopener\" target=\"_blank\">ustawa zakazuj\u0105ca patostream\u00f3w<\/a> trafi\u0142a do Sejmu ju\u017c w 2023 r., ale nigdy nie zosta\u0142a uchwalona. Obecna regulacja sprowadza si\u0119 przede wszystkim do wprowadzenia nowego przepisu kodeksu karnego w postaci art. 255b. Zakaz obejmuje publikowanie w celu osi\u0105gni\u0119cia korzy\u015bci maj\u0105tkowej lub osobistej okre\u015blonych tre\u015bci, kt\u00f3re mo\u017cemy podzieli\u0107 na trzy kategorie:<\/p>\n<p>pope\u0142nienie czynu zabronionego kar\u0105 wi\u0119zienia, gdy przedmiotem zamachu jest czyje\u015b dobro osobiste;<\/p>\n<p>przemoc wobec zwierz\u0119cia z naruszeniem przepis\u00f3w dowolnej ustawy;<\/p>\n<p>poni\u017caj\u0105ce traktowanie innej osoby, w tym tak\u017ce za jej zgod\u0105.<\/p>\n<p class=\"paragraph text-base xl:text-lg\">Sprawc\u0119 czeka kara do 3 lat pozbawienia wolno\u015bci. Wystarczy nawet sprawianie wra\u017cenia, \u017ce dana audycja wype\u0142nia kt\u00f3r\u0105\u015b ze wskazanych przed chwil\u0105 przes\u0142anek. Je\u017celi &#8222;bohaterem&#8221; patostreamingu jest ma\u0142oletni, to zagro\u017cenie kar\u0105 ro\u015bnie do poziomu od 3 miesi\u0119cy do 5 lat pozbawienia wolno\u015bci.<\/p>\n<p>Prezydenckie zastrze\u017cenia s\u0105 ju\u017c w\u0142a\u015bciwie rozwi\u0105zane przez obowi\u0105zuj\u0105ce od lat przepisy<\/p>\n<p class=\"paragraph text-base xl:text-lg\">Karol Nawrocki podpisa\u0142 ustaw\u0119, ale r\u00f3wnocze\u015bnie wytkn\u0105\u0142 jej kilka wa\u017cnych mankament\u00f3w. Zdaniem prezydenta &#8222;brakuje w niej dostatecznie precyzyjnej definicji patostreamingu&#8221;. Zwr\u00f3ci\u0142 tak\u017ce uwag\u0119 na potencjalne problemy interpretacyjne co do jurysdykcji.<\/p>\n<p class=\"paragraph text-base xl:text-lg\">Powstaj\u0105 te\u017c w\u0105tpliwo\u015bci co do egzekwowania prawa wobec transmisji prowadzonych spoza granic Rzeczpospolitej. Te zastrze\u017cenia s\u0105 powa\u017cne i powinny zosta\u0107 uwzgl\u0119dnione w przysz\u0142ych pracach legislacyjnych.<\/p>\n<p class=\"paragraph text-base xl:text-lg\">Na szcz\u0119\u015bcie problem rozwi\u0105zuj\u0105 art. 109 i 110 kodeksu karnego:<\/p>\n<p class=\"paragraph text-base xl:text-lg\">Ustaw\u0119 karn\u0105 polsk\u0105 stosuje si\u0119 do obywatela polskiego, kt\u00f3ry pope\u0142ni\u0142 przest\u0119pstwo za granic\u0105.<\/p>\n<p class=\"paragraph text-base xl:text-lg\">\u00a7 1. Ustaw\u0119 karn\u0105 polsk\u0105 stosuje si\u0119 do cudzoziemca, kt\u00f3ry pope\u0142ni\u0142 za granic\u0105 czyn zabroniony skierowany przeciwko interesom Rzeczypospolitej Polskiej, obywatela polskiego, polskiej osoby prawnej lub polskiej jednostki organizacyjnej niemaj\u0105cej osobowo\u015bci prawnej oraz do cudzoziemca, kt\u00f3ry pope\u0142ni\u0142 za granic\u0105 przest\u0119pstwo o charakterze terrorystycznym. \u00a7 2. Ustaw\u0119 karn\u0105 polsk\u0105 stosuje si\u0119 w razie pope\u0142nienia przez cudzoziemca za granic\u0105 czynu zabronionego innego ni\u017c wymieniony w \u00a7 1, je\u017celi czyn zabroniony jest w ustawie karnej polskiej zagro\u017cony kar\u0105 przekraczaj\u0105c\u0105 2 lata pozbawienia wolno\u015bci, a sprawca przebywa na terytorium Rzeczypospolitej Polskiej i nie postanowiono go wyda\u0107.<\/p>\n<p>Pojawi\u0105 si\u0119 narz\u0119dzia pozwalaj\u0105ce \u015bledzi\u0107 zarobki medyk\u00f3w niczym faktury w KSeF<\/p>\n<p class=\"paragraph text-base xl:text-lg\">Trzeci\u0105 z podpisanych ustaw, kt\u00f3re zas\u0142uguj\u0105 na szersze om\u00f3wienie, jest ustawa o danych wynagrodze\u0144 personelu medycznego. Nie da si\u0119 ukry\u0107, \u017ce jej powstanie jest pok\u0142osiem serii afer, kt\u00f3r\u0105 zapocz\u0105tkowa\u0142 przypadek Szpitala Po\u0142udniowego w Warszawie. Skala problemu okaza\u0142a si\u0119 zreszt\u0105 znacznie szersza \u2014 media ujawni\u0142y p\u00f3\u017aniej rachunki opiewaj\u0105ce na <a href=\"https:\/\/bezprawnik.pl\/nawet-26000-zl-za-godzine-pracy-lekarzy\/\" rel=\"nofollow noopener\" target=\"_blank\">nawet 26 000 z\u0142 za godzin\u0119 pracy lekarzy<\/a>.<\/p>\n<p class=\"paragraph text-base xl:text-lg\">Tym samym nie ma si\u0119 co dziwi\u0107 Karolowi Nawrockiemu, \u017ce postanowi\u0142 wytkn\u0105\u0107 rz\u0105dz\u0105cym nie tylko po\u015bpiech i brak konsultacji spo\u0142ecznych, ale tak\u017ce genez\u0119 ca\u0142ej ustawy:<\/p>\n<p class=\"paragraph text-base xl:text-lg\">To wynik ujawnionych w ostatnim czasie przez media skandalicznych praktyk i nadu\u017cy\u0107 w s\u0142u\u017cbie zdrowia, na czele z t\u0105 najg\u0142o\u015bniejsz\u0105 w Szpitalu Po\u0142udniowym w Warszawie.<\/p>\n<p class=\"paragraph text-base xl:text-lg\">R\u00f3wnocze\u015bnie jednak zdecydowa\u0142 o jej podpisaniu, gdy\u017c uzna\u0142, \u017ce w obecnej sytuacji wi\u0119kszym zagro\u017ceniem od ewentualnego ujawnienia danych o zarobkach lekarzy jest pozostawienie systemu bez dostatecznych mechanizm\u00f3w kontroli.<\/p>\n<p>Naczelna Izba Lekarska apelowa\u0142a do prezydenta o weto<\/p>\n<p class=\"paragraph text-base xl:text-lg\">Co dok\u0142adnie zmienia ustawa? Dane o wynagrodzeniach lekarzy, piel\u0119gniarek oraz pozosta\u0142ego niemedycznego personelu szpitali b\u0119d\u0105 raportowane do Agencji Oceny Technologii Medycznych i Taryfikacji w powi\u0105zaniu z numerem PESEL lub prawa wykonywania zawodu. Fiskus w podobny spos\u00f3b patrzy ju\u017c na r\u0119ce przedsi\u0119biorcom \u2014 <a href=\"https:\/\/bezprawnik.pl\/obowiazkowy-ksef-od-kwietnia-2026\/\" rel=\"nofollow noopener\" target=\"_blank\">obowi\u0105zkowy KSeF od kwietnia 2026<\/a> r. daje mu wgl\u0105d w faktury w czasie rzeczywistym.<\/p>\n<p class=\"paragraph text-base xl:text-lg\">Naczelna Izba Lekarska apelowa\u0142a do prezydenta o weto. Argumentowa\u0142a przy tym z jednej strony wspomniane ju\u017c zagro\u017cenie dla ochrony ich danych osobowych, z drugiej za\u015b Naczelna Izba Lekarska sugerowa\u0142a, \u017ce dane o wynagrodzeniach lekarskich s\u0142u\u017cy\u0107 b\u0119d\u0105 rz\u0105dowi do wybierania skrajnych przypadk\u00f3w, by m\u00f3c odrzuca\u0107 wszelkie \u017c\u0105dania p\u0142acowe medyk\u00f3w.<\/p>\n<p>Koniec z absurdem uznawania za ci\u0119\u017car\u00f3wk\u0119 osob\u00f3wki z przyczep\u0105 kempingow\u0105<\/p>\n<p class=\"paragraph text-base xl:text-lg\">Czwarta podpisana ustawa to nowelizacja ustawy o drogach publicznych, kt\u00f3ra racjonalizuje spos\u00f3b dzia\u0142ania systemu e-TOLL. Wprowadza ona rozwi\u0105zanie pozwalaj\u0105ce na zwolnienie z op\u0142at samochod\u00f3w osobowych z przyczepami kempingowymi albo przewo\u017c\u0105cymi w ten spos\u00f3b \u0142\u00f3d\u017a.<\/p>\n<p class=\"paragraph text-base xl:text-lg\">Samo zwolnienie sprowadza si\u0119 do zmiany definicji &#8222;pojazdu o dopuszczalnej masie ca\u0142kowitej powy\u017cej 3,5 tony&#8221;. Nowe brzmienie art. 13 ust. 1 wyra\u017anie wskazuje, \u017ce w przypadku zespo\u0142u pojazd\u00f3w interesuje nas wy\u0142\u0105cznie masa ca\u0142kowita samego pojazdu samochodowego. Na uwag\u0119 zas\u0142uguje komentarz prezydenta co do skutk\u00f3w poprzedniego brzmienia przepis\u00f3w:<\/p>\n<p class=\"paragraph text-base xl:text-lg\">Samoch\u00f3d osobowy ci\u0105gn\u0105cy przyczep\u0119 kempingow\u0105 nie jest ci\u0119\u017car\u00f3wk\u0105, dlatego polska rodzina jad\u0105ca na wakacje nie powinna by\u0107 traktowana przez system op\u0142at drogowych tak samo jak wielka firma transportowa realizuj\u0105ca przewozy towarowe. Dotychczasowe rozwi\u0105zanie by\u0142o przyk\u0142adem prawa oderwanego od zdrowego rozs\u0105dku. Te przepisy przywracaj\u0105 proporcj\u0119 pomi\u0119dzy charakterem pojazdu a nak\u0142adanymi na niego obci\u0105\u017ceniami.<\/p>\n<p>Bon senioralny wejdzie w \u017cycie pomimo obiekcji prezydenta<\/p>\n<p class=\"paragraph text-base xl:text-lg\">Prezydent podpisa\u0142 tak\u017ce ustaw\u0119 o bonie senioralnym. Przypomnijmy: za pomoc\u0105 takiego bonu pa\u0144stwo op\u0142aci profesjonalne us\u0142ugi, kt\u00f3re pomog\u0105 osobie starszej w codziennym funkcjonowaniu we w\u0142asnym domu.<\/p>\n<p class=\"paragraph text-base xl:text-lg\">Karol Nawrocki wytkn\u0105\u0142 jednak priorytet dla gmin, kt\u00f3re dotychczas nie rozwija\u0142y us\u0142ug opieku\u0144czych, kosztem samorz\u0105d\u00f3w od lat inwestuj\u0105cych we wsparcie dla senior\u00f3w, oraz ograniczenie skali wsparcia wzgl\u0119dem wcze\u015bniejszych zapowiedzi rz\u0105du:<\/p>\n<p class=\"paragraph text-base xl:text-lg\">Wsparcie os\u00f3b starszych nie mo\u017ce by\u0107 ja\u0142mu\u017cn\u0105 ani zb\u0119dnym kosztem. Jest wyrazem solidarno\u015bci i sp\u0142at\u0105 d\u0142ugu wdzi\u0119czno\u015bci wobec pokolenia, kt\u00f3re budowa\u0142o fundamenty wsp\u00f3\u0142czesnej Polski. Ustawa jest jednak znacznie skromniejsza ni\u017c wcze\u015bniejsze zapowiedzi rz\u0105du.<\/p>\n<p>Pozosta\u0142e podpisane ustawy to przede wszystkim racjonalizacja ju\u017c istniej\u0105cych rozwi\u0105za\u0144<\/p>\n<p class=\"paragraph text-base xl:text-lg\">Karol Nawrocki podpisa\u0142 tak\u017ce ustaw\u0119 o cyfryzacji Pracowniczych Plan\u00f3w Kapita\u0142owych, kt\u00f3ra wprowadza zdroworozs\u0105dkowe zmiany, maj\u0105ce jednak charakter czysto techniczny i sprowadzaj\u0105ce si\u0119 do ograniczenia &#8222;tradycyjnego&#8221; obiegu papierowych dokument\u00f3w. Ot, ZUS b\u0119dzie m\u00f3g\u0142 wysy\u0142a\u0107 pracodawcom dokumenty za pomoc\u0105 swojej Platformy Us\u0142ug Elektronicznych.<\/p>\n<p class=\"paragraph text-base xl:text-lg\">Si\u00f3dma ustawa z prezydenckim podpisem to &#8222;ratunkowa&#8221; ustawa, kt\u00f3ra dotyczy ewaluacji jednostek naukowych. W gruncie rzeczy chodzi w niej o to, by zapewni\u0107 doktorantom uczelni, kt\u00f3re wypad\u0142y s\u0142abo, mo\u017cliwo\u015b\u0107 dalszego kontynuowania kszta\u0142cenia w tym samym miejscu z zachowaniem prawa do ubezpiecze\u0144 oraz faktycznego uzyskania tytu\u0142u zawodowego doktora.<\/p>\n<p class=\"paragraph text-base xl:text-lg\">Podpisu doczeka\u0142a si\u0119 tak\u017ce ustawa dotycz\u0105ca ubezpiecze\u0144 rolnych. Kluczowym za\u0142o\u017ceniem tego aktu prawnego jest uniezale\u017cnienie wysoko\u015bci dop\u0142at do sk\u0142adek ubezpieczeniowych od klasy bonitacyjnej grunt\u00f3w. R\u00f3wnocze\u015bnie nowa ustawa upraszcza zasady ich naliczania oraz rozszerza katalog upraw, kt\u00f3re obejmuj\u0105, o wierzb\u0119 do wyplatania i trawy nasienne.<\/p>\n<p>Nowelizacja ustawy o pomocy spo\u0142ecznej trafi do TK<\/p>\n<p class=\"paragraph text-base xl:text-lg\">Na koniec nale\u017cy wspomnie\u0107 o nowelizacji ustawy o pomocy spo\u0142ecznej. Prezydent j\u0105 podpisa\u0142, ale r\u00f3wnocze\u015bnie skierowa\u0142 w formie kontroli nast\u0119pczej do Trybuna\u0142u Konstytucyjnego.<\/p>\n<p class=\"paragraph text-base xl:text-lg\">Teoretycznie chodzi o uporz\u0105dkowanie i ujednolicenie zasad \u015bwiadczenia us\u0142ug opieku\u0144czych w miejscu zamieszkania osoby potrzebuj\u0105cej. G\u0142owa pa\u0144stwa zgadza si\u0119 z kierunkiem zmian.<\/p>\n<p class=\"paragraph text-base xl:text-lg\">Nie podoba mu si\u0119 jednak skala potencjalnej ingerencji w samodzielno\u015b\u0107 jednostek samorz\u0105du terytorialnego. W tym kontek\u015bcie zwr\u00f3ci\u0142 uwag\u0119 na wym\u00f3g organizowania opieki od rana do nocy 7 dni w tygodniu, w tym tak\u017ce w \u015bwi\u0119ta. Nie chodzi o to, \u017ce sam pomys\u0142 jest z\u0142y. Po prostu nowelizacja nie uwzgl\u0119dnia, \u017ce dany samorz\u0105d mo\u017ce nie mie\u0107 ku temu mo\u017cliwo\u015bci.<\/p>\n<p class=\"paragraph text-base xl:text-lg\">Nak\u0142adanie nowych, kosztownych obowi\u0105zk\u00f3w bez zapewnienia realnego \u017ar\u00f3d\u0142a ich finansowania nie jest wy\u0142\u0105cznie b\u0142\u0119dem technicznym; mo\u017ce stanowi\u0107 ingerencj\u0119 w istot\u0119 polskiej samorz\u0105dno\u015bci.<\/p>\n<p>Obserwuj nas w Google Discover<\/p>\n<p><img alt=\"Google Discover\" loading=\"lazy\" width=\"56\" height=\"56\" decoding=\"async\" data-nimg=\"1\" class=\"rounded-md w-[40px] h-[40px] xl:w-14 xl:h-14\" style=\"color:transparent;object-fit:cover\" src=\"https:\/\/www.europesays.com\/pl\/wp-content\/uploads\/2026\/07\/1784357954_495_icon.png\"\/><\/p>\n<p>Podobaj\u0105 Ci si\u0119 nasze tre\u015bci?<\/p>\n<p>Google Discover<\/p>\n<p><a class=\"flex-shrink-0 rounded-lg bg-dark\/10 px-4 py-2 xl:px-6 xl:py-3 text-center text-sm font-semibold hover:bg-dark\/20 dark:bg-light\/10 dark:hover:bg-light\/30\" rel=\"nofollow noopener\" target=\"_blank\" href=\"https:\/\/profile.google.com\/cp\/Cg0vZy8xMWgwemt3dHhu\">Obserwuj<\/a><\/p>\n","protected":false},"excerpt":{"rendered":"Nie trzeba by\u0107 Nostradamusem, by przewidzie\u0107 zawetowanie ustawy o statusie osoby najbli\u017cszej Jednym z g\u0142o\u015bniejszych pi\u0105tkowych wydarze\u0144 okaza\u0142o&hellip;\n","protected":false},"author":2,"featured_media":563635,"comment_status":"","ping_status":"","sticky":false,"template":"","format":"standard","meta":{"footnotes":"","_share_on_mastodon":"0"},"categories":[62712],"tags":[16486,7850,690,10780,111250,6981,1005,11319,8206,3455,11057],"class_list":["post-563634","post","type-post","status-publish","format-standard","has-post-thumbnail","category-karol-nawrocki","tag-e-toll","tag-frankowicze","tag-karol-nawrocki","tag-lekarz","tag-patostream","tag-ppk","tag-prezydent","tag-rolnicy","tag-weto","tag-zarobki","tag-zwiazki-partnerskie"],"share_on_mastodon":{"url":"https:\/\/pubeurope.com\/@pl\/116939690757532119","error":""},"_links":{"self":[{"href":"https:\/\/www.europesays.com\/pl\/wp-json\/wp\/v2\/posts\/563634","targetHints":{"allow":["GET"]}}],"collection":[{"href":"https:\/\/www.europesays.com\/pl\/wp-json\/wp\/v2\/posts"}],"about":[{"href":"https:\/\/www.europesays.com\/pl\/wp-json\/wp\/v2\/types\/post"}],"author":[{"embeddable":true,"href":"https:\/\/www.europesays.com\/pl\/wp-json\/wp\/v2\/users\/2"}],"replies":[{"embeddable":true,"href":"https:\/\/www.europesays.com\/pl\/wp-json\/wp\/v2\/comments?post=563634"}],"version-history":[{"count":0,"href":"https:\/\/www.europesays.com\/pl\/wp-json\/wp\/v2\/posts\/563634\/revisions"}],"wp:featuredmedia":[{"embeddable":true,"href":"https:\/\/www.europesays.com\/pl\/wp-json\/wp\/v2\/media\/563635"}],"wp:attachment":[{"href":"https:\/\/www.europesays.com\/pl\/wp-json\/wp\/v2\/media?parent=563634"}],"wp:term":[{"taxonomy":"category","embeddable":true,"href":"https:\/\/www.europesays.com\/pl\/wp-json\/wp\/v2\/categories?post=563634"},{"taxonomy":"post_tag","embeddable":true,"href":"https:\/\/www.europesays.com\/pl\/wp-json\/wp\/v2\/tags?post=563634"}],"curies":[{"name":"wp","href":"https:\/\/api.w.org\/{rel}","templated":true}]}}