{"id":563997,"date":"2026-07-18T10:58:14","date_gmt":"2026-07-18T10:58:14","guid":{"rendered":"https:\/\/www.europesays.com\/pl\/563997\/"},"modified":"2026-07-18T10:58:14","modified_gmt":"2026-07-18T10:58:14","slug":"letnie-kapieliska-w-okolicach-wroclawia-sa-nieczynne-sanepid-wykryl-zagrozenie-w-wodzie","status":"publish","type":"post","link":"https:\/\/www.europesays.com\/pl\/563997\/","title":{"rendered":"Letnie k\u0105pieliska w okolicach Wroc\u0142awia s\u0105 nieczynne. Sanepid wykry\u0142 zagro\u017cenie w wodzie"},"content":{"rendered":"\n<p>                <a target=\"_blank\" href=\"http:\/\/www.wykop.pl\/dodaj\/link\/?url=https%3A%2F%2Fwww.radiowroclaw.pl%2Farticles%2Fview%2F162385%2FLetnie-kapieliska-w-okolicach-Wroclawia-sa-nieczynne-Sanepid-wykryl-zagrozenie-w-wodzie&amp;title=Letnie+k%C4%85pieliska+w+okolicach+Wroc%C5%82awia+s%C4%85+nieczynne.+Sanepid+wykry%C5%82+zagro%C5%BCenie+w+wodzie&amp;desc=Kolejne+k%C4%85pieliska+w+okolicach+Wroc%C5%82awia+zosta%C5%82y+zamkni%C4%99te.+We+Wroc%C5%82awiu+zakaz+obowi%C4%85zuje+na+k%C4%85pielisku+Kr%C3%B3lewiecka%2C+a+z+wody+nie+mo%C5%BCna+korzysta%C4%87+tak%C5%BCe+w+B%C5%82%C4%99kitnej+Lagunie+w+Siechnicach.\" rel=\"nofollow noopener\"><img decoding=\"async\" alt=\"Dodaj do Wykop.pl\" src=\"https:\/\/www.radiowroclaw.pl\/nlayout\/layout\/wykop-social.svg\"\/><\/a><\/p>\n<p>    <img decoding=\"async\" src=\"https:\/\/www.europesays.com\/pl\/wp-content\/uploads\/2026\/07\/ikEoXrYyj6.jpg\" class=\"w-100\" alt=\"Letnie k\u0105pieliska w okolicach Wroc\u0142awia s\u0105 nieczynne. Sanepid wykry\u0142 zagro\u017cenie w wodzie - K\u0105pieliska zamkni\u0119te. Powodem sinice oraz z\u0142e wyniki bada\u0144 wody.\"\/>K\u0105pieliska zamkni\u0119te. Powodem sinice oraz z\u0142e wyniki bada\u0144 wody.<\/p>\n<p>Fot: WCT Spartan &#8211; zdj\u0119cie ilustracyjne<\/p>\n<p>Kolejne k\u0105pieliska w okolicach Wroc\u0142awia zosta\u0142y zamkni\u0119te. We Wroc\u0142awiu zakaz obowi\u0105zuje na k\u0105pielisku Kr\u00f3lewiecka, a z wody nie mo\u017cna korzysta\u0107 tak\u017ce w B\u0142\u0119kitnej Lagunie w Siechnicach.<\/p>\n<p style=\"text-align: justify;\">Na k\u0105pielisku Kr\u00f3lewiecka obowi\u0105zuje zakaz k\u0105pieli do odwo\u0142ania. Powodem jest zakwit sinic, kt\u00f3re mog\u0105 by\u0107 niebezpieczne zar\u00f3wno dla ludzi, jak i zwierz\u0105t. Kontakt z tak\u0105 wod\u0105 mo\u017ce powodowa\u0107 mi\u0119dzy innymi podra\u017cnienia sk\u00f3ry, zatrucia pokarmowe czy problemy z oddychaniem.<\/p>\n<p style=\"text-align: justify;\">Zamkni\u0119te pozostaje tak\u017ce k\u0105pielisko B\u0142\u0119kitna Laguna w Siechnicach. Tam woda zosta\u0142a uznana za niezdatn\u0105 do k\u0105pieli ze wzgl\u0119du na parametry mikrobiologiczne. Kolejne badania Pa\u0144stwowa Inspekcja Sanitarna ma przeprowadzi\u0107 4 sierpnia. Po ich wynikach zapadnie decyzja, czy k\u0105pielisko zostanie ponownie otwarte.\u00a0<\/p>\n<p>        <a name=\"Comments\"\/><br \/>\n    \ufeff<\/p>\n<p>\t\t\t\t<a name=\"Comments\"\/><\/p>\n<p>\t\t\t\t\tDodaj\u0105c komentarz do artyku\u0142u akceptujesz<br \/>\n\t\t\t\t\t<a class=\"fw-bold\" href=\"https:\/\/www.radiowroclaw.pl\/articles\/view\/97405\" title=\"regulamin strony\" rel=\"nofollow noopener\" target=\"_blank\">regulamin strony<\/a>.<br \/>\n\t\t\t\t\tRadio Wroc\u0142aw nie odpowiada za tre\u015b\u0107 komentarzy.<\/p>\n","protected":false},"excerpt":{"rendered":"K\u0105pieliska zamkni\u0119te. Powodem sinice oraz z\u0142e wyniki bada\u0144 wody. Fot: WCT Spartan &#8211; zdj\u0119cie ilustracyjne Kolejne k\u0105pieliska w&hellip;\n","protected":false},"author":2,"featured_media":563998,"comment_status":"","ping_status":"","sticky":false,"template":"","format":"standard","meta":{"footnotes":"","_share_on_mastodon":"0"},"categories":[51607],"tags":[89162,111288,111289,79211,42,38,40,39,41,54193,11471,31600,111291,1853,31602,111290,18455],"class_list":["post-563997","post","type-post","status-publish","format-standard","has-post-thumbnail","category-wroclaw","tag-kapieliska","tag-letnie","tag-nieczynne","tag-okolicach","tag-pl","tag-poland","tag-polish","tag-polska","tag-polski","tag-sa","tag-sanepid","tag-w","tag-wodzie","tag-wroclaw","tag-wroclawia","tag-wykryl","tag-zagrozenie"],"share_on_mastodon":{"url":"https:\/\/pubeurope.com\/@pl\/116940631335637830","error":""},"_links":{"self":[{"href":"https:\/\/www.europesays.com\/pl\/wp-json\/wp\/v2\/posts\/563997","targetHints":{"allow":["GET"]}}],"collection":[{"href":"https:\/\/www.europesays.com\/pl\/wp-json\/wp\/v2\/posts"}],"about":[{"href":"https:\/\/www.europesays.com\/pl\/wp-json\/wp\/v2\/types\/post"}],"author":[{"embeddable":true,"href":"https:\/\/www.europesays.com\/pl\/wp-json\/wp\/v2\/users\/2"}],"replies":[{"embeddable":true,"href":"https:\/\/www.europesays.com\/pl\/wp-json\/wp\/v2\/comments?post=563997"}],"version-history":[{"count":0,"href":"https:\/\/www.europesays.com\/pl\/wp-json\/wp\/v2\/posts\/563997\/revisions"}],"wp:featuredmedia":[{"embeddable":true,"href":"https:\/\/www.europesays.com\/pl\/wp-json\/wp\/v2\/media\/563998"}],"wp:attachment":[{"href":"https:\/\/www.europesays.com\/pl\/wp-json\/wp\/v2\/media?parent=563997"}],"wp:term":[{"taxonomy":"category","embeddable":true,"href":"https:\/\/www.europesays.com\/pl\/wp-json\/wp\/v2\/categories?post=563997"},{"taxonomy":"post_tag","embeddable":true,"href":"https:\/\/www.europesays.com\/pl\/wp-json\/wp\/v2\/tags?post=563997"}],"curies":[{"name":"wp","href":"https:\/\/api.w.org\/{rel}","templated":true}]}}