{"id":564069,"date":"2026-07-18T11:38:08","date_gmt":"2026-07-18T11:38:08","guid":{"rendered":"https:\/\/www.europesays.com\/pl\/564069\/"},"modified":"2026-07-18T11:38:08","modified_gmt":"2026-07-18T11:38:08","slug":"sondaz-kto-najbardziej-zagraza-tuskowi-polacy-wskazali","status":"publish","type":"post","link":"https:\/\/www.europesays.com\/pl\/564069\/","title":{"rendered":"Sonda\u017c: Kto najbardziej zagra\u017ca Tuskowi? Polacy wskazali"},"content":{"rendered":"\n<p>&#13;<br \/>\nW sonda\u017cu SW Research dla\u00a0portalu Onet.pl ankietowanych zapytano: &#8222;Kt\u00f3re ugrupowanie Pani\/Pana zdaniem <a href=\"https:\/\/dorzeczy.pl\/kraj\/916735\/partia-morawieckiego-sondaz-tylu-polakow-oddaloby-glos.html\" rel=\"nofollow noopener\" target=\"_blank\">stanowi obecnie najwi\u0119ksze zagro\u017cenie dla\u00a0rz\u0105d\u00f3w<\/a> Donalda Tuska?&#8221;. &#13;\n<\/p>\n<p>PiS najbardziej zagra\u017ca rz\u0105dowi Tuska. Wyniki sonda\u017cu<\/p>\n<p>&#13;<br \/>\n44,9 proc. Polak\u00f3w uwa\u017ca, \u017ce\u00a0najbardziej rz\u0105dom Donalda Tuska zagra\u017ca Prawo i\u00a0Sprawiedliwo\u015b\u0107. &#13;\n<\/p>\n<p>&#13;<br \/>\n18,3 proc. ankietowanych twierdzi, \u017ce\u00a0obecnemu rz\u0105dowi najbardziej zagra\u017ca Konfederacja. &#13;\n<\/p>\n<p>&#13;<br \/>\n12,4 proc. wskaza\u0142o na\u00a0Konfederacj\u0119 Korony Polskiej Grzegorza Brauna. &#13;\n<\/p>\n<p>&#13;<br \/>\nNa &#8222;inne&#8221; ugrupowanie wskaza\u0142o za\u015b\u00a00,8 proc. badanych. 7,4 proc. Polak\u00f3w twierdzi, \u017ce\u00a0rz\u0105dom Donalda Tuska nie\u00a0zagra\u017ca \u017cadna partia. Odpowied\u017a &#8222;trudno powiedzie\u0107&#8221; wybra\u0142o 38,3 proc. &#13;\n<\/p>\n<p>&#13;<br \/>\nWi\u0119ksze zagro\u017cenie dla\u00a0rz\u0105du Donalda Tuska ze\u00a0strony Prawa i\u00a0Sprawiedliwo\u015bci widz\u0105 m\u0119\u017cczy\u017ani ni\u017c\u00a0kobiety (50,4 proc. do\u00a038,5 proc. wskaza\u0144). &#13;\n<\/p>\n<p>&#13;<br \/>\nW przypadku Konfederacji to\u00a0odpowiednio 18,7 proc. do\u00a018 proc. &#13;\n<\/p>\n<p>&#13;<br \/>\nObie grupy tak samo postrzegaj\u0105 zagro\u017cenie dla\u00a0rz\u0105du ze\u00a0strony Konfederacji Korony Polskiej (12,4 proc.). &#13;\n<\/p>\n<p>&#13;<br \/>\nW\u015br\u00f3d os\u00f3b do\u00a024 lat 38,3 proc. badanych twierdzi, \u017ce\u00a0to\u00a0PiS najbardziej zagra\u017ca rz\u0105dom Donalda Tuska. W\u00a0przypadku najm\u0142odszych wyborc\u00f3w 20 proc. wskazuje te\u017c na\u00a0Konfederacj\u0119 Korony Polskiej Grzegorza Brauna. Konfederacja znalaz\u0142a si\u0119 na\u00a0trzecim miejscu \u2013\u00a018,3 proc. wskaza\u0144. &#13;\n<\/p>\n<p>&#13;<br \/>\nWyborcy w\u00a0wieku 25-34 lat twierdz\u0105, \u017ce\u00a0najwi\u0119kszym zagro\u017ceniem dla\u00a0Donalda Tuska jest Konfederacja S\u0142awomira Mentzena i\u00a0Krzysztofa Bosaka. W\u00a0tej grupie wskaza\u0142o j\u0105 29,4 proc. badanych. 36,3 proc. wskaza\u0142o na\u00a0PiS, a\u00a011,3 proc. na\u00a0Konfederacj\u0119 Korony Polskiej. &#13;\n<\/p>\n<p>&#13;<br \/>\nW wieku 35-49 lat na\u00a0PiS wskaza\u0142o 46,7 proc. Konfederacja uzyska\u0142a w\u00a0tej grupie 19,7 proc., a\u00a0Konfederacja Korony Polskiej \u2013\u00a08,9 proc. &#13;\n<\/p>\n<p>&#13;<br \/>\nZagro\u017cenie dla\u00a0rz\u0105du ze\u00a0strony obu Konfederacji jako podobne widz\u0105 osoby w\u00a0wieku powy\u017cej 50 lat. W\u00a0tej grupie na\u00a0PiS wskaza\u0142o 46,5 proc. os\u00f3b, partia Grzegorza Brauna uzyska\u0142a 13,8 proc. wskaza\u0144, a\u00a0Konfederacja \u2013\u00a013,5 proc. &#13;\n<\/p>\n<p>&#13;<br \/>\nSonda\u017c SW Research na\u00a0zlecenie Onetu zosta\u0142 zrealizowany 15 lipca 2026 roku metod\u0105 wspomaganych komputerowo wywiad\u00f3w internetowych (CAWI) w\u00a0SW Panel. W\u00a0ramach badania przeprowadzono 804 ankiety z\u00a0og\u00f3lnopolsk\u0105 pr\u00f3b\u0105 doros\u0142ych. Zastosowano dob\u00f3r kwotowy \u2013\u00a0pr\u00f3ba by\u0142a reprezentatywna ze\u00a0wzgl\u0119du na\u00a0\u0142\u0105czny rozk\u0142ad p\u0142ci, wieku i\u00a0klasy wielko\u015bci miejscowo\u015bci zamieszkania. &#13;\n<\/p>\n<p>&#13;<br \/>\n   Czytaj te\u017c:<br \/><a href=\"https:\/\/dorzeczy.pl\/kraj\/916732\/tusk-czy-morawiecki-sondaz-polacy-wybrali-lepszego-premiera.html\" rel=\"follow nofollow noopener\" data-schema=\"DORZECZY\" data-image=\"https:\/\/img.dorzeczy.pl\/_thumb\/cc\/0a\/319ce87ffff2b14fabab7f730ec4.jpeg\" target=\"_blank\">Tusk czy\u00a0Morawiecki? Polacy w\u00a0sonda\u017cu wskazali lepszego premiera<\/a>   Czytaj te\u017c:<br \/><a href=\"https:\/\/dorzeczy.pl\/kraj\/916735\/partia-morawieckiego-sondaz-tylu-polakow-oddaloby-glos.html\" rel=\"follow nofollow noopener\" data-schema=\"DORZECZY\" data-image=\"https:\/\/img.dorzeczy.pl\/_thumb\/9e\/1f\/343759fc80f980ce47ac26ec0396.jpeg\" target=\"_blank\">Partia Morawieckiego? Tylu Polak\u00f3w odda\u0142oby na\u00a0ni\u0105 g\u0142os<\/a> &#13;<\/p>\n","protected":false},"excerpt":{"rendered":"&#13; W sonda\u017cu SW Research dla\u00a0portalu Onet.pl ankietowanych zapytano: &#8222;Kt\u00f3re ugrupowanie Pani\/Pana zdaniem stanowi obecnie najwi\u0119ksze zagro\u017cenie dla\u00a0rz\u0105d\u00f3w&hellip;\n","protected":false},"author":2,"featured_media":564070,"comment_status":"","ping_status":"","sticky":false,"template":"","format":"standard","meta":{"footnotes":"","_share_on_mastodon":"0"},"categories":[62713],"tags":[3549,18048,1345,98,1006,22086,49,2853,103,102,529,380,366],"class_list":["post-564069","post","type-post","status-publish","format-standard","has-post-thumbnail","category-donald-tusk","tag-bosak","tag-braun","tag-donald-tusk","tag-dorzeczy","tag-konfederacja","tag-konfederacja-korony-polskiej","tag-kraj","tag-mentzen","tag-obserwator-mediow","tag-opinie","tag-pis","tag-rzad","tag-sondaz"],"share_on_mastodon":{"url":"https:\/\/pubeurope.com\/@pl\/116940787322511258","error":""},"_links":{"self":[{"href":"https:\/\/www.europesays.com\/pl\/wp-json\/wp\/v2\/posts\/564069","targetHints":{"allow":["GET"]}}],"collection":[{"href":"https:\/\/www.europesays.com\/pl\/wp-json\/wp\/v2\/posts"}],"about":[{"href":"https:\/\/www.europesays.com\/pl\/wp-json\/wp\/v2\/types\/post"}],"author":[{"embeddable":true,"href":"https:\/\/www.europesays.com\/pl\/wp-json\/wp\/v2\/users\/2"}],"replies":[{"embeddable":true,"href":"https:\/\/www.europesays.com\/pl\/wp-json\/wp\/v2\/comments?post=564069"}],"version-history":[{"count":0,"href":"https:\/\/www.europesays.com\/pl\/wp-json\/wp\/v2\/posts\/564069\/revisions"}],"wp:featuredmedia":[{"embeddable":true,"href":"https:\/\/www.europesays.com\/pl\/wp-json\/wp\/v2\/media\/564070"}],"wp:attachment":[{"href":"https:\/\/www.europesays.com\/pl\/wp-json\/wp\/v2\/media?parent=564069"}],"wp:term":[{"taxonomy":"category","embeddable":true,"href":"https:\/\/www.europesays.com\/pl\/wp-json\/wp\/v2\/categories?post=564069"},{"taxonomy":"post_tag","embeddable":true,"href":"https:\/\/www.europesays.com\/pl\/wp-json\/wp\/v2\/tags?post=564069"}],"curies":[{"name":"wp","href":"https:\/\/api.w.org\/{rel}","templated":true}]}}