{"id":564085,"date":"2026-07-18T11:52:11","date_gmt":"2026-07-18T11:52:11","guid":{"rendered":"https:\/\/www.europesays.com\/pl\/564085\/"},"modified":"2026-07-18T11:52:11","modified_gmt":"2026-07-18T11:52:11","slug":"wrosound-wraca-do-wroclawia-dwa-dni-koncertow-z-artystami-z-calego-swiata","status":"publish","type":"post","link":"https:\/\/www.europesays.com\/pl\/564085\/","title":{"rendered":"WROsound wraca do Wroc\u0142awia. Dwa dni koncert\u00f3w z artystami z ca\u0142ego \u015bwiata"},"content":{"rendered":"<p>Rusza festiwal WROsound we Wroc\u0142awiu. Miejska scena zabrzmi nowoczesnymi d\u017awi\u0119kami.<\/p>\n<p>Fot: zdj\u0119cie organizatora<\/p>\n<p>Przez najbli\u017csze dwa dni Wroc\u0142aw stanie si\u0119 stolic\u0105 nowoczesnych brzmie\u0144. Wszystko za spraw\u0105 festiwalu WROsound 2026, kt\u00f3ry ponownie zago\u015bci na plenerowej scenie przed dawnym Impartem. Organizatorzy zapowiadaj\u0105 mieszank\u0119 rapu, jazzu, elektroniki i alternatywy z udzia\u0142em artyst\u00f3w z Polski i zagranicy. W programie znalaz\u0142y si\u0119 tak\u017ce spotkania z tw\u00f3rcami oraz scena eksperymentalna. Wydarzenie odbywa si\u0119 w duchu ekologii i dost\u0119pno\u015bci dla wszystkich uczestnik\u00f3w.<\/p>\n<p style=\"text-align: justify;\">Przez najbli\u017csze dwa dni Wroc\u0142aw b\u0119dzie gra\u0142 w tonacji miejskiej d\u017cungli. A wszystko za spraw\u0105 trwaj\u0105cego w\u0142a\u015bnie festiwalu WROsound 2026. O tym, z jak\u0105 muzyk\u0105 b\u0119dzie mo\u017cna si\u0119 tam spotka\u0107, opowiada producentka wydarzenia Paula Szewczyk:<\/p>\n<p style=\"text-align: justify;\">&#8211; Spotkamy si\u0119 z tak\u0105 mieszank\u0105 elektroniki, jazzu, hip-hopu, rapu i muzyki nowoczesnej, ale te\u017c starych brzmie\u0144. Wplata si\u0119 tam troch\u0119 popu \u2013 takiego nowoczesnego, magnetycznego. Na pewno jest to muzyka osadzona w nurcie nowoczesnych brzmie\u0144.<\/p>\n<p style=\"text-align: justify;\">\n<p>&#13;<br \/>\n\t\t\t\t\t\t\t\t\t\tAby ods\u0142ucha\u0107 za\u0142\u0105czonego d\u017awi\u0119ku zaktualizuj przegl\u0105dark\u0119 lub\/i wtyczk\u0119 Adobe Flash Player.&#13;\n\t\t\t\t\t\t\t\t\t<\/p>\n<\/p>\n<p style=\"text-align: justify;\">WROsound odbywa si\u0119 na placu przed Impartem przy ulicy Mazowieckiej. Kto pojawi si\u0119 na scenie?<\/p>\n<p style=\"text-align: justify;\">&#8211; Na scenie g\u0142\u00f3wnej zagraj\u0105 Mlecze, Moses Yoofee Trio \u2013 berli\u0144ski zesp\u00f3\u0142 o ogromnej energii \u2013 Daria ze \u015al\u0105ska oraz Alice Phoebe Lou z RPA. To dziewczyna z gitar\u0105, w kt\u00f3rej niejedna para oczu si\u0119 zakocha. B\u0119dzie te\u017c scena eksperymentalna, gdzie us\u0142yszymy Gaj\u0119 Banfi, The Cassino i Kabeaush\u00e9.<\/p>\n<p style=\"text-align: justify;\">\n<p>&#13;<br \/>\n\t\t\t\t\t\t\t\t\t\tAby ods\u0142ucha\u0107 za\u0142\u0105czonego d\u017awi\u0119ku zaktualizuj przegl\u0105dark\u0119 lub\/i wtyczk\u0119 Adobe Flash Player.&#13;\n\t\t\t\t\t\t\t\t\t<\/p>\n<\/p>\n<p style=\"text-align: justify;\">WROsound odbywa si\u0119 w duchu less waste i realnych dzia\u0142a\u0144 ekologicznych. Festiwal otrzyma\u0142 nagrod\u0119 &#8222;Bez Barier&#8221;, przyznan\u0105 za wysok\u0105 dost\u0119pno\u015b\u0107 wydarzenia. Nowo\u015bci\u0105 w tym roku jest scena panelowa \u2013 miejsce spotka\u0144 z artystami i tw\u00f3rcami programu. Nie zabraknie r\u00f3wnie\u017c sceny eksperymentalnej. W 2025 roku stanowisko dyrektora artystycznego obj\u0105\u0142 Kuba Wi\u0119cek, otwieraj\u0105c now\u0105 ods\u0142on\u0119 i formu\u0142\u0119 festiwalu. Niemal po\u0142owa artyst\u00f3w przyjecha\u0142a z zagranicy. Na scenie pojawi\u0105 si\u0119 tw\u00f3rcy z USA, Afryki i r\u00f3\u017cnych cz\u0119\u015bci Europy. Impreza jest biletowana.<\/p>\n","protected":false},"excerpt":{"rendered":"Rusza festiwal WROsound we Wroc\u0142awiu. Miejska scena zabrzmi nowoczesnymi d\u017awi\u0119kami. Fot: zdj\u0119cie organizatora Przez najbli\u017csze dwa dni Wroc\u0142aw&hellip;\n","protected":false},"author":2,"featured_media":564086,"comment_status":"","ping_status":"","sticky":false,"template":"","format":"standard","meta":{"footnotes":"","_share_on_mastodon":"0"},"categories":[51607],"tags":[106148,110985,77514,55261,53192,81164,42,38,40,39,41,53097,77853,1853,31602,53358,44413],"class_list":["post-564085","post","type-post","status-publish","format-standard","has-post-thumbnail","category-wroclaw","tag-artystami","tag-calego","tag-dni","tag-do","tag-dwa","tag-koncertow","tag-pl","tag-poland","tag-polish","tag-polska","tag-polski","tag-swiata","tag-wraca","tag-wroclaw","tag-wroclawia","tag-wrosound","tag-z"],"share_on_mastodon":{"url":"https:\/\/pubeurope.com\/@pl\/116940842470928464","error":""},"_links":{"self":[{"href":"https:\/\/www.europesays.com\/pl\/wp-json\/wp\/v2\/posts\/564085","targetHints":{"allow":["GET"]}}],"collection":[{"href":"https:\/\/www.europesays.com\/pl\/wp-json\/wp\/v2\/posts"}],"about":[{"href":"https:\/\/www.europesays.com\/pl\/wp-json\/wp\/v2\/types\/post"}],"author":[{"embeddable":true,"href":"https:\/\/www.europesays.com\/pl\/wp-json\/wp\/v2\/users\/2"}],"replies":[{"embeddable":true,"href":"https:\/\/www.europesays.com\/pl\/wp-json\/wp\/v2\/comments?post=564085"}],"version-history":[{"count":0,"href":"https:\/\/www.europesays.com\/pl\/wp-json\/wp\/v2\/posts\/564085\/revisions"}],"wp:featuredmedia":[{"embeddable":true,"href":"https:\/\/www.europesays.com\/pl\/wp-json\/wp\/v2\/media\/564086"}],"wp:attachment":[{"href":"https:\/\/www.europesays.com\/pl\/wp-json\/wp\/v2\/media?parent=564085"}],"wp:term":[{"taxonomy":"category","embeddable":true,"href":"https:\/\/www.europesays.com\/pl\/wp-json\/wp\/v2\/categories?post=564085"},{"taxonomy":"post_tag","embeddable":true,"href":"https:\/\/www.europesays.com\/pl\/wp-json\/wp\/v2\/tags?post=564085"}],"curies":[{"name":"wp","href":"https:\/\/api.w.org\/{rel}","templated":true}]}}