{"id":56421,"date":"2025-10-19T03:39:07","date_gmt":"2025-10-19T03:39:07","guid":{"rendered":"https:\/\/www.europesays.com\/pl\/56421\/"},"modified":"2025-10-19T03:39:07","modified_gmt":"2025-10-19T03:39:07","slug":"pokoj-na-bliskim-wschodzie-trump-wyslal-do-izraela-vancea-i-witkoffa","status":"publish","type":"post","link":"https:\/\/www.europesays.com\/pl\/56421\/","title":{"rendered":"Pok\u00f3j na Bliskim Wschodzie. Trump wys\u0142a\u0142 do Izraela Vance&#8217;a i Witkoffa"},"content":{"rendered":"\n<p>&#13;<br \/>\nNa czele zapowiadanych si\u0142 stabilizacyjnych w\u00a0Strefie Gazy ma\u00a0stan\u0105\u0107 Egipt. Jak poinformowa\u0142 w\u00a0sobot\u0119 brytyjski dziennik &#8222;Guardian&#8221;, jednostki maj\u0105 otrzyma\u0107 wsparcie Rady Bezpiecze\u0144stwa ONZ. Z\u00a0kolei izraelski serwis informacyjny Times of\u00a0Israel wskaza\u0142, \u017ce\u00a0w\u00a0sk\u0142ad mi\u0119dzynarodowych si\u0142 wejd\u0105 wojska Indonezji i\u00a0Azerbejd\u017canu. Proces ich formowania ju\u017c si\u0119 rozpocz\u0105\u0142, a\u00a0Waszyngton \u2013\u00a0opr\u00f3cz wymienionych wcze\u015bniej pa\u0144stw \u2013\u00a0prowadzi r\u00f3wnie\u017c rozmowy ze\u00a0Zjednoczonymi Emiratami Arabskimi, Egiptem i\u00a0Katarem. &#13;\n<\/p>\n<p>&#13;<br \/>\nCo ciekawe, gotowo\u015b\u0107 do\u00a0wys\u0142ania swoich si\u0142 deklarowa\u0142a r\u00f3wnie\u017c Turcja, nie\u00a0wiadomo jednak, czy\u00a0zgod\u0119 na\u00a0takie rozwi\u0105zanie wyrazi\u0142by Izrael. &#13;\n<\/p>\n<p>&#13;<br \/>\nZ kolei Stany Zjednoczone maj\u0105 wys\u0142a\u0107 ok. 200 \u017co\u0142nierzy, kt\u00f3rzy nie\u00a0b\u0119d\u0105 jednak stacjonowa\u0107 na\u00a0terytorium Palestyny, a\u00a0jedynie wspiera\u0107 dzia\u0142ania stabilizacyjne z\u00a0Izraela. &#13;\n<\/p>\n<p>Vance i\u00a0Witkoff w\u00a0Izraelu<\/p>\n<p>&#13;<br \/>\nTo w\u0142a\u015bnie utworzenie mi\u0119dzynarodowych si\u0142 stabilizacyjnych stanowi jeden z\u00a0element\u00f3w drugiego etapu porozumienia o\u00a0rozejmie w\u00a0wojnie toczonej mi\u0119dzy Izraelem a\u00a0Hamasem na\u00a0obszarze Strefy Gazy. Walki na\u00a0tym terenie wstrzymano 10 pa\u017adziernika br. Od\u00a0tego dnia obowi\u0105zuje pierwsza faza umowy. &#13;\n<\/p>\n<p>&#13;<br \/>\nO drugiej fazie pokoju maj\u0105 rozmawia\u0107 wiceprezydent Stan\u00f3w Zjednoczonych J.D. Vance i\u00a0ameryka\u0144ski wys\u0142annik na\u00a0Bliski Wsch\u00f3d, Steve Witkoff. Bliscy wsp\u00f3\u0142pracownicy Donalda Trumpa przylec\u0105 do\u00a0Izraela ju\u017c w\u00a0poniedzia\u0142ek. &#13;\n<\/p>\n<p>&#13;<br \/>\nInformacje w\u00a0tej sprawie jako pierwsza poda\u0142a izraelska telewizja Kana\u0142 12. &#13;\n<\/p>\n<p>&#13;<br \/>\nB\u0119dzie to\u00a0pierwsza wizyta J. D. Vance&#8217;a w\u00a0Izraela od\u00a0kiedy obj\u0105\u0142 w\u00a0styczniu br. funkcj\u0119 wiceprezydenta USA. &#13;\n<\/p>\n<p>&#13;<br \/>\n<a href=\"https:\/\/dorzeczy.pl\/swiat\/793191\/trump-pozwole-izraelowi-wznowic-wojne-w-strefie-gazy-jesli-hamas-naruszy-porozumienie.html\" rel=\"nofollow noopener\" target=\"_blank\">Donald Trump o\u015bwiadczy\u0142 w\u00a0tym tygodniu<\/a>, \u017ce\u00a0mo\u017ce rozwa\u017cy\u0107 pozwolenie Izraelowi na\u00a0wznowienie dzia\u0142a\u0144 wojennych w\u00a0Strefie Gazy, je\u015bli Hamas naruszy obowi\u0105zuj\u0105cy rozejm. &#13;\n<\/p>\n<p>&#13;<br \/>\nCzytaj te\u017c:<br \/><a href=\"https:\/\/dorzeczy.pl\/opinie\/793434\/trump-jesli-hamas-bedzie-nadal-zabijac-ludzi-wkroczymy-i-zabijemy-ichtrump-jesli-hamas-bedzie-nadal-zabijac-ludzi-zabijemy-ich.html\" rel=\"follow nofollow noopener\" data-schema=\"DORZECZY\" data-image=\"https:\/\/img.dorzeczy.pl\/_thumb\/3b\/9a\/7959e0362c3743e711f8b07d2bbd.jpeg\" target=\"_blank\">Trump: Je\u015bli Hamas b\u0119dzie nadal zabija\u0107 ludzi \u2013\u00a0wkroczymy i\u00a0zabijemy ich<\/a>Czytaj te\u017c:<br \/><a href=\"https:\/\/dorzeczy.pl\/zdrowie\/793722\/apel-who-z-bliskiego-wschodu-chodzi-o-choroby-zakazne.html\" rel=\"follow nofollow noopener\" data-schema=\"DORZECZY\" data-image=\"https:\/\/img.dorzeczy.pl\/_thumb\/33\/db\/e137a4ab7d16730d0c1888b6bf45.jpeg\" target=\"_blank\">Krytyczny apel WHO z\u00a0Bliskiego Wschodu. &#8222;Choroby zaka\u017ane wymykaj\u0105 si\u0119 spod kontroli&#8221;<\/a>&#13;<\/p>\n","protected":false},"excerpt":{"rendered":"&#13; Na czele zapowiadanych si\u0142 stabilizacyjnych w\u00a0Strefie Gazy ma\u00a0stan\u0105\u0107 Egipt. Jak poinformowa\u0142 w\u00a0sobot\u0119 brytyjski dziennik &#8222;Guardian&#8221;, jednostki maj\u0105&hellip;\n","protected":false},"author":2,"featured_media":56422,"comment_status":"","ping_status":"","sticky":false,"template":"","format":"standard","meta":{"footnotes":""},"categories":[14],"tags":[853,32,33,98,27,91,34,35,28,31,25,103,102,40,41,80,29,30,597,71,14956,26,14957,82,83,84],"class_list":{"0":"post-56421","1":"post","2":"type-post","3":"status-publish","4":"format-standard","5":"has-post-thumbnail","7":"category-swiat","8":"tag-aleksander-majewski","9":"tag-breaking-news","10":"tag-breakingnews","11":"tag-dorzeczy","12":"tag-headlines","13":"tag-izrael","14":"tag-latest-news","15":"tag-latestnews","16":"tag-naglowki","17":"tag-najwazniejsze-artykuly","18":"tag-news","19":"tag-obserwator-mediow","20":"tag-opinie","21":"tag-polish","22":"tag-polski","23":"tag-swiat","24":"tag-top-stories","25":"tag-topstories","26":"tag-trump","27":"tag-usa","28":"tag-vance","29":"tag-wiadomosci","30":"tag-witkoff","31":"tag-world","32":"tag-world-news","33":"tag-worldnews"},"share_on_mastodon":{"url":"","error":""},"_links":{"self":[{"href":"https:\/\/www.europesays.com\/pl\/wp-json\/wp\/v2\/posts\/56421","targetHints":{"allow":["GET"]}}],"collection":[{"href":"https:\/\/www.europesays.com\/pl\/wp-json\/wp\/v2\/posts"}],"about":[{"href":"https:\/\/www.europesays.com\/pl\/wp-json\/wp\/v2\/types\/post"}],"author":[{"embeddable":true,"href":"https:\/\/www.europesays.com\/pl\/wp-json\/wp\/v2\/users\/2"}],"replies":[{"embeddable":true,"href":"https:\/\/www.europesays.com\/pl\/wp-json\/wp\/v2\/comments?post=56421"}],"version-history":[{"count":0,"href":"https:\/\/www.europesays.com\/pl\/wp-json\/wp\/v2\/posts\/56421\/revisions"}],"wp:featuredmedia":[{"embeddable":true,"href":"https:\/\/www.europesays.com\/pl\/wp-json\/wp\/v2\/media\/56422"}],"wp:attachment":[{"href":"https:\/\/www.europesays.com\/pl\/wp-json\/wp\/v2\/media?parent=56421"}],"wp:term":[{"taxonomy":"category","embeddable":true,"href":"https:\/\/www.europesays.com\/pl\/wp-json\/wp\/v2\/categories?post=56421"},{"taxonomy":"post_tag","embeddable":true,"href":"https:\/\/www.europesays.com\/pl\/wp-json\/wp\/v2\/tags?post=56421"}],"curies":[{"name":"wp","href":"https:\/\/api.w.org\/{rel}","templated":true}]}}