{"id":565137,"date":"2026-07-19T01:11:06","date_gmt":"2026-07-19T01:11:06","guid":{"rendered":"https:\/\/www.europesays.com\/pl\/565137\/"},"modified":"2026-07-19T01:11:06","modified_gmt":"2026-07-19T01:11:06","slug":"karol-nawrocki-zdecydowal-w-sprawie-zwiazkow-partnerskich-w-sieci-zawrzalo","status":"publish","type":"post","link":"https:\/\/www.europesays.com\/pl\/565137\/","title":{"rendered":"Karol Nawrocki zdecydowa\u0142 w sprawie zwi\u0105zk\u00f3w partnerskich. W sieci zawrza\u0142o"},"content":{"rendered":"<p><a href=\"https:\/\/wiadomosci.onet.pl\/kraj\/karol-nawrocki-zawetowal-kolejne-ustawy-zamiescil-nagranie\/ye5620m\" id=\"995ee4dd-7842-4a69-84a1-8ef6a3b27e30\" rel=\"nofollow noopener\" target=\"_blank\">Prezydent zawetowa\u0142 ustaw\u0119 o statusie osoby najbli\u017cszej w zwi\u0105zku i umowie o wsp\u00f3lnym po\u017cyciu <\/a>oraz przepisy wprowadzaj\u0105ce t\u0119 ustaw\u0119, o czym poinformowa\u0142 w pi\u0105tek w zamieszczonym na portalu X nagraniu. Jego decyzja wywo\u0142a\u0142a w sieci lawin\u0119 komentarzy. Dalszy ci\u0105g artyku\u0142u pod materia\u0142em wideo &#8222;Prezydenckie weto to wyraz pogardy wobec ludzi i ich prawa do szcz\u0119\u015bcia i normalnego \u017cycia&#8221; \u2014 <a href=\"https:\/\/wiadomosci.onet.pl\/kraj\/weto-do-ustawy-o-statusie-osoby-najblizszej-donald-tusk-reaguje-wyraz-pogardy\/ej9qn94\" id=\"8d07bb58-3367-4631-9f16-81de9050127b\" rel=\"nofollow noopener\" target=\"_blank\">skomentowa\u0142 premier Donald Tusk<\/a>. Zawrza\u0142o po decyzji Karola Nawrockiego<\/p>\n<p>Decyzj\u0119 Nawrockiego zdecydowanie popar\u0142 szef jego gabinetu Pawe\u0142 Szefernaker. &#8222;To nie s\u0105 wy\u0142\u0105cznie przepisy u\u0142atwiaj\u0105ce za\u0142atwianie spraw administracyjnych, lecz tworz\u0105ce now\u0105 instytucj\u0119 prawa, zbli\u017con\u0105 do ma\u0142\u017ce\u0144stwa&#8221; \u2014 napisa\u0142 polityk.<\/p>\n<p>&#8222;Prezydent podkre\u015bli\u0142, \u017ce jest got\u00f3w podpisa\u0107 ustaw\u0119 o statusie osoby bliskiej, kt\u00f3ra realnie rozwi\u0105\u017ce problemy obywateli, ale nie b\u0119dzie podwa\u017ca\u0107 konstytucyjnej ochrony ma\u0142\u017ce\u0144stwa jako zwi\u0105zku kobiety i m\u0119\u017cczyzny&#8221; \u2014 doda\u0142 Szefernaker.<\/p>\n<p>&#8222;Koalicja Obywatelska, zamiast rozwi\u0105zywa\u0107 problemy, tworzy dodatkowe. Wystarczy\u0142o pos\u0142ucha\u0107 prezydenta i przyj\u0105\u0107 ustaw\u0119, kt\u00f3ra wspiera osoby najbli\u017csze. Ale nie, musieli\u015bcie dorzuci\u0107 niekonstytucyjne rozwi\u0105zania legalizuj\u0105ce zwi\u0105zki homoseksualne, na kt\u00f3re nie ma spo\u0142ecznej zgody i kt\u00f3re wyklucza polska konstytucja&#8221; \u2014 uderzy\u0142 w KO pose\u0142 PiS Marcin Warcho\u0142.<\/p>\n<p>&#8222;Bardzo dobra i solidnie uargumentowana decyzja prezydenta Karola Nawrockiego. Konstytucja jasno definiuje instytucj\u0119 ma\u0142\u017ce\u0144stwa i nie wolno dopu\u015bci\u0107 do jej podkopywania tylnymi drzwiami. Szczeg\u00f3lnie dzisiaj, gdy mierzymy si\u0119 z g\u0142\u0119bokim kryzysem demograficznym oraz innymi realnymi problemami dotykaj\u0105cymi polskie rodziny. Lewica powinna skupi\u0107 si\u0119 na rozwi\u0105zywaniu rzeczywistych problem\u00f3w obywateli, zamiast budowa\u0107 emocjonaln\u0105 narracj\u0119 wok\u00f3\u0142 temat\u00f3w marginalnych&#8221; \u2014 napisa\u0142 \u0141ukasz Rzepecki z Konfederacji.<\/p>\n<p>      &#8222;Pogarda ubrana w prezydencki podpis&#8221;<\/p>\n<p>Sprzeciw wobec decyzji prezydenta pojawi\u0142 si\u0119 po stronie koalicji rz\u0105dz\u0105cej. &#8222;Prezydent Nawrocki w\u0142a\u015bnie upokorzy\u0142 tysi\u0105ce Polek i Polak\u00f3w, powiedzia\u0142 im: \u00bbWasze rodziny s\u0105 mniej wa\u017cne. Wasze \u017cycie mniej znaczy\u00ab. To weto jest ha\u0144b\u0105. Nie dlatego, \u017ce zatrzyma\u0142o jedn\u0105 ustaw\u0119. Dlatego, \u017ce po raz kolejny pokaza\u0142o tysi\u0105com obywateli, i\u017c we w\u0142asnym kraju s\u0105 traktowani jak ludzie drugiej kategorii&#8221; \u2014 skomentowa\u0142 wicepremier, minister cyfryzacji Krzysztof Gawkowski.<\/p>\n<p> Pot\u0119\u017cny kryzys uderza w PiS. &#8222;Powiedzia\u0142 mu, \u017ce powinien odda\u0107 w\u0142adz\u0119&#8221;   <img class=\"ods-a-photo ods-a-photo--background\" src=\"https:\/\/www.europesays.com\/pl\/wp-content\/uploads\/2026\/07\/X4tk9lBaHR0cHM6Ly9vY2RuLmV1L3B1bHNjbXMvTURBXy8wNDg0YzJiZDVkZWNhZmFkNDVjNjYzNmZkOGMzMjZjYS5wbmeRlQLNA.jpeg\" height=\"253\" width=\"450\" loading=\"lazy\" fetchpriority=\"low\" decoding=\"async\"\/>  <\/p>\n<p>Polityk podkre\u015bli\u0142, \u017ce jest to weto &#8222;wobec konkretnych ludzi&#8221;. &#8222;To nie jest obrona \u017cadnych warto\u015bci. To jest pa\u0144stwowo usankcjonowane wykluczenie. To jest pogarda ubrana w prezydencki podpis&#8221; \u2014 wskaza\u0142.<\/p>\n<p>&#8222;Prezydent, kt\u00f3ry obiecywa\u0142 by\u0107 g\u0142ow\u0105 wszystkich Polek i Polak\u00f3w, wybra\u0142 nienawi\u015b\u0107 zamiast wsp\u00f3lnoty. Dehumanizacj\u0119 zamiast szacunku. Dyskryminacj\u0119 zamiast r\u00f3wno\u015bci. Wykluczenie zamiast odpowiedzialno\u015bci. Historia surowo ocenia polityk\u00f3w, kt\u00f3rzy wykorzystuj\u0105 urz\u0105d pa\u0144stwa do dzielenia obywateli na lepszych i gorszych&#8221; \u2014 doda\u0142 Gawkowski, deklaruj\u0105c, \u017ce rz\u0105d w tej kwestii nie odpu\u015bci.<\/p>\n<p>D\u0142ugi wpis w tej sprawie zamie\u015bci\u0142a tak\u017ce pe\u0142nomocniczka rz\u0105du do spraw r\u00f3wno\u015bci Katarzyna Kotula. Polityczka oceni\u0142a, \u017ce Nawrocki &#8222;obr\u00f3ci\u0142 si\u0119 plecami do dw\u00f3ch milion\u00f3w os\u00f3b \u017cyj\u0105cych dzi\u015b w zwi\u0105zkach nieformalnych&#8221;.<\/p>\n<p>&#8222;S\u0142owa \u00bbPo pierwsze Polska, po pierwsze Polacy\u00ab trafi\u0142y w\u0142a\u015bnie do kosza. Prezydent swoim wetem nie zatrzyma zmiany spo\u0142ecznej. Poparcie dla zwi\u0105zk\u00f3w partnerskich i r\u00f3wno\u015bci ma\u0142\u017ce\u0144skiej z roku na rok ro\u015bnie. Dzisiejsze weto nie jest blokad\u0105, a op\u00f3\u017anieniem zmiany prawa&#8221; \u2014 napisa\u0142a.<\/p>\n<p>Kotula zadeklarowa\u0142a tak\u017ce, \u017ce nie zamierza &#8222;zbacza\u0107 z obj\u0119tego kursu&#8221;. &#8222;Jak nie drzwiami, to oknem&#8221; \u2014 oznajmi\u0142a.<\/p>\n<p>&#8222;Prezydent postanowi\u0142 naplu\u0107 w twarz setkom tysi\u0119cy t\u0119czowych par, kt\u00f3re potrzebuj\u0105 dzi\u015b ochrony pa\u0144stwa. Weto w sprawie ustawy o osobie najbli\u017cszej to decyzja czysto ideologiczna. Wielka szkoda, \u017ce linia partyjna znowu okazuje si\u0119 wa\u017cniejsza ni\u017c godno\u015b\u0107 milion\u00f3w ludzi&#8221; \u2014 skomentowa\u0142 europose\u0142 Lewicy Robert Biedro\u0144.<\/p>\n<p>      Na prezydenta sp\u0142yn\u0119\u0142a fala krytyki. &#8222;G\u0142upota, antypolsko\u015b\u0107, brak cz\u0142owiecze\u0144stwa&#8221;<\/p>\n<p>&#8222;Prezydent Nawrocki zawetowa\u0142 ustaw\u0119 o zwi\u0105zkach partnerskich. Taki prezydent to wstyd i dramat dla Polski&#8221; \u2014 napisa\u0142 pose\u0142 Lewicy Tomasz Trela.<\/p>\n<p>&#8222;G\u0142upota, antypolsko\u015b\u0107, brak cz\u0142owiecze\u0144stwa. Prezydent wetuje dzi\u015b projekt, kt\u00f3ry dawa\u0142 ludziom nadziej\u0119 na godne \u017cycie w Polsce&#8221; \u2014 skomentowa\u0142 europose\u0142 Lewicy Krzysztof \u015amiszek, r\u00f3wnie\u017c deklaruj\u0105c, \u017ce jego partia &#8222;nie przestanie walczy\u0107 o prawa ludzi&#8221;.<\/p>\n<p>&#8222;Wetomat nie zaskoczy\u0142. Ok\u0142ama\u0142 wyborc\u00f3w, \u017ce jest zwolennikiem statusu osoby najbli\u017cszej. On jest wy\u0142\u0105cznie zwolennikiem samego siebie i Jaros\u0142awa Kaczy\u0144skiego&#8221; \u2014 napisa\u0142a europos\u0142anka Koalicji Obywatelskiej Kamila Gasiuk-Pihowicz.<\/p>\n<p>  Ukryta rozgrywka w PiS. &#8222;Idzie punkt zwrotny&#8221;   <img class=\"ods-a-photo ods-a-photo--background\" src=\"https:\/\/www.europesays.com\/pl\/wp-content\/uploads\/2026\/07\/EdQk9lBaHR0cHM6Ly9vY2RuLmV1L3B1bHNjbXMvTURBXy8xMzdkODI2ZWVjMDg2YTA3NTAyZDUyZmQzMTU0YWIwZC5qcGeRlQLNA.jpeg\" height=\"301\" width=\"450\" loading=\"lazy\" fetchpriority=\"low\" decoding=\"async\"\/>  <\/p>\n<p>&#8222;Wetomat dzia\u0142a. Prezydent zablokowa\u0142 ludziom \u0142atwiejszy dost\u0119p do informacji w szpitalu i za\u0142atwiania wsp\u00f3lnych spraw. Ideologia zn\u00f3w wygra\u0142a ze zdrowym rozs\u0105dkiem&#8221; \u2014 skomentowa\u0142 pose\u0142 klubu Centrum Ryszard Petru.<\/p>\n<p>      &#8222;<a href=\"https:\/\/wiadomosci.onet.pl\/wybory\/wybory-prezydenckie\/druga-tozsamosc-karola-nawrockiego-przyznal-sie-po-pytaniach-onetu\/d37v032\" id=\"b4cb7d96-2c88-4d2e-9108-4fe0bc84e9de\" rel=\"nofollow noopener\" target=\"_blank\">Batyr<\/a> oszuka\u0142 wszystkich w kampanii wyborczej. Wbrew temu, co obieca\u0142, zawetowa\u0142 ustaw\u0119 o zwi\u0105zkach partnerskich&#8221; \u2014 napisa\u0142 pose\u0142 KO Witold Zembaczy\u0144ski. <\/p>\n","protected":false},"excerpt":{"rendered":"Prezydent zawetowa\u0142 ustaw\u0119 o statusie osoby najbli\u017cszej w zwi\u0105zku i umowie o wsp\u00f3lnym po\u017cyciu oraz przepisy wprowadzaj\u0105ce t\u0119&hellip;\n","protected":false},"author":2,"featured_media":565138,"comment_status":"","ping_status":"","sticky":false,"template":"","format":"standard","meta":{"footnotes":"","_share_on_mastodon":"0"},"categories":[62712],"tags":[61195,690,43,12915,49,8091,13549,48,46,2265,12773,47,4413,8206,8646],"class_list":["post-565137","post","type-post","status-publish","format-standard","has-post-thumbnail","category-karol-nawrocki","tag-bottomfeed_styl","tag-karol-nawrocki","tag-karol_nawrocki","tag-katarzyna_kotula","tag-kraj","tag-krzysztof_gawkowski","tag-krzysztof_smiszek","tag-nat_styl","tag-omp","tag-pawel_szefernaker","tag-robert_biedron","tag-screening_general","tag-tomasz_trela","tag-weto","tag-zwiazki_partnerskie"],"share_on_mastodon":{"url":"https:\/\/pubeurope.com\/@pl\/116943984769883580","error":""},"_links":{"self":[{"href":"https:\/\/www.europesays.com\/pl\/wp-json\/wp\/v2\/posts\/565137","targetHints":{"allow":["GET"]}}],"collection":[{"href":"https:\/\/www.europesays.com\/pl\/wp-json\/wp\/v2\/posts"}],"about":[{"href":"https:\/\/www.europesays.com\/pl\/wp-json\/wp\/v2\/types\/post"}],"author":[{"embeddable":true,"href":"https:\/\/www.europesays.com\/pl\/wp-json\/wp\/v2\/users\/2"}],"replies":[{"embeddable":true,"href":"https:\/\/www.europesays.com\/pl\/wp-json\/wp\/v2\/comments?post=565137"}],"version-history":[{"count":0,"href":"https:\/\/www.europesays.com\/pl\/wp-json\/wp\/v2\/posts\/565137\/revisions"}],"wp:featuredmedia":[{"embeddable":true,"href":"https:\/\/www.europesays.com\/pl\/wp-json\/wp\/v2\/media\/565138"}],"wp:attachment":[{"href":"https:\/\/www.europesays.com\/pl\/wp-json\/wp\/v2\/media?parent=565137"}],"wp:term":[{"taxonomy":"category","embeddable":true,"href":"https:\/\/www.europesays.com\/pl\/wp-json\/wp\/v2\/categories?post=565137"},{"taxonomy":"post_tag","embeddable":true,"href":"https:\/\/www.europesays.com\/pl\/wp-json\/wp\/v2\/tags?post=565137"}],"curies":[{"name":"wp","href":"https:\/\/api.w.org\/{rel}","templated":true}]}}