{"id":565427,"date":"2026-07-19T05:28:16","date_gmt":"2026-07-19T05:28:16","guid":{"rendered":"https:\/\/www.europesays.com\/pl\/565427\/"},"modified":"2026-07-19T05:28:16","modified_gmt":"2026-07-19T05:28:16","slug":"ostrzezenie-dla-dolnoslaskiego-19-07-2026-0622-burze","status":"publish","type":"post","link":"https:\/\/www.europesays.com\/pl\/565427\/","title":{"rendered":"Ostrze\u017cenie dla Dolno\u015bl\u0105skiego 19.07.2026 06:22. Burze"},"content":{"rendered":"<p>Obowi\u0105zuje od: 19.07.2026 06:22 do: 19.07.2026 17:00<br \/>Wojew\u00f3dztwo dolno\u015bl\u0105skie powiaty: dzier\u017coniowski, jaworski, Jelenia G\u00f3ra, kamiennog\u00f3rski, karkonoski, Legnica, legnicki, luba\u0144ski, lw\u00f3wecki, milicki, \u015bredzki, \u015bwidnicki, trzebnicki, Wa\u0142brzych, wa\u0142brzyski, wo\u0142owski, Wroc\u0142aw, wroc\u0142awski i z\u0142otoryjski. &#13;<br \/>Prognozowane s\u0105 burze, kt\u00f3rym miejscami b\u0119d\u0105 towarzyszy\u0107 silne opady deszczu od 20 mm do 35 mm oraz porywy wiatru do 80 km\/h. Lokalnie grad.<\/p>\n","protected":false},"excerpt":{"rendered":"Obowi\u0105zuje od: 19.07.2026 06:22 do: 19.07.2026 17:00Wojew\u00f3dztwo dolno\u015bl\u0105skie powiaty: dzier\u017coniowski, jaworski, Jelenia G\u00f3ra, kamiennog\u00f3rski, karkonoski, Legnica, legnicki, luba\u0144ski,&hellip;\n","protected":false},"author":2,"featured_media":527612,"comment_status":"","ping_status":"","sticky":false,"template":"","format":"standard","meta":{"footnotes":"","_share_on_mastodon":"0"},"categories":[51607],"tags":[17214,60546,42,38,40,39,41,60287,1853],"class_list":["post-565427","post","type-post","status-publish","format-standard","has-post-thumbnail","category-wroclaw","tag-dolnoslaskie","tag-ostrzezenia-meteorologiczne","tag-pl","tag-poland","tag-polish","tag-polska","tag-polski","tag-rso","tag-wroclaw"],"share_on_mastodon":{"url":"https:\/\/pubeurope.com\/@pl\/116944994774647583","error":""},"_links":{"self":[{"href":"https:\/\/www.europesays.com\/pl\/wp-json\/wp\/v2\/posts\/565427","targetHints":{"allow":["GET"]}}],"collection":[{"href":"https:\/\/www.europesays.com\/pl\/wp-json\/wp\/v2\/posts"}],"about":[{"href":"https:\/\/www.europesays.com\/pl\/wp-json\/wp\/v2\/types\/post"}],"author":[{"embeddable":true,"href":"https:\/\/www.europesays.com\/pl\/wp-json\/wp\/v2\/users\/2"}],"replies":[{"embeddable":true,"href":"https:\/\/www.europesays.com\/pl\/wp-json\/wp\/v2\/comments?post=565427"}],"version-history":[{"count":0,"href":"https:\/\/www.europesays.com\/pl\/wp-json\/wp\/v2\/posts\/565427\/revisions"}],"wp:featuredmedia":[{"embeddable":true,"href":"https:\/\/www.europesays.com\/pl\/wp-json\/wp\/v2\/media\/527612"}],"wp:attachment":[{"href":"https:\/\/www.europesays.com\/pl\/wp-json\/wp\/v2\/media?parent=565427"}],"wp:term":[{"taxonomy":"category","embeddable":true,"href":"https:\/\/www.europesays.com\/pl\/wp-json\/wp\/v2\/categories?post=565427"},{"taxonomy":"post_tag","embeddable":true,"href":"https:\/\/www.europesays.com\/pl\/wp-json\/wp\/v2\/tags?post=565427"}],"curies":[{"name":"wp","href":"https:\/\/api.w.org\/{rel}","templated":true}]}}