{"id":565695,"date":"2026-07-19T08:51:11","date_gmt":"2026-07-19T08:51:11","guid":{"rendered":"https:\/\/www.europesays.com\/pl\/565695\/"},"modified":"2026-07-19T08:51:11","modified_gmt":"2026-07-19T08:51:11","slug":"prezydent-podpisal-ustawe-o-zakazie-patostreamingu-czy-nowe-przepisy-cos-zmienia","status":"publish","type":"post","link":"https:\/\/www.europesays.com\/pl\/565695\/","title":{"rendered":"Prezydent podpisa\u0142 ustaw\u0119 o zakazie patostreamingu. Czy nowe przepisy co\u015b zmieni\u0105?"},"content":{"rendered":"<p>Ustawa o zakazie patostreamingu podpisana; <\/p>\n<p>Czy nowe przepisy co\u015b zmieni\u0105?<\/p>\n<p>&#8222;Na razie mamy pierwszy krok&#8221; &#8211; oceni\u0142a w TOK FM\u00a0Renata Szredzi\u0144ska z Fundacji Dajemy Dzieciom Si\u0142\u0119.\u00a0<\/p>\n<p>Prezydent Karol Nawrocki podpisa\u0142 w pi\u0105tek nowelizacj\u0119 Kodeksu karnego zak\u0142adaj\u0105c\u0105 wprowadzenie odpowiedzialno\u015bci karnej za tzw. patostreaming. Regulacja powsta\u0142a w wyniku po\u0142\u0105czenia dw\u00f3ch projekt\u00f3w &#8211; jednego autorstwa PiS i drugiego KO.<\/p>\n<p>Nowelizacja Kodeksu karnego zak\u0142ada, \u017ce za rozpowszechnianie w internecie tre\u015bci przedstawiaj\u0105cych pope\u0142nienie przest\u0119pstwa, godz\u0105cego w dobra osobiste, przemoc wobec zwierz\u0119cia lub poni\u017caj\u0105ce traktowanie innej osoby, nawet za jej zgod\u0105, b\u0119dzie grozi\u0142a kara pozbawienia wolno\u015bci do trzech lat.\u00a0Je\u017celi wspomniane tre\u015bci b\u0119d\u0105 przedstawia\u0142y osob\u0119 poni\u017cej 18. roku \u017cycia, kara b\u0119dzie wy\u017csza &#8211; od trzech miesi\u0119cy do pi\u0119ciu lat.\u00a0<\/p>\n<p>&#8211; Bardzo d\u0142ugo s\u0142yszeli\u015bmy, \u017ce tutaj niewiele da zrobi\u0107, teraz zrobili\u015bmy pierwszy krok. Nie jest to bezkarne. B\u0119dziemy mogli zg\u0142asza\u0107 patostreamy nie tylko do administrator\u00f3w danej platformy, kt\u00f3rzy niewiele z nimi robili, ale te\u017c do policji czy do prokuratury, kt\u00f3re b\u0119dzie mia\u0142a narz\u0119dzia, \u017ceby takich nadawc\u00f3w \u015bciga\u0107\u00a0&#8211; skomentowa\u0142a w TOK FM Renata Szredzi\u0144ska z Fundacji Dajemy Dzieciom Si\u0142\u0119.\u00a0<\/p>\n<p>        <a name=\"eztoc32657435_0_3\" id=\"eztoc32657435_0_3\"\/>&#8222;To nie magiczna r\u00f3\u017cd\u017cka&#8221;\u00a0<\/p>\n<p>W ocenie go\u015bcini &#8222;Poranka TOK FM&#8221; w ustawie o zakazie patostreamingu nie brakuje jednak furtek.\u00a0Tym bardziej, \u017ce sama definicja patostreamingu jest nieostra. W\u0105tpliwo\u015bci budzi tak\u017ce\u00a0skuteczno\u015b\u0107 egzekwowania prawa w stosunku do os\u00f3b, kt\u00f3re transmituj\u0105 z zagranicy. &#8211; Mo\u017cliwo\u015bci \u015bcigania s\u0105, ale\u00a0bardzo trudne, dlatego tutaj ustawa niewiele zmienia &#8211; podkre\u015bli\u0142a Renata Szredzi\u0144ska.<\/p>\n<p>Inna furtka? Z zapis\u00f3w ustawy wynika, \u017ce za przest\u0119pstwo nie zostan\u0105 uznane dzia\u0142ania podj\u0119te w ramach dzia\u0142alno\u015bci artystycznej, edukacyjnej, prasowej, naukowej lub w celu ochrony interesu publicznego.\u00a0&#8211; To nie tak, \u017ce streamowanie patologii mo\u017cna b\u0119dzie nazwa\u0107 performancem artystycznym. Jednak sztuka ma co\u015b wyzwala\u0107. A tutaj ona jest tylko dla szoku, dla poklasku i zarobku &#8211; uspokoi\u0142a rozm\u00f3wczyni Micha\u0142a Tomasika.\u00a0<\/p>\n<p>    Quiz:  Polityczne wydarzenia w Polsce i na \u015bwiecie. Uwaga, 10 trudnych pyta\u0144! [QUIZ TOK FM] <\/p>\n<p class=\"quiz__article__award--title\">Uko\u0144cz quiz i odbierz nagrod\u0119 do -40% na TOK FM Premium!<\/p>\n<p>Zni\u017cka zale\u017cy od uzyskanego wyniku.<\/p>\n<p>\n                    Poprawnych odpowiedzi<br \/>\n                    Zni\u017cka\n                <\/p>\n<p>                    100%<\/p>\n<p>                    -40%<\/p>\n<p>                    81-99%<\/p>\n<p>                    -30%<\/p>\n<p>                    61-80%<\/p>\n<p>                    -25%<\/p>\n<p>                    41-60%<\/p>\n<p>                    -20%<\/p>\n<p>                    0-40%<\/p>\n<p>                    -10%<\/p>\n<p>Promocje nie \u0142\u0105cz\u0105 si\u0119.<\/p>\n<p>            Progi nagr\u00f3d <img decoding=\"async\" src=\"https:\/\/gfx.tokfm.pl\/extension\/embeds2\/design\/tokfm\/src\/images\/embed\/arrow-award.svg\" alt=\"Strza\u0142ka rozwi\u0144\"\/><\/p>\n<p>&#8211; Nie chc\u0119 m\u00f3wi\u0107, \u017ce to magiczna r\u00f3\u017cd\u017cka, kt\u00f3ra rozwi\u0105\u017ce problem. Nie, to dopiero krok do tego, \u017ceby\u015bmy si\u0119 nauczyli z patostreamingiem m\u0105drzej walczy\u0107. Dwa: du\u017co b\u0119dzie zale\u017ca\u0142o od tego, jakie b\u0119d\u0105 wyroki s\u0105d\u00f3w, jakie b\u0119d\u0105 decyzje prokurator\u00f3w,\u00a0 jakie b\u0119dzie orzecznictwo. Na razie mamy pierwszy krok i bardzo si\u0119 z niego ciesz\u0119 &#8211; podsumowa\u0142a w TOK FM.\u00a0<\/p>\n<p>\u0179r\u00f3d\u0142o: TOK FM, PAP\u00a0<\/p>\n","protected":false},"excerpt":{"rendered":"Ustawa o zakazie patostreamingu podpisana; Czy nowe przepisy co\u015b zmieni\u0105? &#8222;Na razie mamy pierwszy krok&#8221; &#8211; oceni\u0142a w&hellip;\n","protected":false},"author":2,"featured_media":565696,"comment_status":"","ping_status":"","sticky":false,"template":"","format":"standard","meta":{"footnotes":"","_share_on_mastodon":"0"},"categories":[62712],"tags":[1766,690,111581,111250,907,50731,1005],"class_list":["post-565695","post","type-post","status-publish","format-standard","has-post-thumbnail","category-karol-nawrocki","tag-internet","tag-karol-nawrocki","tag-michal-tomasik","tag-patostream","tag-polityka","tag-poranek-radia-tok-fm","tag-prezydent"],"share_on_mastodon":{"url":"","error":""},"_links":{"self":[{"href":"https:\/\/www.europesays.com\/pl\/wp-json\/wp\/v2\/posts\/565695","targetHints":{"allow":["GET"]}}],"collection":[{"href":"https:\/\/www.europesays.com\/pl\/wp-json\/wp\/v2\/posts"}],"about":[{"href":"https:\/\/www.europesays.com\/pl\/wp-json\/wp\/v2\/types\/post"}],"author":[{"embeddable":true,"href":"https:\/\/www.europesays.com\/pl\/wp-json\/wp\/v2\/users\/2"}],"replies":[{"embeddable":true,"href":"https:\/\/www.europesays.com\/pl\/wp-json\/wp\/v2\/comments?post=565695"}],"version-history":[{"count":0,"href":"https:\/\/www.europesays.com\/pl\/wp-json\/wp\/v2\/posts\/565695\/revisions"}],"wp:featuredmedia":[{"embeddable":true,"href":"https:\/\/www.europesays.com\/pl\/wp-json\/wp\/v2\/media\/565696"}],"wp:attachment":[{"href":"https:\/\/www.europesays.com\/pl\/wp-json\/wp\/v2\/media?parent=565695"}],"wp:term":[{"taxonomy":"category","embeddable":true,"href":"https:\/\/www.europesays.com\/pl\/wp-json\/wp\/v2\/categories?post=565695"},{"taxonomy":"post_tag","embeddable":true,"href":"https:\/\/www.europesays.com\/pl\/wp-json\/wp\/v2\/tags?post=565695"}],"curies":[{"name":"wp","href":"https:\/\/api.w.org\/{rel}","templated":true}]}}