{"id":565780,"date":"2026-07-19T10:04:16","date_gmt":"2026-07-19T10:04:16","guid":{"rendered":"https:\/\/www.europesays.com\/pl\/565780\/"},"modified":"2026-07-19T10:04:16","modified_gmt":"2026-07-19T10:04:16","slug":"od-lubelskiego-lipca-do-przelomu-1989-roku-ipn-otworzyl-wystawe-o-historii-solidarnosci","status":"publish","type":"post","link":"https:\/\/www.europesays.com\/pl\/565780\/","title":{"rendered":"Od Lubelskiego Lipca do prze\u0142omu 1989 roku. IPN otworzy\u0142 wystaw\u0119 o historii \u201eSolidarno\u015bci\u201d"},"content":{"rendered":"<p>Uroczystego otwarcia wystawy dokonali dyrektor Oddzia\u0142u Instytutu Pami\u0119ci Narodowej w Lublinie dr Robert Derewenda oraz przewodnicz\u0105cy Regionu \u015arodkowo-Wschodniego NSZZ \u201eSolidarno\u015b\u0107\u201d Ireneusz Pszczo\u0142a.<\/p>\n<p>Ekspozycja zosta\u0142a przygotowana w ramach obchod\u00f3w 46. rocznicy Lubelskiego Lipca. Tegoroczne uroczysto\u015bci odbywaj\u0105 si\u0119 pod honorowym patronatem Prezydenta Rzeczypospolitej Polskiej Karola Nawrockiego.<\/p>\n<p>Historia protest\u00f3w, kt\u00f3re poprzedzi\u0142y Sierpie\u0144 \u201980<\/p>\n<p>Wystawa \u201eZacz\u0119\u0142o si\u0119 w Lipcu. \u00abSolidarno\u015b\u0107\u00bb w Regionie \u015arodkowo-Wschodnim 1980\u20131989\u201d prezentuje histori\u0119 Niezale\u017cnego Samorz\u0105dnego Zwi\u0105zku Zawodowego \u201eSolidarno\u015b\u0107\u201d na terenie regionu.<\/p>\n<p>Narracja rozpoczyna si\u0119 od strajk\u00f3w lipcowych w 1980 roku. Protesty pracownicze, kt\u00f3re wybuch\u0142y w zak\u0142adach Lubelszczyzny, sta\u0142y si\u0119 jednym z najwa\u017cniejszych etap\u00f3w prowadz\u0105cych do powstania og\u00f3lnopolskiego ruchu spo\u0142ecznego i zwi\u0105zku zawodowego \u201eSolidarno\u015b\u0107\u201d.<\/p>\n<p>Ekspozycja przedstawia kolejne lata dzia\u0142alno\u015bci organizacji, jej rol\u0119 w \u017cyciu spo\u0142ecznym oraz drog\u0119 prowadz\u0105c\u0105 do prze\u0142omu politycznego w 1989 roku.<\/p>\n<p>Wystawa dost\u0119pna do 18 sierpnia<\/p>\n<p>Przygotowana przez IPN wystawa przypomina wydarzenia, kt\u00f3re odegra\u0142y istotn\u0105 rol\u0119 w najnowszej historii Polski. Jest r\u00f3wnie\u017c okazj\u0105 do poznania dzia\u0142alno\u015bci \u201eSolidarno\u015bci\u201d w Regionie \u015arodkowo-Wschodnim oraz ludzi zaanga\u017cowanych w walk\u0119 o prawa pracownicze i przemiany demokratyczne.<\/p>\n<p>Ekspozycja b\u0119dzie dost\u0119pna dla zwiedzaj\u0105cych do 18 sierpnia 2026 roku.<\/p>\n<p>    Galeria zdj\u0119\u0107<\/p>\n<p>                                    <img decoding=\"async\" class=\"gallery-item\" src=\"https:\/\/www.europesays.com\/pl\/wp-content\/uploads\/2026\/07\/medium-HNk1vFPXoAAl6p4.jpg\" loading=\"lazy\" width=\"2048\" height=\"1366\"\/><\/p>\n<p>            Zdj\u0119cie 1 z 6<\/p>\n<p>                                    <img decoding=\"async\" class=\"gallery-item\" src=\"https:\/\/www.europesays.com\/pl\/wp-content\/uploads\/2026\/07\/medium-HNk6tj-XMAAC37N.jpg\" loading=\"lazy\" width=\"2048\" height=\"1366\"\/><\/p>\n<p>            Zdj\u0119cie 2 z 6<\/p>\n<p>                                    <img decoding=\"async\" class=\"gallery-item\" src=\"https:\/\/www.europesays.com\/pl\/wp-content\/uploads\/2026\/07\/medium-HNk1vFMWYAAahg5.jpg\" loading=\"lazy\" width=\"2048\" height=\"1366\"\/><\/p>\n<p>            Zdj\u0119cie 3 z 6<\/p>\n<p>                                    <img decoding=\"async\" class=\"gallery-item\" src=\"https:\/\/www.europesays.com\/pl\/wp-content\/uploads\/2026\/07\/medium-HNk6tj6WsAAe0sA.jpg\" loading=\"lazy\" width=\"2048\" height=\"1366\"\/><\/p>\n<p>            Zdj\u0119cie 4 z 6<\/p>\n<p>                                    <img decoding=\"async\" class=\"gallery-item\" src=\"https:\/\/www.europesays.com\/pl\/wp-content\/uploads\/2026\/07\/medium-HNk6tj6XgAEdgXs.jpg\" loading=\"lazy\" width=\"2048\" height=\"1366\"\/><\/p>\n<p>            Zdj\u0119cie 5 z 6<\/p>\n<p>\u0179r\u00f3d\u0142o: IPN Lublin <\/p>\n","protected":false},"excerpt":{"rendered":"Uroczystego otwarcia wystawy dokonali dyrektor Oddzia\u0142u Instytutu Pami\u0119ci Narodowej w Lublinie dr Robert Derewenda oraz przewodnicz\u0105cy Regionu \u015arodkowo-Wschodniego&hellip;\n","protected":false},"author":2,"featured_media":565781,"comment_status":"","ping_status":"","sticky":false,"template":"","format":"standard","meta":{"footnotes":"","_share_on_mastodon":"0"},"categories":[51612],"tags":[111592,79019,111593,106810,1081,3448,42,38,40,39,41,111594,60893,111595],"class_list":["post-565780","post","type-post","status-publish","format-standard","has-post-thumbnail","category-lublin","tag-historia-solidarnosci","tag-ipn-lublin","tag-ireneusz-pszczola","tag-lubelski-lipiec","tag-lublin","tag-nszz-solidarnosc","tag-pl","tag-poland","tag-polish","tag-polska","tag-polski","tag-region-srodkowo-wschodni","tag-robert-derewenda","tag-strajki-lipcowe-1980"],"share_on_mastodon":{"url":"https:\/\/pubeurope.com\/@pl\/116946080805402573","error":""},"_links":{"self":[{"href":"https:\/\/www.europesays.com\/pl\/wp-json\/wp\/v2\/posts\/565780","targetHints":{"allow":["GET"]}}],"collection":[{"href":"https:\/\/www.europesays.com\/pl\/wp-json\/wp\/v2\/posts"}],"about":[{"href":"https:\/\/www.europesays.com\/pl\/wp-json\/wp\/v2\/types\/post"}],"author":[{"embeddable":true,"href":"https:\/\/www.europesays.com\/pl\/wp-json\/wp\/v2\/users\/2"}],"replies":[{"embeddable":true,"href":"https:\/\/www.europesays.com\/pl\/wp-json\/wp\/v2\/comments?post=565780"}],"version-history":[{"count":0,"href":"https:\/\/www.europesays.com\/pl\/wp-json\/wp\/v2\/posts\/565780\/revisions"}],"wp:featuredmedia":[{"embeddable":true,"href":"https:\/\/www.europesays.com\/pl\/wp-json\/wp\/v2\/media\/565781"}],"wp:attachment":[{"href":"https:\/\/www.europesays.com\/pl\/wp-json\/wp\/v2\/media?parent=565780"}],"wp:term":[{"taxonomy":"category","embeddable":true,"href":"https:\/\/www.europesays.com\/pl\/wp-json\/wp\/v2\/categories?post=565780"},{"taxonomy":"post_tag","embeddable":true,"href":"https:\/\/www.europesays.com\/pl\/wp-json\/wp\/v2\/tags?post=565780"}],"curies":[{"name":"wp","href":"https:\/\/api.w.org\/{rel}","templated":true}]}}