{"id":565985,"date":"2026-07-19T12:43:11","date_gmt":"2026-07-19T12:43:11","guid":{"rendered":"https:\/\/www.europesays.com\/pl\/565985\/"},"modified":"2026-07-19T12:43:11","modified_gmt":"2026-07-19T12:43:11","slug":"lubelski-lipiec-80-lublin-oddal-hold-robotnikom-sprzed-46-lat","status":"publish","type":"post","link":"https:\/\/www.europesays.com\/pl\/565985\/","title":{"rendered":"Lubelski Lipiec \u201980: Lublin odda\u0142 ho\u0142d robotnikom sprzed 46 lat"},"content":{"rendered":"<p>Obchody by\u0142y okazj\u0105 do przypomnienia wydarze\u0144 sprzed 46 lat. Mi\u0119dzy 8 a 24 lipca 1980 roku przez Lubelszczyzn\u0119 przetoczy\u0142a si\u0119 fala strajk\u00f3w, kt\u00f3ra obj\u0119\u0142a ponad 150 zak\u0142ad\u00f3w pracy, z czego a\u017c 91 znajdowa\u0142o si\u0119 w Lublinie.<\/p>\n<p>Wszystko zacz\u0119\u0142o si\u0119 w \u015awidniku<\/p>\n<p>Pierwszy protest wybuch\u0142 8 lipca 1980 roku w Wytw\u00f3rni Sprz\u0119tu Komunikacyjnego w \u015awidniku. Bezpo\u015bredni\u0105 przyczyn\u0105 by\u0142a kolejna podwy\u017cka cen \u017cywno\u015bci. Robotnicy domagali si\u0119 przede wszystkim podwy\u017cek p\u0142ac, poprawy warunk\u00f3w pracy i wycofania podwy\u017cek cen. W cz\u0119\u015bci zak\u0142ad\u00f3w pojawia\u0142y si\u0119 r\u00f3wnie\u017c postulaty dotycz\u0105ce niezale\u017cnych zwi\u0105zk\u00f3w zawodowych.<\/p>\n<p>Po trzech dniach protest zako\u0144czy\u0142 si\u0119 podpisaniem porozumienia. W \u015awidniku powsta\u0142 tak\u017ce pierwszy w tamtym okresie komitet postojowy.<\/p>\n<p>Protesty sparali\u017cowa\u0142y region<\/p>\n<p>W kolejnych dniach strajki obj\u0119\u0142y kolejne przedsi\u0119biorstwa w regionie. Protestowali pracownicy m.in. Fabryki Samochod\u00f3w Ci\u0119\u017carowych, MPK, PKP, Polmozbytu, Agrometu, Zak\u0142ad\u00f3w Azotowych w Pu\u0142awach, Fabryki \u0141o\u017cysk Tocznych w Kra\u015bniku czy kopalni Bogdanka.<\/p>\n<p>Do 20 lipca w\u0142adze podpisa\u0142y z protestuj\u0105cymi szereg porozumie\u0144, zgadzaj\u0105c si\u0119 m.in. na podwy\u017cki wynagrodze\u0144 oraz popraw\u0119 warunk\u00f3w pracy.<\/p>\n<p>Lubelski Lipiec otworzy\u0142 drog\u0119 do Sierpnia<\/p>\n<p>Historycy podkre\u015blaj\u0105, \u017ce wydarzenia na Lubelszczy\u017anie by\u0142y wa\u017cnym impulsem dla p\u00f3\u017aniejszych strajk\u00f3w na Wybrze\u017cu. To do\u015bwiadczenia zdobyte podczas Lubelskiego Lipca sta\u0142y si\u0119 jednym z fundament\u00f3w sierpniowych protest\u00f3w w Stoczni Gda\u0144skiej i narodzin NSZZ \u201eSolidarno\u015b\u0107\u201d.<\/p>\n<p>Pami\u0119\u0107 o tamtych wydarzeniach jest w Lublinie wci\u0105\u017c \u017cywa. Przypominaj\u0105 o niej m.in. Pomnik Wdzi\u0119czno\u015bci, Rondo Lubelskiego Lipca &#8217;80, a tak\u017ce liczne inicjatywy edukacyjne i historyczne po\u015bwi\u0119cone robotniczym protestom z 1980 roku.<\/p>\n","protected":false},"excerpt":{"rendered":"Obchody by\u0142y okazj\u0105 do przypomnienia wydarze\u0144 sprzed 46 lat. Mi\u0119dzy 8 a 24 lipca 1980 roku przez Lubelszczyzn\u0119&hellip;\n","protected":false},"author":2,"featured_media":565986,"comment_status":"","ping_status":"","sticky":false,"template":"","format":"standard","meta":{"footnotes":"","_share_on_mastodon":"0"},"categories":[51612],"tags":[106810,106811,1081,42,38,40,39,41,7870],"class_list":["post-565985","post","type-post","status-publish","format-standard","has-post-thumbnail","category-lublin","tag-lubelski-lipiec","tag-lubelski-lipiec-1980","tag-lublin","tag-pl","tag-poland","tag-polish","tag-polska","tag-polski","tag-solidarnosc"],"share_on_mastodon":{"url":"https:\/\/pubeurope.com\/@pl\/116946705425693860","error":""},"_links":{"self":[{"href":"https:\/\/www.europesays.com\/pl\/wp-json\/wp\/v2\/posts\/565985","targetHints":{"allow":["GET"]}}],"collection":[{"href":"https:\/\/www.europesays.com\/pl\/wp-json\/wp\/v2\/posts"}],"about":[{"href":"https:\/\/www.europesays.com\/pl\/wp-json\/wp\/v2\/types\/post"}],"author":[{"embeddable":true,"href":"https:\/\/www.europesays.com\/pl\/wp-json\/wp\/v2\/users\/2"}],"replies":[{"embeddable":true,"href":"https:\/\/www.europesays.com\/pl\/wp-json\/wp\/v2\/comments?post=565985"}],"version-history":[{"count":0,"href":"https:\/\/www.europesays.com\/pl\/wp-json\/wp\/v2\/posts\/565985\/revisions"}],"wp:featuredmedia":[{"embeddable":true,"href":"https:\/\/www.europesays.com\/pl\/wp-json\/wp\/v2\/media\/565986"}],"wp:attachment":[{"href":"https:\/\/www.europesays.com\/pl\/wp-json\/wp\/v2\/media?parent=565985"}],"wp:term":[{"taxonomy":"category","embeddable":true,"href":"https:\/\/www.europesays.com\/pl\/wp-json\/wp\/v2\/categories?post=565985"},{"taxonomy":"post_tag","embeddable":true,"href":"https:\/\/www.europesays.com\/pl\/wp-json\/wp\/v2\/tags?post=565985"}],"curies":[{"name":"wp","href":"https:\/\/api.w.org\/{rel}","templated":true}]}}