{"id":566024,"date":"2026-07-19T13:08:13","date_gmt":"2026-07-19T13:08:13","guid":{"rendered":"https:\/\/www.europesays.com\/pl\/566024\/"},"modified":"2026-07-19T13:08:13","modified_gmt":"2026-07-19T13:08:13","slug":"prognoza-cen-paliwa-tyle-zaplacimy-w-przyszlym-tygodniu","status":"publish","type":"post","link":"https:\/\/www.europesays.com\/pl\/566024\/","title":{"rendered":"Prognoza cen paliwa. Tyle zap\u0142acimy w przysz\u0142ym tygodniu"},"content":{"rendered":"\n<p>&#13;<br \/>\n1 lipca rz\u0105d zako\u0144czy\u0142 si\u0119 pakiet CPN. Oznacza to, \u017ce\u00a0ceny paliw poszybowa\u0142y w\u00a0g\u00f3r\u0119. &#13;\n<\/p>\n<p>Koniec pakietu CPN. Ceny paliwa w\u00a0g\u00f3r\u0119<\/p>\n<p>&#13;<br \/>\nPo zako\u0144czeniu pakietu CPN wygas\u0142y przepisy, na\u00a0mocy kt\u00f3rych stosowana by\u0142a obni\u017cona stawka VAT na\u00a0niekt\u00f3re paliwa \u2013\u00a0przede wszystkim benzyny i\u00a0oleje nap\u0119dowe, a\u00a0tak\u017ce ustalana by\u0142a cena maksymalna paliw na\u00a0stacjach benzynowych. Wcze\u015bniej \u2013\u00a0w\u00a0po\u0142owie czerwca \u2013\u00a0wygas\u0142y przepisy o\u00a0obni\u017cce akcyzy na\u00a0te paliwa. &#13;\n<\/p>\n<p>Ile kosztuje bary\u0142ka ropy?<\/p>\n<p>&#13;<br \/>\nW czwartek na\u00a0gie\u0142dach paliw na\u00a0\u015bwiecie ropa stania\u0142a po\u00a0trzech poprzednich sesjach ze\u00a0wzrostem notowa\u0144. Inwestorzy oceniaj\u0105 sytuacj\u0119 geopolityczn\u0105 na\u00a0Bliskim Wschodzie. &#13;\n<\/p>\n<p>&#13;<br \/>\nBary\u0142ka ropy West Texas Intermediate w\u00a0dostawach na\u00a0VIII jest na\u00a0NYMEX w\u00a0Nowym Jorku po\u00a079,24 USD \u2013\u00a0cena ni\u017csza o\u00a00,45 proc. Brent na\u00a0ICE na\u00a0IX jest wyceniana po\u00a084,42 USD za\u00a0bary\u0142k\u0119, w\u00a0d\u00f3\u0142 o\u00a00,62 proc. i\u00a0po zwy\u017cce o\u00a012 proc. w\u00a0ci\u0105gu trzech poprzednich sesji. &#13;\n<\/p>\n<p>Prognoza cen paliw na\u00a0przysz\u0142y tydzie\u0144 nie\u00a0jest optymistyczna<\/p>\n<p>&#13;<br \/>\nPortal e-patrol.pl podkre\u015bla, \u017ce\u00a0w\u00a0ostatnich dniach kierowcy szczeg\u00f3lnie mocno mogli odczu\u0107 t\u0119sknot\u0119 za\u00a0wygaszonym z\u00a0ko\u0144cem czerwca pakietem CPN. Ceny paliw na\u00a0stacjach poszybowa\u0142y w\u00a0g\u00f3r\u0119. &#13;\n<\/p>\n<p>&#13;<br \/>\nBenzyna bezo\u0142owiowa 95 na\u00a0przestrzeni tygodnia podro\u017ca\u0142a o\u00a021 groszy, za\u015b\u00a0olej nap\u0119dowy \u2013\u00a0o\u00a026 groszy. W\u00a0po\u0142owie tygodnia litr benzyzny 95 kosztowa\u0142 \u015brednio 6,99 z\u0142. Olej nap\u0119dowy \u2013\u00a0przeci\u0119tnie 7,19 z\u0142\/l. \u201eSpadkowy trend utrzyma\u0142 jedynie autogaz, kt\u00f3ry tanieje nieprzerwanie od\u00a012 tygodni. Jego cena spad\u0142a o\u00a03 grosze i\u00a0wynios\u0142a 3,17 z\u0142 za\u00a0litr\u201d \u2013\u00a0czytamy. &#13;\n<\/p>\n<p>&#13;<br \/>\nPrognozy na\u00a0nast\u0119pny tydzie\u0144 lipca nie\u00a0s\u0105 optymistyczne. Wynika z\u00a0nich, \u017ce\u00a0ceny paliw nadal b\u0119d\u0105 ros\u0142y. &#13;\n<\/p>\n<p>&#13;<br \/>\n&#8222;Przewidywane przez e-petrol.pl przedzia\u0142y cenowe dla\u00a0poszczeg\u00f3lnych gatunk\u00f3w paliw na\u00a0najbli\u017csze dni\u00a0to: 7,09-7,22 z\u0142\/l dla\u00a095-oktanowej benzyny, 7,51-7,65 z\u0142\/l dla\u00a0oleju nap\u0119dowego a\u00a0dla autogazu 3,16-3,24 z\u0142\/l&#8221; \u2013\u00a0podkre\u015blaj\u0105 eksperci portalu. &#13;\n<\/p>\n<p>&#13;<br \/>\n   Czytaj te\u017c:<br \/><a href=\"https:\/\/dorzeczy.pl\/ekonomia\/916276\/ceny-paliw-spadna-tusk-nie-pozostawil-polakow-zludzen.html\" rel=\"follow nofollow noopener\" data-schema=\"DORZECZY\" data-image=\"https:\/\/img.dorzeczy.pl\/_thumb\/66\/16\/c3bb13bd6d0f6135b5a2f1e6f3bd.jpeg\" target=\"_blank\">Ceny paliw spadn\u0105? Tusk nie\u00a0pozostawi\u0142 Polakom z\u0142udze\u0144<\/a>   Czytaj te\u017c:<br \/><a href=\"https:\/\/dorzeczy.pl\/ekonomia\/912193\/powrot-pakietu-cpn-rzad-stawia-warunek-ws-cen-paliw.html\" rel=\"follow nofollow noopener\" data-schema=\"DORZECZY\" data-image=\"https:\/\/img.dorzeczy.pl\/_thumb\/75\/e5\/849513333fab9054690560b5b8b9.jpeg\" target=\"_blank\">Powr\u00f3t pakietu CPN? Rz\u0105d stawia warunek<\/a> &#13;<\/p>\n","protected":false},"excerpt":{"rendered":"&#13; 1 lipca rz\u0105d zako\u0144czy\u0142 si\u0119 pakiet CPN. Oznacza to, \u017ce\u00a0ceny paliw poszybowa\u0142y w\u00a0g\u00f3r\u0119. &#13; Koniec pakietu CPN.&hellip;\n","protected":false},"author":2,"featured_media":555779,"comment_status":"","ping_status":"","sticky":false,"template":"","format":"standard","meta":{"footnotes":"","_share_on_mastodon":"0"},"categories":[52097],"tags":[497,9039,5022,98,105,34662,38182,774,72543,42,38,40,39,41,111662,111663],"class_list":["post-566024","post","type-post","status-publish","format-standard","has-post-thumbnail","category-orlen","tag-benzyna","tag-ceny-paliw","tag-diesel","tag-dorzeczy","tag-ekonomia","tag-lipiec","tag-olej-napedowy","tag-orlen","tag-pakiet-cpn","tag-pl","tag-poland","tag-polish","tag-polska","tag-polski","tag-prognoza-cen-paliw","tag-prognoza-cen-paliwa"],"share_on_mastodon":{"url":"https:\/\/pubeurope.com\/@pl\/116946803377449315","error":""},"_links":{"self":[{"href":"https:\/\/www.europesays.com\/pl\/wp-json\/wp\/v2\/posts\/566024","targetHints":{"allow":["GET"]}}],"collection":[{"href":"https:\/\/www.europesays.com\/pl\/wp-json\/wp\/v2\/posts"}],"about":[{"href":"https:\/\/www.europesays.com\/pl\/wp-json\/wp\/v2\/types\/post"}],"author":[{"embeddable":true,"href":"https:\/\/www.europesays.com\/pl\/wp-json\/wp\/v2\/users\/2"}],"replies":[{"embeddable":true,"href":"https:\/\/www.europesays.com\/pl\/wp-json\/wp\/v2\/comments?post=566024"}],"version-history":[{"count":0,"href":"https:\/\/www.europesays.com\/pl\/wp-json\/wp\/v2\/posts\/566024\/revisions"}],"wp:featuredmedia":[{"embeddable":true,"href":"https:\/\/www.europesays.com\/pl\/wp-json\/wp\/v2\/media\/555779"}],"wp:attachment":[{"href":"https:\/\/www.europesays.com\/pl\/wp-json\/wp\/v2\/media?parent=566024"}],"wp:term":[{"taxonomy":"category","embeddable":true,"href":"https:\/\/www.europesays.com\/pl\/wp-json\/wp\/v2\/categories?post=566024"},{"taxonomy":"post_tag","embeddable":true,"href":"https:\/\/www.europesays.com\/pl\/wp-json\/wp\/v2\/tags?post=566024"}],"curies":[{"name":"wp","href":"https:\/\/api.w.org\/{rel}","templated":true}]}}