{"id":56634,"date":"2025-10-19T07:20:20","date_gmt":"2025-10-19T07:20:20","guid":{"rendered":"https:\/\/www.europesays.com\/pl\/56634\/"},"modified":"2025-10-19T07:20:20","modified_gmt":"2025-10-19T07:20:20","slug":"jean-claude-van-damme-zenil-sie-piec-razy-moje-zycie-milosne-to-jak-skomplikowany-film-akcji","status":"publish","type":"post","link":"https:\/\/www.europesays.com\/pl\/56634\/","title":{"rendered":"Jean-Claude van Damme \u017ceni\u0142 si\u0119 pi\u0119\u0107 razy. &#8222;Moje \u017cycie mi\u0142osne to jak skomplikowany film akcji&#8221;"},"content":{"rendered":"<p> Galeria zdj\u0119\u0107    Jean-Claude van Damme z \u017con\u0105    <img src=\"https:\/\/www.europesays.com\/pl\/wp-content\/uploads\/2025\/10\/mE9k9lBaHR0cHM6Ly9vY2RuLmV1L3B1bHNjbXMvTURBXy85NWUzM2RkNGU5MjUxMTQ2N2Y1NjIzMDhiOTQyODVkMS5qcGeRlQLNB.jpeg\" height=\"663\" width=\"940\" alt=\"Jean-Claude van Damme z \u017con\u0105\" loading=\"lazy\" decoding=\"async\" class=\"ods-c-image__img ods-c-image__img--placeholder\"\/>     1\/4   <\/p>\n<p>Richard Blanshard\/Getty Images \/ Getty Images<\/p>\n<p class=\"ods-c-gallery__item__description\">Jean-Claude van Damme ju\u017c w m\u0142odo\u015bci otacza\u0142 si\u0119 pi\u0119knymi kobietami. Jego pierwsz\u0105 \u017con\u0105 by\u0142a Maria Rodriguez. Ich ma\u0142\u017ce\u0144stwo trwa\u0142o cztery lata.\n<\/p>\n<p>&#8222;By\u0142em m\u0142ody i g\u0142upi. My\u015bla\u0142em, \u017ce mi\u0142o\u015b\u0107 to jak w filmach \u2014 wielkie gesty i nami\u0119tno\u015b\u0107. Okaza\u0142o si\u0119, \u017ce to te\u017c zmywanie naczy\u0144 i kompromisy&#8221; \u2014 podsumowa\u0142 ten zwi\u0105zek aktor (cytat za WP Film).\n<\/p>\n<p>Niespe\u0142na rok p\u00f3\u017aniej belgijski gwiazdor by\u0142 m\u0119\u017cem Cynthii Derderian.  Ich ma\u0142\u017ce\u0144stwo trwa\u0142o zaledwie 12 miesi\u0119cy. &#8222;Z Cynthi\u0105 nauczy\u0142em si\u0119, \u017ce s\u0142awa mo\u017ce by\u0107 trucizn\u0105 dla zwi\u0105zku. Trudno budowa\u0107 co\u015b trwa\u0142ego, gdy ca\u0142y \u015bwiat chce kawa\u0142ek ciebie&#8221; \u2014 t\u0142umaczy\u0142.<\/p>\n<p>    Jean-Claude van Damme i Gladys Portugues    <img src=\"https:\/\/www.europesays.com\/pl\/wp-content\/uploads\/2025\/10\/iu3k9lBaHR0cHM6Ly9vY2RuLmV1L3B1bHNjbXMvTURBXy9mYmYwODY5NmQzNjU2MTZlN2I4YzM2YjA1MjE1NDc1NS5qcGeRlQLNA.jpeg\" height=\"529\" width=\"940\" alt=\"Jean-Claude van Damme i Gladys Portugues\" loading=\"lazy\" decoding=\"async\" class=\"ods-c-image__img ods-c-image__img--placeholder\"\/>     2\/4   <\/p>\n<p>Patrick Robert\/Sygma\/CORBIS\/Sygma via Getty Images \/ Getty Images<\/p>\n<p class=\"ods-c-gallery__item__description\">Najwi\u0119ksz\u0105 mi\u0142o\u015bci\u0105 aktora wydaje si\u0119 kulturystka Gladys Portugues. Para pobra\u0142a si\u0119 po raz pierwszy w 1987 r. Ich ma\u0142\u017ce\u0144stwo trwa\u0142o w\u00f3wczas pi\u0119\u0107 lat. Maj\u0105 dwoje dzieci: Kristophera i Biank\u0119. Po rozwodzie aktor o\u017ceni\u0142 si\u0119 kolejny raz. Siedem lat p\u00f3\u017aniej jednak postanowi\u0142&#8230; wr\u00f3ci\u0107 do Gladys Portugues. Byli ma\u0142\u017conkowie ponownie stan\u0119li na \u015blubnym kobiercu. W tym roku b\u0119d\u0105 \u015bwi\u0119towa\u0107 26. rocznic\u0119 \u015blubu. Ich zwi\u0105zek jednak i p\u00f3\u017aniej by\u0142 burzliwy.\n<\/p>\n<p>&#8222;Gladys jest moj\u0105 ska\u0142\u0105. Przesz\u0142a ze mn\u0105 przez piek\u0142o i z powrotem. To chyba definicja prawdziwej mi\u0142o\u015bci&#8221; \u2014 zapewnia\u0142 aktor.<\/p>\n<p>       Jean-Claude van Damme i Darcy LaPier    <img src=\"https:\/\/www.europesays.com\/pl\/wp-content\/uploads\/2025\/10\/Gdfk9lBaHR0cHM6Ly9vY2RuLmV1L3B1bHNjbXMvTURBXy81YWMxYTAxMWRjYzNhMjVhODBkMTA5NWVkMTAwYTYyNy5qcGeRlQLNA.jpeg\" height=\"529\" width=\"940\" alt=\"Jean-Claude van Damme i Darcy LaPier\" loading=\"lazy\" decoding=\"async\" class=\"ods-c-image__img ods-c-image__img--placeholder\"\/>     3\/4   <\/p>\n<p>SGranitz\/WireImage \/ Getty Images<\/p>\n<p class=\"ods-c-gallery__item__description\">Jean-Claude van Damme i Darcy LaPier zacz\u0119li si\u0119 spotyka\u0107 jeszcze gdy aktor formalnie by\u0142 m\u0119\u017cem Gladys Portugues, a aktorka \u017con\u0105 Rona Rice&#8217;a. Wkr\u00f3tce oboje byli wolni. Pobrali si\u0119 wtedy w Bangkoku. Ich ma\u0142\u017ce\u0144stwo trwa\u0142o trzy lata. W tym czasie przyszed\u0142 na \u015bwiat ich syn, Nicholas.\n<\/p>\n<p>To jednak nie znaczy, \u017ce ten zwi\u0105zek by\u0142 idealny. Par\u0119 lat p\u00f3\u017aniej belgijski aktor przyzna\u0142 publicznie, \u017ce zdradza\u0142 Darcy LaPier na planie filmu &#8222;Uliczny wojownik&#8221;. Mia\u0142 w\u00f3wczas romans z Kylie Minogue.\n<\/p>\n<p>&#8222;To by\u0142oby nienormalne, gdyby\u015bmy nie mieli romansu. Ona jest taka pi\u0119kna i stawa\u0142a tam przede mn\u0105 ka\u017cdego dnia ze swoim cudownym u\u015bmiechem, taka \u015bwie\u017ca, czaruj\u0105ca, otwarta \u2014 gra\u0142a jak prawdziwa gwiazda kina.  Uprawiali\u015bmy pi\u0119kn\u0105 mi\u0142o\u015b\u0107, to by\u0142y pi\u0119kne chwile i s\u0142odkie poca\u0142unki&#8221; \u2014 przyzna\u0142 w rozmowie z &#8222;The Sun&#8221;.<\/p>\n<p>    Jean-Claude van Damme i Gladys Portugues    <img src=\"https:\/\/www.europesays.com\/pl\/wp-content\/uploads\/2025\/10\/EV3k9lBaHR0cHM6Ly9vY2RuLmV1L3B1bHNjbXMvTURBXy9iMjQ2NTJlMGFmYWYwN2E5OTY5OTRjMTYxZDdhZGM0OS5qcGeRlQLNA.jpeg\" height=\"529\" width=\"940\" alt=\"Jean-Claude van Damme i Gladys Portugues\" loading=\"lazy\" decoding=\"async\" class=\"ods-c-image__img ods-c-image__img--placeholder\"\/>     4\/4   <\/p>\n<p>Jeffrey Mayer\/WireImage \/ Getty Images<\/p>\n<p class=\"ods-c-gallery__item__description\">Jean-Claude van Damme i Gladys Portugues w 1999 r. postanowili da\u0107 sobie drug\u0105 szans\u0119. 16 lat p\u00f3\u017aniej jednak w mediach pojawi\u0142a si\u0119 informacja o&#8230; kolejnym rozwodzie.  Aktor w ko\u0144cu wycofa\u0142 pozew.\n<\/p>\n<p>&#8222;Tak, nadal jeste\u015bmy rodzin\u0105. Tak wiele ma\u0142\u017ce\u0144stw si\u0119 teraz rozpada i\u00a0to \u017ale wp\u0142ywa na dzieci. Mam za sob\u0105 kilka rozwod\u00f3w i\u00a0wiem, co to znaczy. Ludzie powinni si\u0119 ze sob\u0105 godzi\u0107 i\u00a0wraca\u0107 do siebie&#8221; \u2014 o\u015bwiadczy\u0142 aktor w rozmowie z portalem TMZ.\n<\/p>\n<p>&#8222;Zdali\u015bmy sobie spraw\u0119, \u017ce nadal si\u0119 kochamy&#8221; \u2014 doda\u0142.\n<\/p>\n<p>Dzi\u0119kujemy, \u017ce przeczyta\u0142a\u015b\/e\u015b nasz artyku\u0142 do ko\u0144ca. W serwisie Plejada.pl ka\u017cdego dnia piszemy o najwa\u017cniejszych wydarzeniach show-biznesowych. <\/p>\n<p>B\u0105d\u017a na bie\u017c\u0105co! Obserwuj Plejad\u0119 w <a href=\"http:\/\/news.google.com\/publications\/CAAiEF0PeAlb7W1llpV_mwV2rL4qFAgKIhBdD3gJW-1tZZaVf5sFdqy-?hl=pl&amp;gl=PL&amp;ceid=PL%3Apl\" rel=\"nofollow noopener\" target=\"_blank\">Wiadomo\u015bciach Google<\/a>. Odwied\u017a nas tak\u017ce na <a href=\"http:\/\/facebook.com\/plejadapl\" rel=\"nofollow noopener\" target=\"_blank\">Facebooku<\/a> , <a href=\"http:\/\/instagram.com\/plejadapl\/\" rel=\"nofollow noopener\" target=\"_blank\">Instagramie<\/a>, <a href=\"http:\/\/youtube.com\/c\/plejada\" rel=\"nofollow noopener\" target=\"_blank\">YouTubie<\/a> i <a href=\"http:\/\/tiktok.com\/@plejada_pl\" rel=\"nofollow noopener\" target=\"_blank\">TikToku<\/a>. <\/p>\n<p>Chcesz podzieli\u0107 si\u0119 ciekawym newsem lub zaproponowa\u0107 temat? Skontaktuj si\u0119 z nami, pisz\u0105c maila na adres: plejada@redakcjaonet.pl<\/p>\n<p>  <script async src=\"\/\/www.instagram.com\/embed.js\"><\/script><script async src=\"\/\/www.tiktok.com\/embed.js\"><\/script><\/p>\n","protected":false},"excerpt":{"rendered":"Galeria zdj\u0119\u0107 Jean-Claude van Damme z \u017con\u0105 1\/4 Richard Blanshard\/Getty Images \/ Getty Images Jean-Claude van Damme ju\u017c&hellip;\n","protected":false},"author":2,"featured_media":56635,"comment_status":"","ping_status":"","sticky":false,"template":"","format":"standard","meta":{"footnotes":""},"categories":[22],"tags":[122,2484,14708,6674,48,46,42,38,40,39,41,123,626,47,3048,728,2115],"class_list":{"0":"post-56634","1":"post","2":"type-post","3":"status-publish","4":"format-standard","5":"has-post-thumbnail","7":"category-rozrywka","8":"tag-entertainment","9":"tag-hollywood","10":"tag-jean_claude_van_damme","11":"tag-malzenstwa_gwiazd","12":"tag-nat_styl","13":"tag-omp","14":"tag-pl","15":"tag-poland","16":"tag-polish","17":"tag-polska","18":"tag-polski","19":"tag-rozrywka","20":"tag-rozstania_gwiazd","21":"tag-screening_general","22":"tag-zagraniczne_gwiazdy","23":"tag-zagraniczni_celebryci","24":"tag-zwiazki_gwiazd"},"share_on_mastodon":{"url":"","error":""},"_links":{"self":[{"href":"https:\/\/www.europesays.com\/pl\/wp-json\/wp\/v2\/posts\/56634","targetHints":{"allow":["GET"]}}],"collection":[{"href":"https:\/\/www.europesays.com\/pl\/wp-json\/wp\/v2\/posts"}],"about":[{"href":"https:\/\/www.europesays.com\/pl\/wp-json\/wp\/v2\/types\/post"}],"author":[{"embeddable":true,"href":"https:\/\/www.europesays.com\/pl\/wp-json\/wp\/v2\/users\/2"}],"replies":[{"embeddable":true,"href":"https:\/\/www.europesays.com\/pl\/wp-json\/wp\/v2\/comments?post=56634"}],"version-history":[{"count":0,"href":"https:\/\/www.europesays.com\/pl\/wp-json\/wp\/v2\/posts\/56634\/revisions"}],"wp:featuredmedia":[{"embeddable":true,"href":"https:\/\/www.europesays.com\/pl\/wp-json\/wp\/v2\/media\/56635"}],"wp:attachment":[{"href":"https:\/\/www.europesays.com\/pl\/wp-json\/wp\/v2\/media?parent=56634"}],"wp:term":[{"taxonomy":"category","embeddable":true,"href":"https:\/\/www.europesays.com\/pl\/wp-json\/wp\/v2\/categories?post=56634"},{"taxonomy":"post_tag","embeddable":true,"href":"https:\/\/www.europesays.com\/pl\/wp-json\/wp\/v2\/tags?post=56634"}],"curies":[{"name":"wp","href":"https:\/\/api.w.org\/{rel}","templated":true}]}}