{"id":566716,"date":"2026-07-19T22:10:21","date_gmt":"2026-07-19T22:10:21","guid":{"rendered":"https:\/\/www.europesays.com\/pl\/566716\/"},"modified":"2026-07-19T22:10:21","modified_gmt":"2026-07-19T22:10:21","slug":"to-tam-odbedzie-sie-kolejny-mundial-juz-zadaja-zmiany-miejsca-finalu","status":"publish","type":"post","link":"https:\/\/www.europesays.com\/pl\/566716\/","title":{"rendered":"To tam odb\u0119dzie si\u0119 kolejny mundial. Ju\u017c \u017c\u0105daj\u0105 zmiany miejsca fina\u0142u"},"content":{"rendered":"<p>Najwi\u0119kszy mundial w historii dobiega ko\u0144ca. Kolejny b\u0119dzie jednak nie mniejszy, a do tego jeszcze bardziej specyficzny. Nast\u0119pny raz pi\u0142karze powalcz\u0105 o mistrzostwo \u015bwiata w 2030 r. Gospodarzami turnieju b\u0119d\u0105 Hiszpania, Portugalia i Maroko, ale po jednym spotkaniu odb\u0119dzie si\u0119 w Urugwaju, Argentynie i Paragwaju. W ten spos\u00f3b FIFA chce uhonorowa\u0107 setn\u0105 rocznic\u0119 pierwszego mundialu, kt\u00f3rego gospodarzem by\u0142 Urugwaj.<\/p>\n<p> Dalszy ci\u0105g artyku\u0142u pod materia\u0142em wideo <\/p>\n<p>Reprezentacje wszystkich tych sze\u015bciu pa\u0144stw maj\u0105 zagwarantowany udzia\u0142 w turnieju \u2014 co jest bezprecedensowym wydarzeniem w historii mistrzostw \u2014 ale wcze\u015bniej \u017cadne fina\u0142y nie by\u0142y rozgrywane w sze\u015bciu krajach.<\/p>\n<p>FIFA nie zatwierdzi\u0142a jeszcze listy miast, w kt\u00f3rych maj\u0105 si\u0119 odbywa\u0107 mecze. Rozwa\u017ca powi\u0119kszenie turnieju do 64 dru\u017cyn. Hiszpanie zg\u0142osili ju\u017c 11 stadion\u00f3w, Maroka\u0144czycy sze\u015b\u0107 obiekt\u00f3w, a Portugalczycy trzy.<\/p>\n<p>     Donald Trump mo\u017ce ukara\u0107 Hiszpani\u0119<\/p>\n<p>Fina\u0142 wed\u0142ug plan\u00f3w ma si\u0119 odby\u0107 w Hiszpanii, a zdecydowanym faworytem do goszczenia tego meczu by\u0142 stadion Santiago Bernabeu w Madrycie, \u0430le wcale nie jest pewne, \u017ce tam odb\u0119dzie si\u0119 to starcie.<\/p>\n<p>Hiszpa\u0144ski portal The Objective twierdzi, \u017ce Maroko z inicjatywy kr\u00f3la Mohammeda VI, mia\u0142o rozpocz\u0105\u0107 kampani\u0119 w celu odebrania Hiszpanii organizacji tego spotkania. Mia\u0142oby liczy\u0107 na poparcie federacji z Afryki, Azji, Ameryki P\u00f3\u0142nocnej i Oceanii, ale przede wszystkim na przychylno\u015b\u0107 Donalda Trumpa, kt\u00f3ry ma du\u017cy wp\u0142yw na prezydenta FIFA Gianniego Infantino.<\/p>\n<p>W taki spos\u00f3b prezydent USA m\u00f3g\u0142by ukara\u0107 Hiszpani\u0119. Z tamtejszymi w\u0142adzami \u0142\u0105cz\u0105 go ch\u0142odne relacje. Rz\u0105d Pedro Sancheza wielokrotnie krytykowa\u0142 dzia\u0142ania Trumpa cho\u0107by w kwestiach Iranu czy Palestyny, m.in. nie zgodzi\u0142 si\u0119 na wykorzystywanie baz wojskowych w Andaluzji do przeprowadzania nalot\u00f3w na Iran. Trump nazwa\u0142 Hiszpani\u0119 &#8222;beznadziejnym sojusznikiem&#8221;.<\/p>\n","protected":false},"excerpt":{"rendered":"Najwi\u0119kszy mundial w historii dobiega ko\u0144ca. Kolejny b\u0119dzie jednak nie mniejszy, a do tego jeszcze bardziej specyficzny. Nast\u0119pny&hellip;\n","protected":false},"author":2,"featured_media":566717,"comment_status":"","ping_status":"","sticky":false,"template":"","format":"standard","meta":{"footnotes":"","_share_on_mastodon":"0"},"categories":[52122],"tags":[968,61195,44,1285,267,21441,48,46,13417,948,6010,752,42,38,40,39,41,47,12737],"class_list":["post-566716","post","type-post","status-publish","format-standard","has-post-thumbnail","category-pko-bank-polski","tag-argentyna","tag-bottomfeed_styl","tag-donald_trump","tag-fifa","tag-hiszpania","tag-maroko","tag-nat_styl","tag-omp","tag-paragwaj","tag-pilka_nozna","tag-pko-bank-polski","tag-pko-bp","tag-pl","tag-poland","tag-polish","tag-polska","tag-polski","tag-screening_general","tag-urugwaj"],"share_on_mastodon":{"url":"https:\/\/pubeurope.com\/@pl\/116948934611370487","error":""},"_links":{"self":[{"href":"https:\/\/www.europesays.com\/pl\/wp-json\/wp\/v2\/posts\/566716","targetHints":{"allow":["GET"]}}],"collection":[{"href":"https:\/\/www.europesays.com\/pl\/wp-json\/wp\/v2\/posts"}],"about":[{"href":"https:\/\/www.europesays.com\/pl\/wp-json\/wp\/v2\/types\/post"}],"author":[{"embeddable":true,"href":"https:\/\/www.europesays.com\/pl\/wp-json\/wp\/v2\/users\/2"}],"replies":[{"embeddable":true,"href":"https:\/\/www.europesays.com\/pl\/wp-json\/wp\/v2\/comments?post=566716"}],"version-history":[{"count":0,"href":"https:\/\/www.europesays.com\/pl\/wp-json\/wp\/v2\/posts\/566716\/revisions"}],"wp:featuredmedia":[{"embeddable":true,"href":"https:\/\/www.europesays.com\/pl\/wp-json\/wp\/v2\/media\/566717"}],"wp:attachment":[{"href":"https:\/\/www.europesays.com\/pl\/wp-json\/wp\/v2\/media?parent=566716"}],"wp:term":[{"taxonomy":"category","embeddable":true,"href":"https:\/\/www.europesays.com\/pl\/wp-json\/wp\/v2\/categories?post=566716"},{"taxonomy":"post_tag","embeddable":true,"href":"https:\/\/www.europesays.com\/pl\/wp-json\/wp\/v2\/tags?post=566716"}],"curies":[{"name":"wp","href":"https:\/\/api.w.org\/{rel}","templated":true}]}}