{"id":566809,"date":"2026-07-19T23:34:09","date_gmt":"2026-07-19T23:34:09","guid":{"rendered":"https:\/\/www.europesays.com\/pl\/566809\/"},"modified":"2026-07-19T23:34:09","modified_gmt":"2026-07-19T23:34:09","slug":"gwiazdor-barcelony-przeszedl-do-historii","status":"publish","type":"post","link":"https:\/\/www.europesays.com\/pl\/566809\/","title":{"rendered":"Gwiazdor Barcelony przeszed\u0142 do historii"},"content":{"rendered":"\n<p class=\"contentpart contentpart--default contentpart--text\" data-position=\"1\">Euro 2024 by\u0142o scen\u0105, na kt\u00f3rej niepe\u0142noletni\u00a0<a href=\"https:\/\/sportowefakty.wp.pl\/pilka-nozna\/lamine-yamal\" rel=\"nofollow noopener\" target=\"_blank\">Lamine Yamal<\/a>\u00a0przedstawi\u0142 si\u0119 \u015bwiatowej publiczno\u015bci. By\u0142 absolutn\u0105 gwiazd\u0105 turnieju w Niemczech, w trakcie kt\u00f3rego zosta\u0142 najm\u0142odszym zawodnikiem, strzelcem i asystentem w historii mistrzostw Europy i wreszcie najm\u0142odszym mistrzem Europy w historii (17 lat i 1 dzie\u0144).<\/p>\n<p class=\"contentpart contentpart--default contentpart--text\" data-position=\"2\">Na M\u015a 2026 przylecia\u0142 ju\u017c jako jedna z najwi\u0119kszych gwiazd futbolu. Cho\u0107 nie gra\u0142 tak spektakularnie, co by\u0142o efektem tyle\u017c przebytej przed turniejem kontuzji, co taktyki dru\u017cyny, jak na Euro 2024, po mundialu &#8211; w wieku 19 lat &#8211; mo\u017ce czu\u0107 si\u0119 pi\u0142karzem spe\u0142nionym.<\/p>\n<p>  <img decoding=\"async\" src=\"https:\/\/v.wpimg.pl\/X3dwLnN2d1IFFTpdYUl6R0ZNbgcnEHQREVV2TGEGbUtRT2MdOlZ2RBQUKABgQjQcDRotCStBd1IAAWMeIlM7VgwYIAorQAdEFFk_GCkQJQ\" alt=\"\" width=\"45\" height=\"58\" loading=\"lazy\"\/>  <\/p>\n<p class=\"contentpart contentpart--default contentpart--text\" data-position=\"3\">Zwyci\u0119ski dla Hiszpanii fina\u0142 M\u015a 2026 z Argentyn\u0105 (1:0) odby\u0142 si\u0119 sze\u015b\u0107 dni po jego 19. urodzinach, co oznacza, \u017ce Yamal zosta\u0142 najm\u0142odszym pi\u0142karzem, kt\u00f3ry ma na koncie tytu\u0142 mistrza Europy (17 lat i 1 dzie\u0144) i mistrza \u015bwiata (19 lat i 6 dni).<\/p>\n<p class=\"contentpart contentpart--default contentpart--text\" data-position=\"4\">Wcze\u015bniej tym mianem cieszy\u0142 si\u0119 Francuz David Trezeguet, kt\u00f3ry po mistrzostwo \u015bwiata (1998) si\u0119gn\u0105\u0142, maj\u0105c 20 lat i 270 dni, a po mistrzostwo Europy (2000), maj\u0105c 22 lata i\u00a0261 dni.<\/p>\n<p class=\"contentpart contentpart--default contentpart--text\" data-position=\"5\">Ma\u0142o tego, Yamal jest jednym z najm\u0142odszych mistrz\u00f3w \u015bwiata w dziejach. W m\u0142odszym wieku z\u0142oto mundialu zdobyli jedynie\u00a0Pele (17 lat i 249 dni, Ronaldo (17 lat i 298 dni) i Giuseppe Bergomi (18 lat i 174 dni).<\/p>\n<p class=\"contentpart contentpart--default contentpart--text\" data-position=\"6\">ZOBACZ WIDEO: Zachwyty nad Angli\u0105. &#8222;\u015awietnie si\u0119 bawi\u0142em&#8221;<\/p>\n","protected":false},"excerpt":{"rendered":"Euro 2024 by\u0142o scen\u0105, na kt\u00f3rej niepe\u0142noletni\u00a0Lamine Yamal\u00a0przedstawi\u0142 si\u0119 \u015bwiatowej publiczno\u015bci. By\u0142 absolutn\u0105 gwiazd\u0105 turnieju w Niemczech, w&hellip;\n","protected":false},"author":2,"featured_media":566810,"comment_status":"","ping_status":"","sticky":false,"template":"","format":"standard","meta":{"footnotes":"","_share_on_mastodon":"0"},"categories":[24],"tags":[267,3943,3037,9090,269,540,278,42,38,40,39,41,1288,127,126,97570],"class_list":["post-566809","post","type-post","status-publish","format-standard","has-post-thumbnail","category-sport","tag-hiszpania","tag-lamine-yamal","tag-mistrzostwa-swiata","tag-mistrzostwa-swiata-2026","tag-pilka-nozna","tag-pilka-nozna-w-hiszpanii","tag-pilka-w-europie","tag-pl","tag-poland","tag-polish","tag-polska","tag-polski","tag-reprezentacja-hiszpanii","tag-sport","tag-sports","tag-studio-mundial"],"share_on_mastodon":{"url":"https:\/\/pubeurope.com\/@pl\/116949265836349935","error":""},"_links":{"self":[{"href":"https:\/\/www.europesays.com\/pl\/wp-json\/wp\/v2\/posts\/566809","targetHints":{"allow":["GET"]}}],"collection":[{"href":"https:\/\/www.europesays.com\/pl\/wp-json\/wp\/v2\/posts"}],"about":[{"href":"https:\/\/www.europesays.com\/pl\/wp-json\/wp\/v2\/types\/post"}],"author":[{"embeddable":true,"href":"https:\/\/www.europesays.com\/pl\/wp-json\/wp\/v2\/users\/2"}],"replies":[{"embeddable":true,"href":"https:\/\/www.europesays.com\/pl\/wp-json\/wp\/v2\/comments?post=566809"}],"version-history":[{"count":0,"href":"https:\/\/www.europesays.com\/pl\/wp-json\/wp\/v2\/posts\/566809\/revisions"}],"wp:featuredmedia":[{"embeddable":true,"href":"https:\/\/www.europesays.com\/pl\/wp-json\/wp\/v2\/media\/566810"}],"wp:attachment":[{"href":"https:\/\/www.europesays.com\/pl\/wp-json\/wp\/v2\/media?parent=566809"}],"wp:term":[{"taxonomy":"category","embeddable":true,"href":"https:\/\/www.europesays.com\/pl\/wp-json\/wp\/v2\/categories?post=566809"},{"taxonomy":"post_tag","embeddable":true,"href":"https:\/\/www.europesays.com\/pl\/wp-json\/wp\/v2\/tags?post=566809"}],"curies":[{"name":"wp","href":"https:\/\/api.w.org\/{rel}","templated":true}]}}