{"id":566811,"date":"2026-07-19T23:35:08","date_gmt":"2026-07-19T23:35:08","guid":{"rendered":"https:\/\/www.europesays.com\/pl\/566811\/"},"modified":"2026-07-19T23:35:08","modified_gmt":"2026-07-19T23:35:08","slug":"nie-wiedzial-ze-ma-wlaczony-mikrofon-oto-co-powiedzial-o-artystce","status":"publish","type":"post","link":"https:\/\/www.europesays.com\/pl\/566811\/","title":{"rendered":"Nie wiedzia\u0142, \u017ce ma w\u0142\u0105czony mikrofon. Oto, co powiedzia\u0142 o artystce"},"content":{"rendered":"\n<p class=\"contentpart contentpart--default contentpart--text\" data-position=\"1\"><a href=\"https:\/\/sportowefakty.wp.pl\/sportowybar\/jennifer-hudson\" rel=\"nofollow noopener\" target=\"_blank\">Jennifer Hudson<\/a>, 44-letnia ameryka\u0144ska wokalistka, za\u015bpiewa\u0142a hymn USA na MetLife Stadium w New Jersey. Jak relacjonuje &#8222;The Sun&#8221;, w\u0142a\u015bnie wtedy da\u0142o si\u0119 us\u0142ysze\u0107 nieplanowan\u0105 reakcj\u0119 <a href=\"https:\/\/sportowefakty.wp.pl\/pilka-nozna\/gary-neville\" rel=\"nofollow noopener\" target=\"_blank\">Gary&#8217;ego Neville&#8217;a<\/a>.<\/p>\n<p class=\"contentpart contentpart--default contentpart--text\" data-position=\"2\">&#8211; Wow, ma \u015bwietny g\u0142os &#8211; tak\u0105 wypowied\u017a Neville&#8217;a mo\u017cna by\u0142o us\u0142ysze\u0107 podczas transmisji w brytyjskiej stacji ITV. By\u0142y pi\u0142karz reprezentacji Anglii najpewniej nie zauwa\u017cy\u0142, i\u017c jego mikrofon wci\u0105\u017c pozostawa\u0142 w\u0142\u0105czony.<\/p>\n<p>  <img decoding=\"async\" src=\"https:\/\/v.wpimg.pl\/X3dwLnN2d1IFFTpdYUl6R0ZNbgcnEHQREVV2TGEGbUtRT2MdOlZ2RBQUKABgQjQcDRotCStBd1IAAWMeIlM7VgwYIAorQAdEFFk_GCkQJQ\" alt=\"\" width=\"45\" height=\"58\" loading=\"lazy\"\/>  <\/p>\n<p class=\"contentpart contentpart--default contentpart--text\" data-position=\"3\">ZOBACZ WIDEO: Nie ma w\u0105tpliwo\u015bci ws. Lewandowskiego. &#8222;Par\u0119 krok\u00f3w wstecz&#8221;<\/p>\n<p class=\"contentpart contentpart--default contentpart--text\" data-position=\"5\">Wyst\u0119p Hudson otwiera\u0142 ceremoni\u0119 zamkni\u0119cia przed fina\u0142em <a href=\"https:\/\/sportowefakty.wp.pl\/pilka-nozna\/mistrzostwa-swiata-2026\" rel=\"nofollow noopener\" target=\"_blank\">M\u015a 2026<\/a>\u00a0 Hiszpania &#8211; Argentyna. W programie pojawili si\u0119 tak\u017ce raper Post Malone, youtuber i streamer &#8222;IShowSpeed&#8221; oraz aktor Tom Cruise, kt\u00f3ry zwr\u00f3ci\u0142 si\u0119 do publiczno\u015bci. Mimo rozbudowanej oprawy cz\u0119\u015b\u0107 internaut\u00f3w krytykowa\u0142a organizator\u00f3w.<\/p>\n<p class=\"contentpart contentpart--default contentpart--text\" data-position=\"6\">Ceremonia wyd\u0142u\u017cy\u0142a oczekiwanie na pierwszy gwizdek. Pocz\u0105tek fina\u0142u op\u00f3\u017ani\u0142 si\u0119 o sze\u015b\u0107 minut.<\/p>\n<p class=\"contentpart contentpart--default contentpart--text\" data-position=\"7\">P\u00f3\u017aniej r\u00f3wnie\u017c nie zabrak\u0142o kontrowersji. Pierwszy &#8222;halftime show&#8221; w historii mundialu sprawi\u0142, \u017ce druga po\u0142owa op\u00f3\u017ani\u0142a si\u0119 a\u017c o 27 minut. Przepisy oczywi\u015bcie stanowi\u0105, \u017ce standardowa przerwa w meczu wynosi kwadrans.<\/p>\n","protected":false},"excerpt":{"rendered":"Jennifer Hudson, 44-letnia ameryka\u0144ska wokalistka, za\u015bpiewa\u0142a hymn USA na MetLife Stadium w New Jersey. Jak relacjonuje &#8222;The Sun&#8221;,&hellip;\n","protected":false},"author":2,"featured_media":566812,"comment_status":"","ping_status":"","sticky":false,"template":"","format":"standard","meta":{"footnotes":"","_share_on_mastodon":"0"},"categories":[22],"tags":[122,111804,111805,3037,9090,269,42,38,40,39,41,123,268,97570],"class_list":["post-566811","post","type-post","status-publish","format-standard","has-post-thumbnail","category-rozrywka","tag-entertainment","tag-gary-neville","tag-jennifer-hudson","tag-mistrzostwa-swiata","tag-mistrzostwa-swiata-2026","tag-pilka-nozna","tag-pl","tag-poland","tag-polish","tag-polska","tag-polski","tag-rozrywka","tag-sportowybar","tag-studio-mundial"],"share_on_mastodon":{"url":"https:\/\/pubeurope.com\/@pl\/116949269404757391","error":""},"_links":{"self":[{"href":"https:\/\/www.europesays.com\/pl\/wp-json\/wp\/v2\/posts\/566811","targetHints":{"allow":["GET"]}}],"collection":[{"href":"https:\/\/www.europesays.com\/pl\/wp-json\/wp\/v2\/posts"}],"about":[{"href":"https:\/\/www.europesays.com\/pl\/wp-json\/wp\/v2\/types\/post"}],"author":[{"embeddable":true,"href":"https:\/\/www.europesays.com\/pl\/wp-json\/wp\/v2\/users\/2"}],"replies":[{"embeddable":true,"href":"https:\/\/www.europesays.com\/pl\/wp-json\/wp\/v2\/comments?post=566811"}],"version-history":[{"count":0,"href":"https:\/\/www.europesays.com\/pl\/wp-json\/wp\/v2\/posts\/566811\/revisions"}],"wp:featuredmedia":[{"embeddable":true,"href":"https:\/\/www.europesays.com\/pl\/wp-json\/wp\/v2\/media\/566812"}],"wp:attachment":[{"href":"https:\/\/www.europesays.com\/pl\/wp-json\/wp\/v2\/media?parent=566811"}],"wp:term":[{"taxonomy":"category","embeddable":true,"href":"https:\/\/www.europesays.com\/pl\/wp-json\/wp\/v2\/categories?post=566811"},{"taxonomy":"post_tag","embeddable":true,"href":"https:\/\/www.europesays.com\/pl\/wp-json\/wp\/v2\/tags?post=566811"}],"curies":[{"name":"wp","href":"https:\/\/api.w.org\/{rel}","templated":true}]}}