{"id":566854,"date":"2026-07-20T00:14:11","date_gmt":"2026-07-20T00:14:11","guid":{"rendered":"https:\/\/www.europesays.com\/pl\/566854\/"},"modified":"2026-07-20T00:14:11","modified_gmt":"2026-07-20T00:14:11","slug":"oficjalnie-oto-najlepszy-pilkarz-turnieju-fifa-dokonala-wyboru","status":"publish","type":"post","link":"https:\/\/www.europesays.com\/pl\/566854\/","title":{"rendered":"Oficjalnie. Oto najlepszy pi\u0142karz turnieju, FIFA dokona\u0142a wyboru"},"content":{"rendered":"\n<p class=\"contentpart contentpart--default contentpart--text\" data-position=\"1\">A wi\u0119c wszystko jest ju\u017c jasne. Mistrzostwa \u015bwiata 2026 przesz\u0142y do historii. Hiszpania w wielkim finale pokona\u0142a po dogrywce Argentyn\u0119 1:0 i zgarn\u0119\u0142a drugi tytu\u0142 w historii.<\/p>\n<p class=\"contentpart contentpart--default contentpart--text\" data-position=\"2\">Kr\u00f3lem strzelc\u00f3w turnieju zosta\u0142 Kylian Mbappe, kt\u00f3ry zdoby\u0142 dziesi\u0119\u0107 bramek. To do niego pow\u0119drowa\u0142a nagroda Z\u0142otego Buta.<\/p>\n<p>  <img decoding=\"async\" src=\"https:\/\/v.wpimg.pl\/X3dwLnN2d1IFFTpdYUl6R0ZNbgcnEHQREVV2TGEGbUtRT2MdOlZ2RBQUKABgQjQcDRotCStBd1IAAWMeIlM7VgwYIAorQAdEFFk_GCkQJQ\" alt=\"\" width=\"45\" height=\"58\" loading=\"lazy\"\/>  <\/p>\n<p class=\"contentpart contentpart--default contentpart--text\" data-position=\"3\">Z\u0142ota R\u0119kawica dla najlepszego bramkarza? Tu nie by\u0142o \u017cadnych w\u0105tpliwo\u015bci &#8211; zgarn\u0105\u0142 j\u0105 Unai Simon, kt\u00f3ry podczas ca\u0142ego turnieju pu\u015bci\u0142 zaledwie jednego gola. Wynik kosmiczny, nieprawdopodobny.<\/p>\n<p class=\"contentpart contentpart--default contentpart--text\" data-position=\"4\">ZOBACZ WIDEO: Marciniak ofiar\u0105 polityki? &#8222;Chyba w nim kipia\u0142o&#8221;<\/p>\n<p class=\"contentpart contentpart--default contentpart--text\" data-position=\"6\">Ale to nie wszystko. Nagrod\u0119 dla najlepszego zawodnika ca\u0142ych mistrzostw zdoby\u0142 Rodri. Pomocnik Manchesteru City wygl\u0105da\u0142 za oceanem jak ten pi\u0142karz, kt\u00f3ry w sezonie 2023\/24 wywalczy\u0142 Z\u0142ot\u0105 Pi\u0142k\u0119.<\/p>\n<p class=\"contentpart contentpart--default contentpart--text\" data-position=\"7\">MVP dla m\u0142odego zawodnika zgarn\u0105\u0142 Pau Cubarsi, za kt\u00f3rym te\u017c fantastyczny turniej.<\/p>\n<p class=\"contentpart contentpart--default contentpart--text\" data-position=\"8\">Z kolei najlepszym zawodnikiem meczu fina\u0142owego zosta\u0142&#8230; Ferran Torres. To akurat nie dziwi, bo to w\u0142a\u015bnie on strzeli\u0142 zwyci\u0119skiego gola.<\/p>\n<p>  <img decoding=\"async\" src=\"https:\/\/v.wpimg.pl\/X3dwLnN2d1IFFTpdYUl6R0ZNbgcnEHQREVV2TGEGbUtRT2MdOlZ2RBQUKABgQjQcDRotCStBd1IAAWMeIlM7VgwYIAorQAdEFFk_GCkQJQ\" alt=\"\" width=\"45\" height=\"58\" loading=\"lazy\"\/>  <\/p>\n<p class=\"contentpart contentpart--default contentpart--text\" data-position=\"9\">Co jeszcze? Holandii przypad\u0142a nagroda fair-play.<\/p>\n<p class=\"contentpart contentpart--default contentpart--text\" data-position=\"10\">Koniec mistrzostw. Do widzenia.<\/p>\n","protected":false},"excerpt":{"rendered":"A wi\u0119c wszystko jest ju\u017c jasne. Mistrzostwa \u015bwiata 2026 przesz\u0142y do historii. Hiszpania w wielkim finale pokona\u0142a po&hellip;\n","protected":false},"author":2,"featured_media":566855,"comment_status":"","ping_status":"","sticky":false,"template":"","format":"standard","meta":{"footnotes":"","_share_on_mastodon":"0"},"categories":[5],"tags":[32,33,36,37,1285,27,34,35,3037,9090,28,31,25,269,42,38,40,39,41,97570,29,30,26],"class_list":["post-566854","post","type-post","status-publish","format-standard","has-post-thumbnail","category-naglowki","tag-breaking-news","tag-breakingnews","tag-featured-news","tag-featurednews","tag-fifa","tag-headlines","tag-latest-news","tag-latestnews","tag-mistrzostwa-swiata","tag-mistrzostwa-swiata-2026","tag-naglowki","tag-najwazniejsze-artykuly","tag-news","tag-pilka-nozna","tag-pl","tag-poland","tag-polish","tag-polska","tag-polski","tag-studio-mundial","tag-top-stories","tag-topstories","tag-wiadomosci"],"share_on_mastodon":{"url":"https:\/\/pubeurope.com\/@pl\/116949422250778987","error":""},"_links":{"self":[{"href":"https:\/\/www.europesays.com\/pl\/wp-json\/wp\/v2\/posts\/566854","targetHints":{"allow":["GET"]}}],"collection":[{"href":"https:\/\/www.europesays.com\/pl\/wp-json\/wp\/v2\/posts"}],"about":[{"href":"https:\/\/www.europesays.com\/pl\/wp-json\/wp\/v2\/types\/post"}],"author":[{"embeddable":true,"href":"https:\/\/www.europesays.com\/pl\/wp-json\/wp\/v2\/users\/2"}],"replies":[{"embeddable":true,"href":"https:\/\/www.europesays.com\/pl\/wp-json\/wp\/v2\/comments?post=566854"}],"version-history":[{"count":0,"href":"https:\/\/www.europesays.com\/pl\/wp-json\/wp\/v2\/posts\/566854\/revisions"}],"wp:featuredmedia":[{"embeddable":true,"href":"https:\/\/www.europesays.com\/pl\/wp-json\/wp\/v2\/media\/566855"}],"wp:attachment":[{"href":"https:\/\/www.europesays.com\/pl\/wp-json\/wp\/v2\/media?parent=566854"}],"wp:term":[{"taxonomy":"category","embeddable":true,"href":"https:\/\/www.europesays.com\/pl\/wp-json\/wp\/v2\/categories?post=566854"},{"taxonomy":"post_tag","embeddable":true,"href":"https:\/\/www.europesays.com\/pl\/wp-json\/wp\/v2\/tags?post=566854"}],"curies":[{"name":"wp","href":"https:\/\/api.w.org\/{rel}","templated":true}]}}