{"id":566892,"date":"2026-07-20T00:54:55","date_gmt":"2026-07-20T00:54:55","guid":{"rendered":"https:\/\/www.europesays.com\/pl\/566892\/"},"modified":"2026-07-20T00:54:55","modified_gmt":"2026-07-20T00:54:55","slug":"nowe-sklepy-otwarte-w-galerii-jurowieckiej-klienci-skorzystaja-z-promocji","status":"publish","type":"post","link":"https:\/\/www.europesays.com\/pl\/566892\/","title":{"rendered":"Nowe sklepy otwarte w Galerii Jurowieckiej. Klienci skorzystaj\u0105 z promocji"},"content":{"rendered":"\n<p>            <img decoding=\"async\" class=\"art-figimg\" src=\"https:\/\/www.europesays.com\/pl\/wp-content\/uploads\/2026\/07\/150040-e.jpg\" width=\"375\" height=\"250\" alt=\"Nowe sklepy otwarte w Galerii Jurowieckiej. Klienci skorzystaj\u0105 z promocji\" loading=\"lazy\" fetchpriority=\"high\"\/><br \/>\n            Fot: Diana Rusi\u0142owicz<\/p>\n<p class=\"art-lid\">Galeria Jurowiecka w Bia\u0142ymstoku powi\u0119kszy\u0142a swoj\u0105 ofert\u0119 o dwa nowe sklepy. Do grona najemc\u00f3w do\u0142\u0105czy\u0142y marki Coccodrillo i MOODO, kt\u00f3re z okazji otwarcia przygotowa\u0142y dla klient\u00f3w specjalne promocje oraz wydarzenia towarzysz\u0105ce.<\/p>\n<p class=\"art-cont\">Mi\u0142o\u015bnicy zakup\u00f3w maj\u0105 kolejny pow\u00f3d, by odwiedzi\u0107 Galeri\u0119 Jurowieck\u0105. W centrum handlowym otwarto dwa nowe salony &#8211; Coccodrillo oraz MOODO. Obie marki zapraszaj\u0105 klient\u00f3w na dwudniowe wydarzenia inauguracyjne, podczas kt\u00f3rych nie zabraknie atrakcyjnych rabat\u00f3w i dodatkowych atrakcji.<\/p>\n<p>Pierwsz\u0105 z nowo\u015bci jest salon Coccodrillo, oferuj\u0105cy odzie\u017c i akcesoria dla dzieci. Z okazji otwarcia, kt\u00f3re odb\u0119dzie si\u0119 w dniach 17-18 lipca, przygotowano promocj\u0119 obejmuj\u0105c\u0105 ca\u0142y asortyment. Klienci otrzymaj\u0105 50-procentowy rabat na drug\u0105 kupion\u0105 rzecz. To dobra okazja, by uzupe\u0142ni\u0107 garderob\u0119 najm\u0142odszych o letnie i ca\u0142oroczne ubrania.<\/p>\n<p>R\u00f3wnie\u017c przez dwa dni \u015bwi\u0119towa\u0107 b\u0119dzie marka MOODO, kt\u00f3ra otworzy\u0142a sw\u00f3j salon na poziomie +1 Galerii Jurowieckiej. Na odwiedzaj\u0105cych czeka\u0107 b\u0119d\u0105 muzyka, balony oraz specjalna atmosfera zwi\u0105zana z inauguracj\u0105 dzia\u0142alno\u015bci sklepu. Najwi\u0119ksz\u0105 zach\u0119t\u0105 do zakup\u00f3w b\u0119dzie jednak promocja przygotowana na otwarcie. W dniach 17 i 18 lipca klienci otrzymaj\u0105 30-procentowy rabat przy zakupie co najmniej dw\u00f3ch produkt\u00f3w. To okazja, by zapozna\u0107 si\u0119 z najnowsz\u0105 letni\u0105 kolekcj\u0105 marki i skorzysta\u0107 z ni\u017cszych cen.<br \/>&#13;\n<\/p>\n<p class=\"art-autimg\">\n<p>                            <img decoding=\"async\" class=\"art-autimgi\" src=\"https:\/\/www.europesays.com\/pl\/wp-content\/uploads\/2026\/07\/1784495494_88_avatar_1x.jpg\" alt=\"JK\" width=\"64\" height=\"64\" loading=\"lazy\"\/><\/p>\n<p>Przeczytaj tak\u017ce<\/p>\n<p>&#13;<br \/>\n&#13;<br \/>\n&#13;<br \/>\n<img loading=\"lazy\" decoding=\"async\" src=\"https:\/\/www.europesays.com\/pl\/wp-content\/uploads\/2026\/07\/1784508895_462_adlog.gif\" width=\"0\" height=\"0\" alt=\"\" style=\"width: 0px; height: 0px;\"\/><\/p>\n<p>Popularne dzisiaj<\/p>\n","protected":false},"excerpt":{"rendered":"Fot: Diana Rusi\u0142owicz Galeria Jurowiecka w Bia\u0142ymstoku powi\u0119kszy\u0142a swoj\u0105 ofert\u0119 o dwa nowe sklepy. Do grona najemc\u00f3w do\u0142\u0105czy\u0142y&hellip;\n","protected":false},"author":2,"featured_media":566893,"comment_status":"","ping_status":"","sticky":false,"template":"","format":"standard","meta":{"footnotes":"","_share_on_mastodon":"0"},"categories":[51614],"tags":[2151,51731,113,51730,111822,3754,51738,51735,4041,99121,1096,1089,399,17334,51736,2921,3840,51734,8736,111823,1232,120,68697,111821,7116,17265,19285,42,5083,38,40,39,41,6309,1756,8815,38950,123,2676,800,4278,1323,51737,2879,253],"class_list":["post-566892","post","type-post","status-publish","format-standard","has-post-thumbnail","category-bialystok","tag-bialystok","tag-bialystokonline","tag-biznes","tag-bstok","tag-coccodrillo","tag-dom","tag-drobne","tag-firm","tag-firmy","tag-galeria-jurowiecka","tag-hotele","tag-imprezy","tag-informacje","tag-katalog","tag-kina","tag-koncert","tag-lokale","tag-miejski","tag-mieszkanie","tag-moodobiznes","tag-motoryzacja","tag-nauka","tag-nowe-sklepy","tag-nowe-sklepy-otwarte-w-galerii-jurowieckiej-klienci-skorzystaja-z-promocji","tag-ogloszenia","tag-on-line","tag-online","tag-pl","tag-podlasie","tag-poland","tag-polish","tag-polska","tag-polski","tag-portal","tag-praca","tag-repertuar","tag-rozklad","tag-rozrywka","tag-sklepy","tag-teatr","tag-turystyka","tag-uroda","tag-urzedy","tag-zakupy","tag-zdrowie"],"share_on_mastodon":{"url":"","error":"Validation failed: Text character limit of 500 exceeded"},"_links":{"self":[{"href":"https:\/\/www.europesays.com\/pl\/wp-json\/wp\/v2\/posts\/566892","targetHints":{"allow":["GET"]}}],"collection":[{"href":"https:\/\/www.europesays.com\/pl\/wp-json\/wp\/v2\/posts"}],"about":[{"href":"https:\/\/www.europesays.com\/pl\/wp-json\/wp\/v2\/types\/post"}],"author":[{"embeddable":true,"href":"https:\/\/www.europesays.com\/pl\/wp-json\/wp\/v2\/users\/2"}],"replies":[{"embeddable":true,"href":"https:\/\/www.europesays.com\/pl\/wp-json\/wp\/v2\/comments?post=566892"}],"version-history":[{"count":0,"href":"https:\/\/www.europesays.com\/pl\/wp-json\/wp\/v2\/posts\/566892\/revisions"}],"wp:featuredmedia":[{"embeddable":true,"href":"https:\/\/www.europesays.com\/pl\/wp-json\/wp\/v2\/media\/566893"}],"wp:attachment":[{"href":"https:\/\/www.europesays.com\/pl\/wp-json\/wp\/v2\/media?parent=566892"}],"wp:term":[{"taxonomy":"category","embeddable":true,"href":"https:\/\/www.europesays.com\/pl\/wp-json\/wp\/v2\/categories?post=566892"},{"taxonomy":"post_tag","embeddable":true,"href":"https:\/\/www.europesays.com\/pl\/wp-json\/wp\/v2\/tags?post=566892"}],"curies":[{"name":"wp","href":"https:\/\/api.w.org\/{rel}","templated":true}]}}