{"id":566917,"date":"2026-07-20T01:19:15","date_gmt":"2026-07-20T01:19:15","guid":{"rendered":"https:\/\/www.europesays.com\/pl\/566917\/"},"modified":"2026-07-20T01:19:15","modified_gmt":"2026-07-20T01:19:15","slug":"final-przepychu-nie-pomogl-nawet-rozaniec-donald-trump-wygwizdany","status":"publish","type":"post","link":"https:\/\/www.europesays.com\/pl\/566917\/","title":{"rendered":"Fina\u0142 przepychu. Nie pom\u00f3g\u0142 nawet r\u00f3\u017caniec. Donald Trump wygwizdany"},"content":{"rendered":"\n<p class=\"contentpart contentpart--default contentpart--text\" data-position=\"0\">Z New Jersey Mateusz Skwierawski<br \/>W fina\u0142owym torcie nie da\u0142o si\u0119 pomie\u015bci\u0107 wi\u0119cej cukru. Mia\u0142o by\u0107 po ameryka\u0144sku, wr\u0119cz filmowo. I plan realizowano od pocz\u0105tku do ko\u0144ca spotkania. Od przem\u00f3wienia na \u015brodku boiska zacz\u0105\u0142 Tom Cruise.<\/p>\n<p class=\"contentpart contentpart--default contentpart--text\" data-position=\"1\">&#8211; Za nami ponad czterdzie\u015bci dni zmaga\u0107, wiele emocji, mieszanka kultur i w ko\u0144cu spotkali si\u0119 najlepsi z najlepszych &#8211; jeden z najpopularniejszych aktor\u00f3w na \u015bwiecie wyg\u0142osi\u0142 kilka sztampowych hase\u0142 z mikrofonem w d\u0142oni, na specjalnie ustawionym pode\u015bcie jeszcze przed rozpocz\u0119ciem meczu.<\/p>\n<p>  <img decoding=\"async\" src=\"https:\/\/v.wpimg.pl\/X3dwLnN2d1IFFTpdYUl6R0ZNbgcnEHQREVV2TGEGbUtRT2MdOlZ2RBQUKABgQjQcDRotCStBd1IAAWMeIlM7VgwYIAorQAdEFFk_GCkQJQ\" alt=\"\" width=\"45\" height=\"58\" loading=\"lazy\"\/>  <\/p>\n<p class=\"contentpart contentpart--default contentpart--text\" data-position=\"2\">Gdy przedstawi\u0142 sk\u0142ad fina\u0142u, wrzawa podnios\u0142a si\u0119 dopiero, gdy pad\u0142a nazwa &#8222;Argentyna&#8221;. To w\u0142a\u015bnie fani tej reprezentacji wype\u0142nili wi\u0119kszo\u015b\u0107 sektor\u00f3w na stadionie.<\/p>\n<p class=\"contentpart contentpart--default contentpart--text\" data-position=\"3\">&#8222;Popis\u00f3wek&#8221; by\u0142o znacznie wi\u0119cej. Spotkanie zapowiedzia\u0142 legendarny bokserski konferansjer\u00a0Michael Buffer wraz ze swoim przyrodnim bratem wypowiadaj\u0105c legendarny zwrot znany kibicom wszystkich dyscyplin na ca\u0142ym \u015bwiecie: &#8222;Let\u2019s get ready to rumble&#8221; (przygotujmy si\u0119 na grzmoty &#8211; red).<\/p>\n<p class=\"contentpart contentpart--default contentpart--text\" data-position=\"4\">W mi\u0119dzyczasie nad stadionem MetLife przelecia\u0142y odrzutowce, szczeg\u00f3lne \u015brodki ostro\u017cno\u015bci wprowadzono z powodu wizyty na trybunach prezydenta USA Donalda Trumpa, kt\u00f3ry wyl\u0105dowa\u0142 na terenie obiektu helikopterem, a nast\u0119pnie postuka\u0142 w z\u0142oty puchar sprawdzaj\u0105c, czy jest prawdziwy.<br \/>P\u00f3\u0142godzinna przerwa<\/p>\n<p class=\"contentpart contentpart--default contentpart--text\" data-position=\"5\">W przerwie za\u015bpiewa\u0142a Madonna wje\u017cd\u017caj\u0105c na muraw\u0119 autem z dwoma brazylijskimi legendami na przodzie: Ronaldinho i Ronaldo. Show dali te\u017c mi\u0119dzy innymi Shakira i Justin Bieber. To wszystko dzia\u0142o si\u0119 na oczach ponad osiemdziesi\u0119ciu tysi\u0119cy widz\u00f3w, kt\u00f3rzy mogli zapomnie\u0107, \u017ce przyjechali do New Jersey na mecz pi\u0142karski. Z powodu koncertu przerwa spotkania zosta\u0142a bowiem wyd\u0142u\u017cona o dodatkowe dwana\u015bcie minut! (trwa\u0142a \u0142\u0105cznie 27).<\/p>\n<p>  <img decoding=\"async\" src=\"https:\/\/v.wpimg.pl\/X3dwLnN2d1IFFTpdYUl6R0ZNbgcnEHQREVV2TGEGbUtRT2MdOlZ2RBQUKABgQjQcDRotCStBd1IAAWMeIlM7VgwYIAorQAdEFFk_GCkQJQ\" alt=\"\" width=\"45\" height=\"58\" loading=\"lazy\"\/>  <\/p>\n<p class=\"contentpart contentpart--default contentpart--text\" data-position=\"6\">To jednak jeszcze nic w por\u00f3wnaniu do miejsc\u00a0przy samym boisku, tu\u017c za bandami reklamowymi, na wygodnych kanapach, wartych jeden milion dolar\u00f3w dla chc\u0105cych poczu\u0107 si\u0119 z jednej strony jak w salonie w domu, a z drugiej: w samym sercu akcji.<\/p>\n<p>  <img decoding=\"async\" src=\"https:\/\/www.europesays.com\/pl\/wp-content\/uploads\/2026\/07\/NzI4MDQuYRsoVjt3fg5sDmsOby04V2JYPBZ3Zn5CeUoxGz4ifBIvFiVRPz1_Aj4ZLVpjND1aPhImQCI3fkMvTy0Bf3NjFHtPKgN7.jpeg\" alt=\"Miejsca za milion dolar\u00f3w\" width=\"770\" height=\"\" loading=\"lazy\"\/> Miejsca za milion dolar\u00f3w  <\/p>\n<p class=\"contentpart contentpart--default contentpart--text\" data-position=\"8\">Fina\u0142 by\u0142 tak\u017ce skupiskiem VIP-\u00f3w z r\u00f3\u017cnych dyscyplin i \u015brodowisk. Na trybunach pojawili si\u0119 pi\u0119\u015bciarze: Mike Tyson, O\u0142eksandr Usyk, tenisi\u015bci Novak Djokovi\u0107 i Juan Martin del Potro, gwiazdy hiszpa\u0144skiej pi\u0142ki, mi\u0119dzy innymi Sergio Ramos. W\u015br\u00f3d nich elegancki, pod krawatem, kapitan reprezentacji Polski Robert Lewandowski.<\/p>\n<p class=\"contentpart contentpart--default contentpart--text\" data-position=\"9\">Mimo \u017ce s\u0119dzia Szymon Marciniak nie zosta\u0142 wybrany do poprowadzenia fina\u0142u mundialu, w najwa\u017cniejszym meczu turnieju nie zabrak\u0142o te\u017c innych polskich akcent\u00f3w. Za jedn\u0105 z bramek powiewa\u0142a polska flaga z napisem Chojnice.<\/p>\n<p>  <img decoding=\"async\" src=\"https:\/\/v.wpimg.pl\/X3dwLnN2d1IFFTpdYUl6R0ZNbgcnEHQREVV2TGEGbUtRT2MdOlZ2RBQUKABgQjQcDRotCStBd1IAAWMeIlM7VgwYIAorQAdEFFk_GCkQJQ\" alt=\"\" width=\"45\" height=\"58\" loading=\"lazy\"\/>   <img decoding=\"async\" src=\"https:\/\/www.europesays.com\/pl\/wp-content\/uploads\/2026\/07\/MDUyNDAuYiU0Gzh3bg5vMHdDbC0oV2FmIFt0Zm5CenQtVj0ibBIsKDkcPD1vAj0nMRdgNC1aPSw6DSE3bkMscTFMfCByFHt1Yh1_.jpeg\" alt=\"\" width=\"770\" height=\"\" loading=\"lazy\"\/>   <\/p>\n<p class=\"contentpart contentpart--default contentpart--text\" data-position=\"11\">Tak wygl\u0105da\u0142a otoczka \u015bwi\u0119ta futbolu i meczu pomi\u0119dzy Hiszpani\u0105 a Argentyn\u0105. Wi\u0119cej dzia\u0142o si\u0119 dooko\u0142a boiska, obserwowali\u015bmy przepych w pe\u0142nej krasie. Zawodnikom mogli\u015bmy tylko wsp\u00f3\u0142czu\u0107, \u017ce biegali po murawie w pal\u0105cym s\u0142o\u0144cu, w kt\u00f3rym trudno by\u0142o wytrzyma\u0107 stoj\u0105c raptem kilka minut. Stadion nie mia\u0142 jednak dachu czy klimatyzacji.<br \/>Messi dosta\u0142 r\u00f3\u017caniec<\/p>\n<p class=\"contentpart contentpart--default contentpart--text\" data-position=\"12\">Potwierdzi\u0142o si\u0119 powiedzenie, \u017ce fina\u0142y si\u0119 wygrywa, a nie prezentuje w nich efektown\u0105 gr\u0119. Tak w\u0142a\u015bnie by\u0142o. Na boisku wia\u0142o nud\u0105, obserwowali\u015bmy zamkni\u0119te spotkanie, obie dru\u017cyny nie podejmowa\u0142y ryzyka. Lamine\u2019a Yamal i Leo Messi szukali miejsca na boisku, ale byli niewidoczni. Przed dogrywk\u0105 wi\u0119cej emocji dostarczy\u0142a przepychanka w samej ko\u0144c\u00f3wce zawodnik\u00f3w obu dru\u017cyn i p\u00f3\u017aniejsza czerwona kartka Enzo Fernandeza za drugi faul.<\/p>\n<p>  <img decoding=\"async\" src=\"https:\/\/v.wpimg.pl\/X3dwLnN2d1IFFTpdYUl6R0ZNbgcnEHQREVV2TGEGbUtRT2MdOlZ2RBQUKABgQjQcDRotCStBd1IAAWMeIlM7VgwYIAorQAdEFFk_GCkQJQ\" alt=\"\" width=\"45\" height=\"58\" loading=\"lazy\"\/>  <\/p>\n<p class=\"contentpart contentpart--default contentpart--text\" data-position=\"13\">Messi otrzyma\u0142 przed spotkaniem wyj\u0105tkowy prezent. Od jednego z dziennikarzy, Juliana Pereza Regio, po meczu z Angli\u0105, dosta\u0142 pob\u0142ogos\u0142awiony w Watykanie r\u00f3\u017caniec. &#8211; Da\u0142em mu ten prezent, bo nar\u00f3d jest z niego dumny. Od lat dostarcza nam niezwyk\u0142ych emocji, chcia\u0142em go w ten spos\u00f3b doceni\u0107 &#8211; m\u00f3wi nam dziennikarz.<\/p>\n<p class=\"contentpart contentpart--default contentpart--text\" data-position=\"14\">&#8211; To u nas normalne, tak doceniamy naszych bohater\u00f3w wr\u0119czaj\u0105c im upominki. Leo jest naszym bohaterem. By\u0142 naprawd\u0119 szcz\u0119\u015bliwy, gdy wr\u0119czy\u0142em mu r\u00f3\u017caniec. To dalej wra\u017cliwy ch\u0142opak. Znamy si\u0119 od lat, cz\u0119sto rozmawiamy, tak po prostu, co s\u0142ycha\u0107, jak si\u0119 czuje. My\u015bl\u0119, \u017ce b\u0119dzie gra\u0142 w reprezentacji jeszcze przez rok lub dwa. Najpewniej to jego ostatnie mistrzostwa \u015bwiata w \u017cyciu, nast\u0119pny mundial to chyba za du\u017co &#8211; powiedzia\u0142 nasz rozm\u00f3wca.<\/p>\n<p class=\"contentpart contentpart--default contentpart--text\" data-position=\"15\">&#8211; On i tak zrobi\u0142 ju\u017c dla nas wszystko &#8211; przekonywa\u0142.<\/p>\n<p class=\"contentpart contentpart--default contentpart--text\" data-position=\"16\">Tym razem boskie si\u0142y nie pomog\u0142y Argentynie, dru\u017cyna Lionela Scaloniego nie odwr\u00f3ci\u0142a los\u00f3w meczu tak, jak w ka\u017cdym poprzednim spotkaniu po wyj\u015bciu z grupy. Obro\u0144cy tytu\u0142u oszukiwali przeznaczenie kilkukrotnie ogrywaj\u0105c Republik\u0119 Zielonego Przyl\u0105dka, Egipt, Szwajcari\u0119 oraz Angli\u0119. Fundowali swoim kibicom fantastyczne emocje, ale tak jak podkre\u015blali i przestrzegali ich dziennikarze: nie by\u0142 to zesp\u00f3\u0142 tak dobry, jak cztery lata wcze\u015bniej w Katarze, co potwierdzi\u0142 mecz fina\u0142owy z Hiszpani\u0105.<\/p>\n<p>  <img decoding=\"async\" src=\"https:\/\/v.wpimg.pl\/X3dwLnN2d1IFFTpdYUl6R0ZNbgcnEHQREVV2TGEGbUtRT2MdOlZ2RBQUKABgQjQcDRotCStBd1IAAWMeIlM7VgwYIAorQAdEFFk_GCkQJQ\" alt=\"\" width=\"45\" height=\"58\" loading=\"lazy\"\/>   <img decoding=\"async\" src=\"https:\/\/www.europesays.com\/pl\/wp-content\/uploads\/2026\/07\/NjgzNjAuYQsGGDhZbg5sHkVAbAMoV2JIElh0SG5CeVofVT0MbBIvBgsfPBNvAj4JAxRgGi1aPgIIDiEZbkMvXwNPeF4jRnpcVE16.jpeg\" alt=\"Koncert w przerwie fina\u0142owego meczu\" width=\"770\" height=\"\" loading=\"lazy\"\/> Koncert w przerwie fina\u0142owego meczu  <\/p>\n<p class=\"contentpart contentpart--default contentpart--text\" data-position=\"18\">Na koniec z\u0142oty pier\u015bcie\u0144<\/p>\n<p class=\"contentpart contentpart--default contentpart--text\" data-position=\"19\">Nie tylko miejsca na kanapach przy samym boisku dostarcz\u0105 organizatorom fortun\u0119. Murawa, po kt\u00f3rej biegali zawodnicy dw\u00f3ch reprezentacji, ma zosta\u0107 podzielona i sprzedana &#8211; za kawa\u0142ek od 450 dolar\u00f3w do 3 tysi\u0119cy. Wp\u0142yw ma przekroczy\u0107 11 mln dolar\u00f3w.<\/p>\n<p class=\"contentpart contentpart--default contentpart--text\" data-position=\"20\">Mistrzowie \u015bwiata otrzymali nie tylko z\u0142oty puchar, ale \u017ceby by\u0142o bardziej po ameryka\u0144sku &#8211; tak\u017ce z\u0142ote pier\u015bcienie z wygrawerowanym napisem: &#8222;zwyci\u0119zcy&#8221;.<\/p>\n<p class=\"contentpart contentpart--default contentpart--text\" data-position=\"21\">Wielkie show zako\u0144czy\u0142o si\u0119 jednak ma\u0142ym zgrzytem. Prezydent USA Donald Trump, kt\u00f3ry wszed\u0142 na muraw\u0119 eskortowany przez kilkudziesi\u0119ciu ochroniarzy, by wr\u0119czy\u0107 wygranym Puchar \u015awiata, zosta\u0142 wygwizdany.<\/p>\n<p class=\"contentpart contentpart--default contentpart--text\" data-position=\"22\">Mateusz Skwierawski, WP SportoweFakty<\/p>\n","protected":false},"excerpt":{"rendered":"Z New Jersey Mateusz SkwierawskiW fina\u0142owym torcie nie da\u0142o si\u0119 pomie\u015bci\u0107 wi\u0119cej cukru. Mia\u0142o by\u0107 po ameryka\u0144sku, wr\u0119cz&hellip;\n","protected":false},"author":2,"featured_media":566918,"comment_status":"","ping_status":"","sticky":false,"template":"","format":"standard","meta":{"footnotes":"","_share_on_mastodon":"0"},"categories":[5],"tags":[968,32,33,272,36,37,27,538,3943,34,35,1278,28,31,25,989,269,1286,540,42,38,40,39,41,97570,29,30,26],"class_list":["post-566917","post","type-post","status-publish","format-standard","has-post-thumbnail","category-naglowki","tag-argentyna","tag-breaking-news","tag-breakingnews","tag-fc-barcelona","tag-featured-news","tag-featurednews","tag-headlines","tag-la-liga","tag-lamine-yamal","tag-latest-news","tag-latestnews","tag-lionel-messi","tag-naglowki","tag-najwazniejsze-artykuly","tag-news","tag-pilka-na-swiecie","tag-pilka-nozna","tag-pilka-nozna-w-argentynie","tag-pilka-nozna-w-hiszpanii","tag-pl","tag-poland","tag-polish","tag-polska","tag-polski","tag-studio-mundial","tag-top-stories","tag-topstories","tag-wiadomosci"],"share_on_mastodon":{"url":"https:\/\/pubeurope.com\/@pl\/116949678057146799","error":""},"_links":{"self":[{"href":"https:\/\/www.europesays.com\/pl\/wp-json\/wp\/v2\/posts\/566917","targetHints":{"allow":["GET"]}}],"collection":[{"href":"https:\/\/www.europesays.com\/pl\/wp-json\/wp\/v2\/posts"}],"about":[{"href":"https:\/\/www.europesays.com\/pl\/wp-json\/wp\/v2\/types\/post"}],"author":[{"embeddable":true,"href":"https:\/\/www.europesays.com\/pl\/wp-json\/wp\/v2\/users\/2"}],"replies":[{"embeddable":true,"href":"https:\/\/www.europesays.com\/pl\/wp-json\/wp\/v2\/comments?post=566917"}],"version-history":[{"count":0,"href":"https:\/\/www.europesays.com\/pl\/wp-json\/wp\/v2\/posts\/566917\/revisions"}],"wp:featuredmedia":[{"embeddable":true,"href":"https:\/\/www.europesays.com\/pl\/wp-json\/wp\/v2\/media\/566918"}],"wp:attachment":[{"href":"https:\/\/www.europesays.com\/pl\/wp-json\/wp\/v2\/media?parent=566917"}],"wp:term":[{"taxonomy":"category","embeddable":true,"href":"https:\/\/www.europesays.com\/pl\/wp-json\/wp\/v2\/categories?post=566917"},{"taxonomy":"post_tag","embeddable":true,"href":"https:\/\/www.europesays.com\/pl\/wp-json\/wp\/v2\/tags?post=566917"}],"curies":[{"name":"wp","href":"https:\/\/api.w.org\/{rel}","templated":true}]}}