{"id":567071,"date":"2026-07-20T04:08:11","date_gmt":"2026-07-20T04:08:11","guid":{"rendered":"https:\/\/www.europesays.com\/pl\/567071\/"},"modified":"2026-07-20T04:08:11","modified_gmt":"2026-07-20T04:08:11","slug":"polak-pochowany-bez-wiedzy-rodziny-bliscy-szukali-go-przez-wiele-miesiecy","status":"publish","type":"post","link":"https:\/\/www.europesays.com\/pl\/567071\/","title":{"rendered":"Polak pochowany bez wiedzy rodziny. Bliscy szukali go przez wiele miesi\u0119cy"},"content":{"rendered":"<p>Piotr Ku\u015bmierek, poeta i ksi\u0119garz z Warszawy, ostatni raz by\u0142 widziany 1 marca 2025 r. w stolicy. M\u0119\u017cczyzna wyszed\u0142 wtedy ok. godz. 14 z miejsca zamieszkania swojej matki w powiecie sochaczewskim i uda\u0142 si\u0119 do Warszawy.<\/p>\n<p> Dalszy ci\u0105g artyku\u0142u pod materia\u0142em wideo <\/p>\n<p>&#8222;Oko\u0142o godz. 17:30 na terenie galerii handlowej w Warszawie dokona\u0142 kilku wyp\u0142at z bankomatu, a nast\u0119pnie najprawdopodobniej publicznym \u015brodkiem komunikacji uda\u0142 si\u0119 w kierunku po\u0142udniowej granicy Polski. Ostatni \u015blad po zaginionym pochodzi z 9 marca 2025 r. w S\u0142owacji&#8221; \u2014 mo\u017cna by\u0142o przeczyta\u0107 w policyjnym komunikacie, w kt\u00f3rym funkcjonariusze informowali o zagini\u0119ciu m\u0119\u017cczyzny i prosili o pomoc w jego poszukiwaniu.<\/p>\n<p>Piotr Ku\u015bmierek poszukiwany przez najbli\u017cszych<\/p>\n<p>Na Facebooku zosta\u0142 te\u017c utworzony specjalny profil &#8222;Zagin\u0105\u0142 Piotr Ku\u015bmierek&#8221;, gdzie by\u0142y przekazywane informacje o poszukiwaniach. I to w\u0142a\u015bnie na tym profilu w p\u00f3\u017anym wieczorem w niedziel\u0119 19 lipca zosta\u0142a przekazana informacja o \u015bmierci m\u0119\u017cczyzny.<\/p>\n<p>&#8222;Chcieliby\u015bmy poinformowa\u0107, \u017ce dzia\u0142ania maj\u0105ce na celu odnalezienie Piotra zosta\u0142y oficjalnie zako\u0144czone. W czerwcu br. dotar\u0142a do nas tragiczna wiadomo\u015b\u0107, \u017ce 13 marca 2025 roku Piotr zgin\u0105\u0142 w wypadku na terenie S\u0142owacji, gdzie zosta\u0142 pochowany na miejscowym cmentarzu. W ostatnich dniach, w wyniku stara\u0144 najbli\u017cszych, Piotr zosta\u0142 uznany za zmar\u0142ego&#8221; \u2014 czytamy we wpisie.<\/p>\n<p>     <img class=\"ods-a-photo ods-a-photo--background\" src=\"https:\/\/www.europesays.com\/pl\/wp-content\/uploads\/2026\/07\/8c4k9lBaHR0cHM6Ly9vY2RuLmV1L3B1bHNjbXMvTURBXy85NTMzNmVjN2MwMmY0YzA1YjgzM2FhOTAzNzY1MjJjMy5wbmeRkwXNB.jpeg\" height=\"530\" width=\"940\" alt=\"Informacja o zako\u0144czeniu poszukiwa\u0144\" loading=\"lazy\" fetchpriority=\"auto\" decoding=\"auto\"\/>    <\/p>\n<p>https:\/\/www.facebook.com\/profile.php?id=61573851962807<\/p>\n<p>  Informacja o zako\u0144czeniu poszukiwa\u0144  <\/p>\n<p>Notka na Facebooku zawiera tak\u017ce podzi\u0119kowania dla wszystkich os\u00f3b i instytucji zaanga\u017cowanych w poszukiwanie Piotra.<\/p>\n","protected":false},"excerpt":{"rendered":"Piotr Ku\u015bmierek, poeta i ksi\u0119garz z Warszawy, ostatni raz by\u0142 widziany 1 marca 2025 r. w stolicy. M\u0119\u017cczyzna&hellip;\n","protected":false},"author":2,"featured_media":567072,"comment_status":"","ping_status":"","sticky":false,"template":"","format":"standard","meta":{"footnotes":"","_share_on_mastodon":"0"},"categories":[51605],"tags":[61195,48,46,42,38,40,39,41,47,596,435,4827],"class_list":["post-567071","post","type-post","status-publish","format-standard","has-post-thumbnail","category-warszawa","tag-bottomfeed_styl","tag-nat_styl","tag-omp","tag-pl","tag-poland","tag-polish","tag-polska","tag-polski","tag-screening_general","tag-slowacja","tag-warszawa","tag-zgon"],"share_on_mastodon":{"url":"","error":""},"_links":{"self":[{"href":"https:\/\/www.europesays.com\/pl\/wp-json\/wp\/v2\/posts\/567071","targetHints":{"allow":["GET"]}}],"collection":[{"href":"https:\/\/www.europesays.com\/pl\/wp-json\/wp\/v2\/posts"}],"about":[{"href":"https:\/\/www.europesays.com\/pl\/wp-json\/wp\/v2\/types\/post"}],"author":[{"embeddable":true,"href":"https:\/\/www.europesays.com\/pl\/wp-json\/wp\/v2\/users\/2"}],"replies":[{"embeddable":true,"href":"https:\/\/www.europesays.com\/pl\/wp-json\/wp\/v2\/comments?post=567071"}],"version-history":[{"count":0,"href":"https:\/\/www.europesays.com\/pl\/wp-json\/wp\/v2\/posts\/567071\/revisions"}],"wp:featuredmedia":[{"embeddable":true,"href":"https:\/\/www.europesays.com\/pl\/wp-json\/wp\/v2\/media\/567072"}],"wp:attachment":[{"href":"https:\/\/www.europesays.com\/pl\/wp-json\/wp\/v2\/media?parent=567071"}],"wp:term":[{"taxonomy":"category","embeddable":true,"href":"https:\/\/www.europesays.com\/pl\/wp-json\/wp\/v2\/categories?post=567071"},{"taxonomy":"post_tag","embeddable":true,"href":"https:\/\/www.europesays.com\/pl\/wp-json\/wp\/v2\/tags?post=567071"}],"curies":[{"name":"wp","href":"https:\/\/api.w.org\/{rel}","templated":true}]}}