{"id":567239,"date":"2026-07-20T06:29:17","date_gmt":"2026-07-20T06:29:17","guid":{"rendered":"https:\/\/www.europesays.com\/pl\/567239\/"},"modified":"2026-07-20T06:29:17","modified_gmt":"2026-07-20T06:29:17","slug":"zanim-byl-sierpien-80-byl-lubelski-lipiec-w-lublinie-uczczono-bohaterow-robotniczego-zrywu","status":"publish","type":"post","link":"https:\/\/www.europesays.com\/pl\/567239\/","title":{"rendered":"Zanim by\u0142 Sierpie\u0144 \u201980, by\u0142 Lubelski Lipiec. W Lublinie uczczono bohater\u00f3w robotniczego zrywu"},"content":{"rendered":"<p>Latem 1980 roku przez Lubelszczyzn\u0119 przesz\u0142a najwi\u0119ksza w\u00f3wczas w Polsce fala strajk\u00f3w pracowniczych. W lipcu protestowa\u0142y za\u0142ogi 176 zak\u0142ad\u00f3w pracy. Mi\u0119dzy 8 a 25 lipca strajki obj\u0119\u0142y ponad 150 przedsi\u0119biorstw \u2013 od \u015awidnika i Lublina po Bia\u0142\u0105 Podlask\u0105, Che\u0142m, Kra\u015bnik, Lubart\u00f3w, Opole Lubelskie, Poniatow\u0105, Pu\u0142awy i Radzy\u0144 Podlaski.<\/p>\n<p>Bezpo\u015bredni\u0105 przyczyn\u0105 protest\u00f3w by\u0142y podwy\u017cki cen \u017cywno\u015bci oraz pog\u0142\u0119biaj\u0105cy si\u0119 kryzys gospodarczy. Postulaty pracownik\u00f3w wykracza\u0142y jednak poza kwestie p\u0142acowe i socjalne. Strajkuj\u0105cy domagali si\u0119 poszanowania swojej godno\u015bci, poprawy warunk\u00f3w \u017cycia i respektowania praw pracowniczych.<\/p>\n<p>Szczeg\u00f3lne znaczenie mia\u0142 protest lubelskich kolejarzy. Ich zdecydowana postawa sta\u0142a si\u0119 jednym z impuls\u00f3w do kolejnych wyst\u0105pie\u0144 w innych cz\u0119\u015bciach kraju. Fala sprzeciwu doprowadzi\u0142a nast\u0119pnie do strajk\u00f3w sierpniowych, podpisania porozumie\u0144 z komunistyczn\u0105 w\u0142adz\u0105 oraz powstania NSZZ \u201eSolidarno\u015b\u0107\u201d.<\/p>\n<p>Ho\u0142d pod Krzy\u017cem Wdzi\u0119czno\u015bci<\/p>\n<p>W niedziel\u0119, 19 lipca, w Lublinie oddano ho\u0142d uczestnikom Lubelskiego Lipca, kt\u00f3rzy nie bali si\u0119 zawalczy\u0107 o prawa pracownicze oraz lepsz\u0105 przysz\u0142o\u015b\u0107 dla kolejnych pokole\u0144.<\/p>\n<p>W ramach obchod\u00f3w 46. rocznicy wydarze\u0144 kwiaty pod Krzy\u017cem Wdzi\u0119czno\u015bci z\u0142o\u017cy\u0142a Magdalena \u015aladecka, naczelnik Oddzia\u0142owego Biura Edukacji Narodowej. Nast\u0119pnie dyrektor Oddzia\u0142u Instytutu Pami\u0119ci Narodowej w Lublinie dr Robert Derewenda uczestniczy\u0142 we Mszy \u015awi\u0119tej w parafii Naj\u015bwi\u0119tszego Serca Jezusowego. Po nabo\u017ce\u0144stwie odby\u0142 si\u0119 przemarsz pod Pomnik Doli Kolejarskiej, znajduj\u0105cy si\u0119 na placu dawnej Lokomotywowni PKP.<\/p>\n<p>Przed pomnikiem dyrektor lubelskiego IPN wyg\u0142osi\u0142 okoliczno\u015bciowe przem\u00f3wienie i z\u0142o\u017cy\u0142 kwiaty w ho\u0142dzie osobom uczestnicz\u0105cym w protestach z lipca 1980 roku.<\/p>\n<p>\u201eTutaj rozpocz\u0119\u0142a si\u0119 droga do wolnej Polski\u201d<\/p>\n<p>Robert Derewenda podkre\u015bli\u0142, \u017ce protest robotnik\u00f3w i kolejarzy wymaga\u0142 wyj\u0105tkowej odwagi i sta\u0142 si\u0119 pocz\u0105tkiem przemian, kt\u00f3re doprowadzi\u0142y do odzyskania przez Polsk\u0119 wolno\u015bci.<\/p>\n<p>\u2013 46 lat temu robotnicy i kolejarze z Lubelszczyzny zdobyli si\u0119 na niezwyk\u0142\u0105 odwag\u0119. Wbrew komunistycznej w\u0142adzy rozpocz\u0119li strajki, upominaj\u0105c si\u0119 o godno\u015b\u0107, prawa Polak\u00f3w we w\u0142asnym kraju oraz woln\u0105 i suwerenn\u0105 Rzeczpospolit\u0105. Udowodnili, \u017ce system komunistyczny, oparty na k\u0142amstwie i zniewoleniu, nie by\u0142 w stanie pokona\u0107 narodu polskiego, wiernego Bogu, przywi\u0105zanego do wolno\u015bci oraz swoich chrze\u015bcija\u0144skich i narodowych korzeni. Zanim by\u0142 Sierpie\u0144 \u201980, by\u0142 Lipiec \u201980 \u2013 w\u0142a\u015bnie tutaj, na Lubelszczy\u017anie, rozpocz\u0119\u0142a si\u0119 droga do wolnej Polski. To odwaga lubelskich robotnik\u00f3w i kolejarzy sta\u0142a si\u0119 impulsem do narodzin \u201eSolidarno\u015bci\u201d, kt\u00f3ra zapocz\u0105tkowa\u0142a przemiany prowadz\u0105ce do upadku komunizmu i odzyskania przez Polsk\u0119 niepodleg\u0142o\u015bci. Podczas uroczystych obchod\u00f3w 46. rocznicy Lubelskiego Lipca 1980 uczestniczy\u0142em we Mszy \u015awi\u0119tej, a nast\u0119pnie w przemarszu pod Pomnik Doli Kolejarskiej w Lublinie. Z\u0142o\u017cyli\u015bmy kwiaty w ho\u0142dzie tym, kt\u00f3rzy przed 46 laty odwa\u017cyli si\u0119 powiedzie\u0107 komunistycznej w\u0142adzy: \u201eDo\u015b\u0107!\u201d. Cze\u015b\u0107 i chwa\u0142a bohaterom Lubelskiego Lipca i \u201eSolidarno\u015bci\u201d! \u2013 przekaza\u0142 Robert Derewenda.<\/p>\n<p>Lubelski Lipiec pozostaje jednym z najwa\u017cniejszych symboli spo\u0142ecznego oporu wobec komunistycznej w\u0142adzy. Strajkuj\u0105cy pokazali, \u017ce solidarne i pokojowe dzia\u0142anie mo\u017ce zmusi\u0107 rz\u0105dz\u0105cych do ust\u0119pstw, a lokalny protest mo\u017ce zapocz\u0105tkowa\u0107 przemiany o znaczeniu og\u00f3lnopolskim.<\/p>\n<p>    Galeria zdj\u0119\u0107<\/p>\n<p>                                    <img decoding=\"async\" class=\"gallery-item\" src=\"https:\/\/www.europesays.com\/pl\/wp-content\/uploads\/2026\/07\/medium-752488812_2958683744473853_974648591715930361_n.jpg\" loading=\"lazy\" width=\"1440\" height=\"959\"\/><\/p>\n<p>            Zdj\u0119cie 1 z 9<\/p>\n<p>                                    <img decoding=\"async\" class=\"gallery-item\" src=\"https:\/\/www.europesays.com\/pl\/wp-content\/uploads\/2026\/07\/medium-750597514_3041111639411986_8752096416239688532_n.jpg\" loading=\"lazy\" width=\"1440\" height=\"958\"\/><\/p>\n<p>            Zdj\u0119cie 2 z 9<\/p>\n<p>                                    <img decoding=\"async\" class=\"gallery-item\" src=\"https:\/\/www.europesays.com\/pl\/wp-content\/uploads\/2026\/07\/medium-751833231_1011977801447196_5417959772315881485_n.jpg\" loading=\"lazy\" width=\"1440\" height=\"958\"\/><\/p>\n<p>            Zdj\u0119cie 3 z 9<\/p>\n<p>                                    <img decoding=\"async\" class=\"gallery-item\" src=\"https:\/\/www.europesays.com\/pl\/wp-content\/uploads\/2026\/07\/medium-752484562_774594772403110_2395842439552921707_n.jpg\" loading=\"lazy\" width=\"1440\" height=\"959\"\/><\/p>\n<p>            Zdj\u0119cie 4 z 9<\/p>\n<p>                                    <img decoding=\"async\" class=\"gallery-item\" src=\"https:\/\/www.europesays.com\/pl\/wp-content\/uploads\/2026\/07\/medium-749286111_2109234063363905_3352904291065063417_n.jpg\" loading=\"lazy\" width=\"1440\" height=\"959\"\/><\/p>\n<p>            Zdj\u0119cie 5 z 9<\/p>\n<p>\u0179r\u00f3d\u0142o: IPN Lublin <\/p>\n","protected":false},"excerpt":{"rendered":"Latem 1980 roku przez Lubelszczyzn\u0119 przesz\u0142a najwi\u0119ksza w\u00f3wczas w Polsce fala strajk\u00f3w pracowniczych. W lipcu protestowa\u0142y za\u0142ogi 176&hellip;\n","protected":false},"author":2,"featured_media":567240,"comment_status":"","ping_status":"","sticky":false,"template":"","format":"standard","meta":{"footnotes":"","_share_on_mastodon":"0"},"categories":[51612],"tags":[53488,111847,106811,1081,3448,42,38,40,39,41,111848,60893,111849],"class_list":["post-567239","post","type-post","status-publish","format-standard","has-post-thumbnail","category-lublin","tag-instytut-pamieci-narodowej","tag-lubelscy-kolejarze","tag-lubelski-lipiec-1980","tag-lublin","tag-nszz-solidarnosc","tag-pl","tag-poland","tag-polish","tag-polska","tag-polski","tag-pomnik-doli-kolejarskiej","tag-robert-derewenda","tag-strajki-robotnicze"],"share_on_mastodon":{"url":"https:\/\/pubeurope.com\/@pl\/116950897996367006","error":""},"_links":{"self":[{"href":"https:\/\/www.europesays.com\/pl\/wp-json\/wp\/v2\/posts\/567239","targetHints":{"allow":["GET"]}}],"collection":[{"href":"https:\/\/www.europesays.com\/pl\/wp-json\/wp\/v2\/posts"}],"about":[{"href":"https:\/\/www.europesays.com\/pl\/wp-json\/wp\/v2\/types\/post"}],"author":[{"embeddable":true,"href":"https:\/\/www.europesays.com\/pl\/wp-json\/wp\/v2\/users\/2"}],"replies":[{"embeddable":true,"href":"https:\/\/www.europesays.com\/pl\/wp-json\/wp\/v2\/comments?post=567239"}],"version-history":[{"count":0,"href":"https:\/\/www.europesays.com\/pl\/wp-json\/wp\/v2\/posts\/567239\/revisions"}],"wp:featuredmedia":[{"embeddable":true,"href":"https:\/\/www.europesays.com\/pl\/wp-json\/wp\/v2\/media\/567240"}],"wp:attachment":[{"href":"https:\/\/www.europesays.com\/pl\/wp-json\/wp\/v2\/media?parent=567239"}],"wp:term":[{"taxonomy":"category","embeddable":true,"href":"https:\/\/www.europesays.com\/pl\/wp-json\/wp\/v2\/categories?post=567239"},{"taxonomy":"post_tag","embeddable":true,"href":"https:\/\/www.europesays.com\/pl\/wp-json\/wp\/v2\/tags?post=567239"}],"curies":[{"name":"wp","href":"https:\/\/api.w.org\/{rel}","templated":true}]}}