{"id":567574,"date":"2026-07-20T09:54:20","date_gmt":"2026-07-20T09:54:20","guid":{"rendered":"https:\/\/www.europesays.com\/pl\/567574\/"},"modified":"2026-07-20T09:54:20","modified_gmt":"2026-07-20T09:54:20","slug":"reakcja-24-lato-w-ogrodzie-z-prof-krzysztofem-matkowskim-z-uniwersytetu-przyrodniczego-we-wroclawiu","status":"publish","type":"post","link":"https:\/\/www.europesays.com\/pl\/567574\/","title":{"rendered":"Reakcja 24: Lato w ogrodzie z prof. Krzysztofem Matkowskim z Uniwersytetu Przyrodniczego we Wroc\u0142awiu"},"content":{"rendered":"\n<p>                <a target=\"_blank\" href=\"http:\/\/www.wykop.pl\/dodaj\/link\/?url=https%3A%2F%2Fwww.radiowroclaw.pl%2Farticles%2Fview%2F162411%2FReakcja-24-Lato-w-ogrodzie-z-prof-Krzysztofem-Matkowskim-z-Uniwersytetu-Przyrodniczego-we-Wroclawiu&amp;title=Reakcja+24%3A+Lato+w+ogrodzie+z+prof.+Krzysztofem+Matkowskim+z+Uniwersytetu+Przyrodniczego+we+Wroc%C5%82awiu&amp;desc=Lipiec+w+ogrodzie+to+przede+wszystkim+bezwzgl%C4%99dna+walka+z+susz%C4%85+%E2%80%93+obfite+podlewanie+warzywnika+i+trawnika+%C5%9Bwitem+lub+wieczorem+to+absolutny+priorytet.+W+tym+miesi%C4%85cu+musimy+chwyci%C4%87+za+sekator%2C+by+przeprowadzi%C4%87+letnie+ci%C4%99cie+wi%C5%9Bni+i+czere%C5%9Bni+po+zbiorach+oraz+regularnie+usuwa%C4%87+przekwit%C5%82e+kwiaty+bylin.\" rel=\"nofollow noopener\"><img decoding=\"async\" alt=\"Dodaj do Wykop.pl\" src=\"http:\/\/www.radiowroclaw.pl\/nlayout\/layout\/wykop-social.svg\"\/><\/a><\/p>\n<p>    <img decoding=\"async\" src=\"https:\/\/www.europesays.com\/pl\/wp-content\/uploads\/2026\/07\/Q1tQvhj5tu.jpg\" class=\"w-100\" alt=\"Reakcja 24: Lato w ogrodzie z prof. Krzysztofem Matkowskim z Uniwersytetu Przyrodniczego we Wroc\u0142awiu - Prof. Krzysztof Matkowski w studiu Radia Wroc\u0142aw.\"\/>Prof. Krzysztof Matkowski w studiu Radia Wroc\u0142aw.<\/p>\n<p>Fot: RW<\/p>\n<p>Lipiec w ogrodzie to przede wszystkim bezwzgl\u0119dna walka z susz\u0105 \u2013 obfite podlewanie warzywnika i trawnika \u015bwitem lub wieczorem to absolutny priorytet. W tym miesi\u0105cu musimy chwyci\u0107 za sekator, by przeprowadzi\u0107 letnie ci\u0119cie wi\u015bni i czere\u015bni po zbiorach oraz regularnie usuwa\u0107 przekwit\u0142e kwiaty bylin.<\/p>\n<p style=\"text-align: justify;\">Intensywnie rosn\u0105ce pomidory wymagaj\u0105 teraz systematycznego podwi\u0105zywania do tyczek oraz wy\u0142amywania zb\u0119dnych p\u0119d\u00f3w bocznych. Nie mo\u017cna te\u017c odpuszcza\u0107 pielenia, bo wysokie temperatury sprzyjaj\u0105 b\u0142yskawicznemu rozrostowi chwast\u00f3w zag\u0142uszaj\u0105cych uprawy. Ca\u0142y ten trud rekompensuje jednak najprzyjemniejszy obowi\u0105zek: codzienny zbi\u00f3r dojrza\u0142ych malin, fasolki szparagowej i pierwszych, pachn\u0105cych og\u00f3rk\u00f3w na ma\u0142osolne. Porozmawiamy r\u00f3wnie\u017c\u00a0o ro\u015blinach domowych.<\/p>\n<p style=\"text-align: justify;\">O tym wszystkim porozmawiamy w poniedzia\u0142kowym wydaniu Reakcji24 z prof. Krzysztofem Matkowskim z Uniwersytetu Przyrodniczego we Wroc\u0142awiu.\u00a0Czekamy r\u00f3wnie\u017c na pytania od naszych s\u0142uchaczek i s\u0142uchaczy pod numerem telefonu: 71\u00a0391 00 00, adresem mailowym: <a href=\"http:\/\/www.radiowroclaw.pl\/cdn-cgi\/l\/email-protection\" class=\"__cf_email__\" data-cfemail=\"8af8efebe1e9e0ebb8becaf8ebeee3e5fdf8e5e9e6ebfda4fae6\" rel=\"nofollow noopener\" target=\"_blank\">[email\u00a0protected]<\/a> lub w poni\u017cszym miejscu na komentarze.<\/p>\n<p style=\"text-align: justify;\">Do us\u0142yszenia o godz. 12.05!\u00a0<\/p>\n<p>        <a name=\"Comments\"\/><br \/>\n    \ufeff<\/p>\n<p>\t\t\t\t<a name=\"Comments\"\/><\/p>\n<p>\t\t\t\t\tDodaj\u0105c komentarz do artyku\u0142u akceptujesz<br \/>\n\t\t\t\t\t<a class=\"fw-bold\" href=\"http:\/\/www.radiowroclaw.pl\/articles\/view\/97405\" title=\"regulamin strony\" rel=\"nofollow noopener\" target=\"_blank\">regulamin strony<\/a>.<br \/>\n\t\t\t\t\tRadio Wroc\u0142aw nie odpowiada za tre\u015b\u0107 komentarzy.<\/p>\n","protected":false},"excerpt":{"rendered":"Prof. Krzysztof Matkowski w studiu Radia Wroc\u0142aw. Fot: RW Lipiec w ogrodzie to przede wszystkim bezwzgl\u0119dna walka z&hellip;\n","protected":false},"author":2,"featured_media":567575,"comment_status":"","ping_status":"","sticky":false,"template":"","format":"standard","meta":{"footnotes":"","_share_on_mastodon":"0"},"categories":[51607],"tags":[82806,111910,1715,111911,68647,42,38,40,39,41,34763,80558,57873,64873,31600,55110,1853,55111,44413],"class_list":["post-567574","post","type-post","status-publish","format-standard","has-post-thumbnail","category-wroclaw","tag-82806","tag-krzysztofem","tag-lato","tag-matkowskim","tag-ogrodzie","tag-pl","tag-poland","tag-polish","tag-polska","tag-polski","tag-prof","tag-przyrodniczego","tag-reakcja","tag-uniwersytetu","tag-w","tag-we","tag-wroclaw","tag-wroclawiu","tag-z"],"share_on_mastodon":{"url":"https:\/\/pubeurope.com\/@pl\/116951704035165570","error":""},"_links":{"self":[{"href":"https:\/\/www.europesays.com\/pl\/wp-json\/wp\/v2\/posts\/567574","targetHints":{"allow":["GET"]}}],"collection":[{"href":"https:\/\/www.europesays.com\/pl\/wp-json\/wp\/v2\/posts"}],"about":[{"href":"https:\/\/www.europesays.com\/pl\/wp-json\/wp\/v2\/types\/post"}],"author":[{"embeddable":true,"href":"https:\/\/www.europesays.com\/pl\/wp-json\/wp\/v2\/users\/2"}],"replies":[{"embeddable":true,"href":"https:\/\/www.europesays.com\/pl\/wp-json\/wp\/v2\/comments?post=567574"}],"version-history":[{"count":0,"href":"https:\/\/www.europesays.com\/pl\/wp-json\/wp\/v2\/posts\/567574\/revisions"}],"wp:featuredmedia":[{"embeddable":true,"href":"https:\/\/www.europesays.com\/pl\/wp-json\/wp\/v2\/media\/567575"}],"wp:attachment":[{"href":"https:\/\/www.europesays.com\/pl\/wp-json\/wp\/v2\/media?parent=567574"}],"wp:term":[{"taxonomy":"category","embeddable":true,"href":"https:\/\/www.europesays.com\/pl\/wp-json\/wp\/v2\/categories?post=567574"},{"taxonomy":"post_tag","embeddable":true,"href":"https:\/\/www.europesays.com\/pl\/wp-json\/wp\/v2\/tags?post=567574"}],"curies":[{"name":"wp","href":"https:\/\/api.w.org\/{rel}","templated":true}]}}