{"id":567641,"date":"2026-07-20T10:36:11","date_gmt":"2026-07-20T10:36:11","guid":{"rendered":"https:\/\/www.europesays.com\/pl\/567641\/"},"modified":"2026-07-20T10:36:11","modified_gmt":"2026-07-20T10:36:11","slug":"nawrocki-zawetowal-ustawe-o-osobie-najblizszej-lubnauer-to-siewca-destrukcji","status":"publish","type":"post","link":"https:\/\/www.europesays.com\/pl\/567641\/","title":{"rendered":"Nawrocki zawetowa\u0142 ustaw\u0119 o osobie najbli\u017cszej. Lubnauer: To siewca destrukcji"},"content":{"rendered":"\n<p>&#13;<br \/>\nNawrocki poinformowa\u0142 w\u00a0pi\u0105tek, \u017ce\u00a0zawetowa\u0142 regulacj\u0119 o\u00a0statusie osoby najbli\u017cszej w\u00a0zwi\u0105zku i\u00a0umowie o\u00a0wsp\u00f3lnym po\u017cyciu oraz\u00a0ustaw\u0119 zawieraj\u0105ca przepisy wprowadzaj\u0105ce. \u2013\u00a0M\u00f3wi\u0142em w\u00a0czasie kampanii wyborczej, \u017ce\u00a0jestem gotowy do\u00a0rozmowy o\u00a0ustawie reguluj\u0105cej status osoby najbli\u017cszej. Jednak zawsze podkre\u015bla\u0142em, \u017ce\u00a0nic, co\u00a0jest quasi ma\u0142\u017ce\u0144stwem, nie\u00a0mo\u017ce liczy\u0107 na\u00a0moje wsparcie. Podobnie jest w\u00a0przypadku adopcji dzieci przez pary homoseksualne \u2013\u00a0wyja\u015bni\u0142. &#13;\n<\/p>\n<p>&#13;<br \/>\n<a href=\"https:\/\/dorzeczy.pl\/kraj\/916009\/ustawa-o-statusie-osoby-najblizszej-weto-nawrockiego.html\" rel=\"nofollow noopener\" target=\"_blank\">Prezydent doda\u0142<\/a>, \u017ce\u00a0za\u00a0ka\u017cdym razem podkre\u015bla\u0142, i\u017c\u00a0&#8222;gdy rozwi\u0105zania realnie pomog\u0105 osobom w\u00a0statusie osoby najbli\u017cszej na\u00a0formalne administracyjne funkcjonowanie, a\u00a0nie b\u0119d\u0105 nios\u0142y za\u00a0sob\u0105 ideologicznej presji czy\u00a0pr\u00f3by podwa\u017cania wyj\u0105tkowego statusu ma\u0142\u017ce\u0144stwa, to\u00a0tak\u0105 ustaw\u0119 podpisz\u0119&#8221;. &#13;\n<\/p>\n<p>Zwi\u0105zki partnerskie jeszcze w\u00a0tej kadencji Sejmu? Lubnauer: My\u015bl\u0119, \u017ce\u00a0nie<\/p>\n<p>&#13;<br \/>\nDo decyzji prezydenta Karola Nawrockiego odnios\u0142a si\u0119 w\u00a0poniedzia\u0142ek na\u00a0antenie RMF24 wiceszefowa MEN Katarzyna Lubnauer. &#13;\n<\/p>\n<p>&#13;<br \/>\n\u2013 Zawsze by\u0142am zwolennikiem zwi\u0105zk\u00f3w partnerskich. Zawsze uwa\u017ca\u0142am, \u017ce\u00a0to\u00a0jest sprawa, kt\u00f3ra powinna zosta\u0107 za\u0142atwiona, ale\u00a0widzimy, jakiego prezydenta mamy. W\u00a0zwi\u0105zku z\u00a0tym to\u00a0jest te\u017c kwestia interpretacji tego, co\u00a0z\u00a0kwesti\u0105 transkrypcji ma\u0142\u017ce\u0144stw \u2013\u00a0podkre\u015bli\u0142a polityk Koalicji Obywatelskiej. &#13;\n<\/p>\n<p>&#13;<br \/>\n\u2013 Wiemy, \u017ce\u00a0je\u015bli chodzi np. o\u00a0rent\u0119 rodzinn\u0105 pewne uprawnienia b\u0119d\u0105, ale\u00a0co\u00a0z\u00a0kwesti\u0105 ubezpieczenia zdrowotnego? \u2013\u00a0doda\u0142a. &#13;\n<\/p>\n<p>&#13;<br \/>\nNa pytanie, czy\u00a0w\u00a0tej kadencji Sejmu uda si\u0119 to\u00a0za\u0142atwi\u0107, Lubnauer odpowiedzia\u0142a: &#8222;To, co\u00a0wymaga zmian ustawowych, my\u015bl\u0119, \u017ce\u00a0nie, dlatego \u017ce\u00a0pan prezydent do\u015b\u0107 jednoznacznie nie\u00a0chce pom\u00f3c Polakom&#8221;. \u2013\u00a0Najzwyczajniej w\u00a0\u015bwiecie on jest takim siewc\u0105 destrukcji w\u00a0bardzo wielu kwestiach. I\u00a0w\u00a0sprawie Rzecznika Praw Ucznia, i\u00a0w\u00a0kwestii statusu osoby najbli\u017cszej w\u00a0zwi\u0105zku, i\u00a0w\u00a0sprawie kryptowalut, gdy mo\u017cna by\u0142o uregulowa\u0107 ten rynek i\u00a0chroni\u0107 klient\u00f3w. Po\u00a0prostu pan prezydent najzwyczajniej w\u00a0\u015bwiecie uwa\u017ca, \u017ce\u00a0sypanie piasku w\u00a0tryby pracy rz\u0105du, pracy parlamentu jest dobrym pomys\u0142em na\u00a0polityk\u0119 \u2013\u00a0oceni\u0142a Lubnauer. &#13;\n<\/p>\n<p>&#13;<br \/>\n   Czytaj te\u017c:<br \/><a href=\"https:\/\/dorzeczy.pl\/opinie\/916354\/nawrocki-zawetowal-ustawe-o-osobie-najblizszej-kotula-teraz-rownosc-malzenska.html\" rel=\"follow nofollow noopener\" data-schema=\"DORZECZY\" data-image=\"https:\/\/img.dorzeczy.pl\/_thumb\/e2\/83\/374215d2b5f132f716e1c810ffc9.jpeg\" target=\"_blank\">&#8222;Nie b\u0119dzie ju\u017c powrotu do\u00a0rozmowy&#8221;. Oto plan rz\u0105du<\/a>   Czytaj te\u017c:<br \/><a href=\"https:\/\/dorzeczy.pl\/opinie\/916180\/nawrocki-zawetowal-ustawe-o-osobie-najblizszej-zurek-pokaz-skrajnego-cynizmu.html\" rel=\"follow nofollow noopener\" data-schema=\"DORZECZY\" data-image=\"https:\/\/img.dorzeczy.pl\/_thumb\/5f\/d3\/6d51af49f2d79bf8f7eb25a74429.jpeg\" target=\"_blank\">&#8222;Ideologiczny odwet&#8221;. \u017burek uderza w\u00a0prezydenta<\/a>&#13;<\/p>\n","protected":false},"excerpt":{"rendered":"&#13; Nawrocki poinformowa\u0142 w\u00a0pi\u0105tek, \u017ce\u00a0zawetowa\u0142 regulacj\u0119 o\u00a0statusie osoby najbli\u017cszej w\u00a0zwi\u0105zku i\u00a0umowie o\u00a0wsp\u00f3lnym po\u017cyciu oraz\u00a0ustaw\u0119 zawieraj\u0105ca przepisy wprowadzaj\u0105ce. \u2013\u00a0M\u00f3wi\u0142em&hellip;\n","protected":false},"author":2,"featured_media":567642,"comment_status":"","ping_status":"","sticky":false,"template":"","format":"standard","meta":{"footnotes":"","_share_on_mastodon":"0"},"categories":[62712],"tags":[98,690,3940,49,13528,5359,1315,103,102,13837,1005,111927,6158,8206],"class_list":["post-567641","post","type-post","status-publish","format-standard","has-post-thumbnail","category-karol-nawrocki","tag-dorzeczy","tag-karol-nawrocki","tag-ko","tag-kraj","tag-lubnauer","tag-men","tag-nawrocki","tag-obserwator-mediow","tag-opinie","tag-osoba-najblizsza","tag-prezydent","tag-siewca-destrukcji","tag-ustawa","tag-weto"],"share_on_mastodon":{"url":"","error":""},"_links":{"self":[{"href":"https:\/\/www.europesays.com\/pl\/wp-json\/wp\/v2\/posts\/567641","targetHints":{"allow":["GET"]}}],"collection":[{"href":"https:\/\/www.europesays.com\/pl\/wp-json\/wp\/v2\/posts"}],"about":[{"href":"https:\/\/www.europesays.com\/pl\/wp-json\/wp\/v2\/types\/post"}],"author":[{"embeddable":true,"href":"https:\/\/www.europesays.com\/pl\/wp-json\/wp\/v2\/users\/2"}],"replies":[{"embeddable":true,"href":"https:\/\/www.europesays.com\/pl\/wp-json\/wp\/v2\/comments?post=567641"}],"version-history":[{"count":0,"href":"https:\/\/www.europesays.com\/pl\/wp-json\/wp\/v2\/posts\/567641\/revisions"}],"wp:featuredmedia":[{"embeddable":true,"href":"https:\/\/www.europesays.com\/pl\/wp-json\/wp\/v2\/media\/567642"}],"wp:attachment":[{"href":"https:\/\/www.europesays.com\/pl\/wp-json\/wp\/v2\/media?parent=567641"}],"wp:term":[{"taxonomy":"category","embeddable":true,"href":"https:\/\/www.europesays.com\/pl\/wp-json\/wp\/v2\/categories?post=567641"},{"taxonomy":"post_tag","embeddable":true,"href":"https:\/\/www.europesays.com\/pl\/wp-json\/wp\/v2\/tags?post=567641"}],"curies":[{"name":"wp","href":"https:\/\/api.w.org\/{rel}","templated":true}]}}