{"id":567679,"date":"2026-07-20T11:00:10","date_gmt":"2026-07-20T11:00:10","guid":{"rendered":"https:\/\/www.europesays.com\/pl\/567679\/"},"modified":"2026-07-20T11:00:10","modified_gmt":"2026-07-20T11:00:10","slug":"manipuluja-j-d-vance-ostro-atakuje-ukryta-kampanie-izraela-chca-zeby-wojna-trwala-w-nieskonczonosc","status":"publish","type":"post","link":"https:\/\/www.europesays.com\/pl\/567679\/","title":{"rendered":"Manipuluj\u0105&#8221;. J. D. Vance ostro atakuje ukryt\u0105 kampani\u0119 Izraela. &#8222;Chc\u0105, \u017ceby wojna trwa\u0142a w niesko\u0144czono\u015b\u0107"},"content":{"rendered":"<p>\u2014 W izraelskim rz\u0105dzie s\u0105 ludzie, kt\u00f3rym ufam, ale s\u0105 te\u017c tacy, kt\u00f3rzy manipuluj\u0105 i pr\u00f3buj\u0105 zmieni\u0107 opini\u0119 publiczn\u0105 w Ameryce, by wojna trwa\u0142a w niesko\u0144czono\u015b\u0107 \u2014 powiedzia\u0142 J. D. Vance w podca\u015bcie &#8222;The Joe Rogan Experience&#8221;.<\/p>\n<p>W rozmowie z Roganem Vance oskar\u017cy\u0142 Izrael o sabotowanie porozumienia mi\u0119dzy USA a Iranem.<\/p>\n<p>\u2014 Zdecydowanie uwa\u017cam, \u017ce jeste\u015bmy \u015bwiadkami bardzo dyskretnej, niezwykle dobrze finansowanej kampanii, kt\u00f3rej celem jest udaremnienie negocjacji i zniweczenie porozumienia \u2014 stwierdzi\u0142.<\/p>\n<p>Izrael mo\u017ce mie\u0107 powody do niepokoju, poniewa\u017c s\u0142owa Vance&#8217;a wskazuj\u0105 na mo\u017cliwy kluczowy zwrot w ameryka\u0144skiej polityce. Nied\u0142ugo bowiem ukaza\u0142o si\u0119 oficjalne stanowisko Bia\u0142ego Domu.<\/p>\n<p>Dzie\u0144 p\u00f3\u017aniej, w czwartek 16 lipca, s\u0142owa wiceprezydenta potwierdzi\u0142a rzeczniczka Bia\u0142ego Domu Karoline Leavitt. \u2014 My\u015bl\u0119, \u017ce prezydent z pewno\u015bci\u0105 zgodzi\u0142by si\u0119, \u017ce inne kraje bez w\u0105tpienia pr\u00f3buj\u0105 wp\u0142yn\u0105\u0107 na ameryka\u0144sk\u0105 opini\u0119 publiczn\u0105 \u2014 stwierdzi\u0142a.<\/p>\n<p>Je\u015bli administracja Trumpa obierze kurs w polityce zagranicznej, kt\u00f3ry b\u0119dzie bardziej asertywny wobec Izraela ni\u017c obecnie, izraelski rz\u0105d mo\u017ce mie\u0107 wi\u0119ksze problemy z zapewnieniem sobie ameryka\u0144skiego poparcia dla <a href=\"https:\/\/wiadomosci.onet.pl\/swiat\/negocjacje-izraela-i-libanu-zakonczone-kraje-uzgodnily-strefy-pilotazowe\/6sysgvz\" id=\"42414b00-eaa8-4e85-8dca-ea6c8588f58b\" rel=\"nofollow noopener\" target=\"_blank\">prowadzonych przez siebie kampanii wojennych, m.in. w Libanie<\/a>.      Dalszy ci\u0105g artyku\u0142u pod materia\u0142em wideo <\/p>\n<p>Pomimo rzekomych wysi\u0142k\u00f3w Izraela w zesz\u0142ym miesi\u0105cu Stanom Zjednoczonym uda\u0142o si\u0119 zawrze\u0107 z Iranem protok\u00f3\u0142 ustale\u0144, kt\u00f3ry umo\u017cliwi\u0142 obu stronom kontynuowanie dalszych negocjacji. Zawarcie porozumienia umo\u017cliwi\u0142o otwarcie cie\u015bniny Ormuz i dotyczy\u0142o 60-dniowego zawieszenia broni, kt\u00f3re zosta\u0142o jednak odwo\u0142ane.<\/p>\n<p>J.D. Vance doda\u0142 w podca\u015bcie, \u017ce istniej\u0105 &#8222;wyra\u017ane dowody&#8221; na to, \u017ce niekt\u00f3rzy izraelscy przyw\u00f3dcy &#8222;nienawidz\u0105&#8221; tego porozumienia.<\/p>\n<p>Sam J. D. Vance bierze udzia\u0142 w rozmowach z Iranem, kt\u00f3rych celem jest znalezienie sposobu na zako\u0144czenie wojny. By\u0142 r\u00f3wnie\u017c obecny podczas czerwcowego podpisania protoko\u0142u ustale\u0144 w Szwajcarii.<\/p>\n<p>W podca\u015bcie Rogana stwierdzi\u0142, \u017ce wywieranie wp\u0142ywu na polityk\u0119 ameryka\u0144sk\u0105 przez zagraniczne rz\u0105dy jest powszechne. \u2014 To, co mnie naprawd\u0119 niepokoi, to sytuacja, w kt\u00f3rej Amerykanie i ameryka\u0144skie w\u0142adze pozwalaj\u0105, by ta presja wp\u0142yn\u0119\u0142a na ich os\u0105d \u2014 powiedzia\u0142.<\/p>\n<p> J. D. Vance: Schrzanili\u015bmy spraw\u0119 akt Epsteina. Trzeba by\u0142o ujawni\u0107 wszystko od razu   <img class=\"ods-a-photo ods-a-photo--background\" src=\"https:\/\/www.europesays.com\/pl\/wp-content\/uploads\/2026\/07\/IoZk9lBaHR0cHM6Ly9vY2RuLmV1L3B1bHNjbXMvTURBXy9hMWQyNTFiODczNjFkZGM1ZWZhODgzZDAwMGY1Y2U0NC5qcGeRlQLNA.jpeg\" height=\"300\" width=\"450\" alt=\"Wiceprezydent USA J.D. Vance\" loading=\"lazy\" fetchpriority=\"low\" decoding=\"async\"\/>  <\/p>\n<p>To nie pierwszy raz, kiedy wiceprezydent USA skierowa\u0142 krytyk\u0119 pod adresem Izraela. W czerwcu wezwa\u0142 izraelskich przyw\u00f3dc\u00f3w, kt\u00f3rzy krytykowali USA za porozumienie z Iranem w sprawie przed\u0142u\u017cenia rozejmu, aby nie atakowali jedynego pot\u0119\u017cnego sojusznika, jaki im pozosta\u0142 na ca\u0142ym \u015bwiecie.<\/p>\n<p>Roz\u0142am w\u015br\u00f3d Demokrat\u00f3w<\/p>\n<p>Poparcie dla Izraela zaczyna si\u0119 kruszy\u0107 nawet w Partii Demokratycznej. Wida\u0107 to by\u0142o podczas \u015brodowego g\u0142osowania w Izbie Reprezentant\u00f3w nad projektem ustawy o wstrzymaniu pomocy dla Izraela, na kt\u00f3r\u0105 w przygotowanym bud\u017cecie pa\u0144stwa przeznaczono 3,3 mld dol. (11,38 mld z\u0142).<\/p>\n<p>Wniosek nie zosta\u0142 wprawdzie przyj\u0119ty, zgodnie z oczekiwaniami, ale zaskoczeniem okaza\u0142o si\u0119, \u017ce za jego przyj\u0119ciem zag\u0142osowa\u0142o 103 demokrat\u00f3w, co stanowi ok. po\u0142owy klubu. Z\u0142amali oni tym samym nie tylko d\u0142ugotrwa\u0142y konsensus wewn\u0105trzpartyjny, ale tak\u017ce konsensus mi\u0119dzy obiema rywalizuj\u0105cymi partiami.<\/p>\n<p>Za projektem zag\u0142osowa\u0142a na przyk\u0142ad r\u00f3wnie\u017c Nancy Pelosi, jedna z najd\u0142u\u017cej pe\u0142ni\u0105cych funkcj\u0119 obro\u0144czy\u0144 stosunk\u00f3w ameryka\u0144sko-izraelskich w Kongresie. Wed\u0142ug serwisu &#8222;The Guardian&#8221; stwierdzi\u0142a, \u017ce popar\u0142a projekt ze wzgl\u0119du na przes\u0142anie, jakie on niesie.<\/p>\n<p>G\u0142osowanie to negatywnie uwypukli\u0142o zatem s\u0142ab\u0105 sp\u00f3jno\u015b\u0107 Partii Demokratycznej w jednej z najwa\u017cniejszych kwestii politycznych. Nie sprzyja to jej wizerunkowi przed <a href=\"https:\/\/wiadomosci.onet.pl\/swiat\/tak-zle-w-usa-jeszcze-nie-bylo-listopad-i-dwa-czarne-scenariusze\/telcb4d\" id=\"ef45f6db-8663-4df8-8919-a66965870cdf\" rel=\"nofollow noopener\" target=\"_blank\">zbli\u017caj\u0105cymi si\u0119 wyborami \u015br\u00f3dokresowymi<\/a>, kt\u00f3re odb\u0119d\u0105 si\u0119 ju\u017c jesieni\u0105. W wyborach tych zostan\u0105 wybrani wszyscy cz\u0142onkowie Izby Reprezentant\u00f3w oraz jedna trzecia sk\u0142adu Senatu. Dla prezydenta jest to tradycyjnie test zaufania w po\u0142owie kadencji. Trump ma obecnie jeden z najni\u017cszych wska\u017anik\u00f3w poparcia w historii ameryka\u0144skich prezydent\u00f3w.     <\/p>\n<p>Debata ta nie jest dla Demokrat\u00f3w ca\u0142kowit\u0105 nowo\u015bci\u0105. W 2024 r., za rz\u0105d\u00f3w Joego Bidena, dziesi\u0105tki prawnik\u00f3w zar\u00f3wno w administracji, jak i poza ni\u0105 wezwa\u0142y prezydenta do natychmiastowego wstrzymania pomocy wojskowej dla Izraela, argumentuj\u0105c, \u017ce pa\u0144stwo to prawdopodobnie naruszy\u0142o konwencje genewskie, dokonuj\u0105c zbrodni w Strefie Gazy.<\/p>\n<p>Problem maj\u0105 r\u00f3wnie\u017c RepublikanieG\u0142osowanie nie pomog\u0142o r\u00f3wnie\u017c Republikanom, kt\u00f3rzy w ten spos\u00f3b potwierdzili bezwarunkowe poparcie dla pa\u0144stwa mi\u0119dzynarodowo <a href=\"https:\/\/wiadomosci.onet.pl\/swiat\/zniszczenia-wieksze-niz-hiroszimy-w-1945-r-izrael-przekroczyl-granice\/dzyty9m\" id=\"6800a9b9-024e-4617-8519-9168af7e3d7f\" rel=\"nofollow noopener\" target=\"_blank\">oskar\u017canego o ludob\u00f3jstwo w Strefie Gazy<\/a>.<\/p>\n<p>Opinia publiczna Amerykan\u00f3w jest dok\u0142adnym przeciwie\u0144stwem wyniku g\u0142osowania. Tylko 16 proc. obywateli USA opowiada si\u0119 za nieograniczonym wsparciem dla Izraela, tak jak dotychczas. W przypadku m\u0142odszego pokolenia odsetek ten spada jeszcze bardziej.<\/p>\n<p>Republika\u0144ski autor projektu ustawy Thomas Massie nie jest jednak osamotniony w swoim stanowisku w partii. Rosn\u0105ca sk\u0142onno\u015b\u0107 czo\u0142owych Republikan\u00f3w do krytykowania izraelskiego wp\u0142ywu na ameryka\u0144sk\u0105 polityk\u0119 zagraniczn\u0105 by\u0142aby jeszcze kilka lat temu nie do pomy\u015blenia.<\/p>\n<p>Wa\u017cne dla Amerykan\u00f3w decyzje dopiero przed nimi. W tegorocznej ustawie o obronie narodowej (NDAA) zawarta jest Inicjatywa na rzecz ameryka\u0144sko-izraelskiej wsp\u00f3\u0142pracy w zakresie technologii obronnych. Jest to akt prawny, kt\u00f3ry znacznie pog\u0142\u0119bi\u0142by integracj\u0119 przemys\u0142u obronnego obu kraj\u00f3w. Z g\u0142osowania, kt\u00f3re odby\u0142o si\u0119 w tym tygodniu, wynika jednak, \u017ce utrzymanie proizraelskiego kierunku obu g\u0142\u00f3wnych partii w USA mo\u017ce okaza\u0107 si\u0119 wyzwaniem.<\/p>\n","protected":false},"excerpt":{"rendered":"\u2014 W izraelskim rz\u0105dzie s\u0105 ludzie, kt\u00f3rym ufam, ale s\u0105 te\u017c tacy, kt\u00f3rzy manipuluj\u0105 i pr\u00f3buj\u0105 zmieni\u0107 opini\u0119&hellip;\n","protected":false},"author":2,"featured_media":567680,"comment_status":"","ping_status":"","sticky":false,"template":"","format":"standard","meta":{"footnotes":"","_share_on_mastodon":"0"},"categories":[14],"tags":[56,61195,32,33,44,27,6909,34,35,28,31,48,25,46,40,41,47,80,29,30,71,26,82,83,84],"class_list":["post-567679","post","type-post","status-publish","format-standard","has-post-thumbnail","category-swiat","tag-article_premium","tag-bottomfeed_styl","tag-breaking-news","tag-breakingnews","tag-donald_trump","tag-headlines","tag-j_d_vance","tag-latest-news","tag-latestnews","tag-naglowki","tag-najwazniejsze-artykuly","tag-nat_styl","tag-news","tag-omp","tag-polish","tag-polski","tag-screening_general","tag-swiat","tag-top-stories","tag-topstories","tag-usa","tag-wiadomosci","tag-world","tag-world-news","tag-worldnews"],"share_on_mastodon":{"url":"https:\/\/pubeurope.com\/@pl\/116951963728988590","error":""},"_links":{"self":[{"href":"https:\/\/www.europesays.com\/pl\/wp-json\/wp\/v2\/posts\/567679","targetHints":{"allow":["GET"]}}],"collection":[{"href":"https:\/\/www.europesays.com\/pl\/wp-json\/wp\/v2\/posts"}],"about":[{"href":"https:\/\/www.europesays.com\/pl\/wp-json\/wp\/v2\/types\/post"}],"author":[{"embeddable":true,"href":"https:\/\/www.europesays.com\/pl\/wp-json\/wp\/v2\/users\/2"}],"replies":[{"embeddable":true,"href":"https:\/\/www.europesays.com\/pl\/wp-json\/wp\/v2\/comments?post=567679"}],"version-history":[{"count":0,"href":"https:\/\/www.europesays.com\/pl\/wp-json\/wp\/v2\/posts\/567679\/revisions"}],"wp:featuredmedia":[{"embeddable":true,"href":"https:\/\/www.europesays.com\/pl\/wp-json\/wp\/v2\/media\/567680"}],"wp:attachment":[{"href":"https:\/\/www.europesays.com\/pl\/wp-json\/wp\/v2\/media?parent=567679"}],"wp:term":[{"taxonomy":"category","embeddable":true,"href":"https:\/\/www.europesays.com\/pl\/wp-json\/wp\/v2\/categories?post=567679"},{"taxonomy":"post_tag","embeddable":true,"href":"https:\/\/www.europesays.com\/pl\/wp-json\/wp\/v2\/tags?post=567679"}],"curies":[{"name":"wp","href":"https:\/\/api.w.org\/{rel}","templated":true}]}}