{"id":567805,"date":"2026-07-20T12:27:07","date_gmt":"2026-07-20T12:27:07","guid":{"rendered":"https:\/\/www.europesays.com\/pl\/567805\/"},"modified":"2026-07-20T12:27:07","modified_gmt":"2026-07-20T12:27:07","slug":"gromy-na-sedziego-finalu-ms-2026-pozwolil-argentynczykom-na-zbyt-wiele-2","status":"publish","type":"post","link":"https:\/\/www.europesays.com\/pl\/567805\/","title":{"rendered":"Gromy na s\u0119dziego fina\u0142u M\u015a 2026. &#8222;Pozwoli\u0142 Argenty\u0144czykom na zbyt wiele&#8221;"},"content":{"rendered":"\n<p class=\"contentpart contentpart--default contentpart--text\" data-position=\"0\">Nominacja Slavko Vincicia na s\u0119dziego g\u0142\u00f3wnego fina\u0142u M\u015a 2026 wzbudzi\u0142a kontrowersje. Tak\u017ce w Polsce, bo pami\u0119tamy, jak S\u0142oweniec prowadzi\u0142 fina\u0142 bara\u017cy o awans do mundialu Szwecja &#8211; Polska.<\/p>\n<p class=\"contentpart contentpart--default contentpart--text\" data-position=\"1\">R\u00f3wnie\u017c dlatego, \u017ce do ko\u0144ca w grze o fina\u0142 turnieju &#8211; teoretycznie &#8211; liczy\u0142 si\u0119 Szymon Marciniak. Pierluigi Collina mo\u017ce \u017ca\u0142owa, \u017ce wytypowa\u0142 Vincicia do poprowadzenia spotkania o z\u0142oto.<\/p>\n<p>  <img decoding=\"async\" src=\"https:\/\/v.wpimg.pl\/X3dwLnN2d1IFFTpdYUl6R0ZNbgcnEHQREVV2TGEGbUtRT2MdOlZ2RBQUKABgQjQcDRotCStBd1IAAWMeIlM7VgwYIAorQAdEFFk_GCkQJQ\" alt=\"\" width=\"45\" height=\"58\" loading=\"lazy\"\/>  <\/p>\n<p class=\"contentpart contentpart--default contentpart--text\" data-position=\"2\">&#8211; Jak ukaza\u0142a si\u0119 obsadza, s\u0105dzi\u0142em, \u017ce Slavko Vinci\u0107 ud\u017awignie ten mecz, ale niestety tak si\u0119 nie sta\u0142o &#8211; przyzna\u0142 w &#8222;Studiu Mundial\u201d Adam Lyczma\u0144ski.<\/p>\n<p class=\"contentpart contentpart--default contentpart--text\" data-position=\"3\">&#8211; Nie mam poj\u0119cia, co zadecydowa\u0142o o nominacji dla Vincicia. Tym bardziej patrz\u0105c na poprzedni jego mecz, w kt\u00f3rym grubo si\u0119 pomyli\u0142, nie dyktuj\u0105c rzutu karnego. Mo\u017cemy domniemywa\u0107, \u017ce kwestie polityczne &#8211; doda\u0142 s\u0119dziowski ekspert.<\/p>\n<p class=\"contentpart contentpart--default contentpart--text\" data-position=\"4\">&#8211; Mia\u0142em nadziej\u0119, \u017ce po finale nie b\u0119dziemy m\u00f3wi\u0107 o s\u0119dziowaniu, a m\u00f3wi\u0107 musimy, cho\u0107 na plus jest to, \u017ce nie wypaczy\u0142 wyniku meczu &#8211; zauwa\u017cy\u0142 Lyczma\u0144ski, kt\u00f3ry przygotowa\u0142 ca\u0142\u0105 litani\u0119 pomy\u0142ek arbitra ze S\u0142owenii i jego zespo\u0142u.<\/p>\n<p class=\"contentpart contentpart--default contentpart--text\" data-position=\"5\">&#8211; Jego taktyka na prowadzenie spotkania by\u0142a nietrafiona i sztuk\u0105 jest j\u0105 zmieni\u0107, gdy nie idzie. Vinci\u0107 tego nie wyczu\u0142. Chaotycznie zarz\u0105dza\u0142 meczem. Pozwoli\u0142 Argenty\u0144czykom na zbyt wiele i oni z nim wygrali &#8211; zauwa\u017cy\u0142 Lyczma\u0144ski<\/p>\n","protected":false},"excerpt":{"rendered":"Nominacja Slavko Vincicia na s\u0119dziego g\u0142\u00f3wnego fina\u0142u M\u015a 2026 wzbudzi\u0142a kontrowersje. Tak\u017ce w Polsce, bo pami\u0119tamy, jak S\u0142oweniec&hellip;\n","protected":false},"author":2,"featured_media":567806,"comment_status":"","ping_status":"","sticky":false,"template":"","format":"standard","meta":{"footnotes":"","_share_on_mastodon":"0"},"categories":[24],"tags":[3037,9090,269,42,38,40,39,41,127,126,97570],"class_list":["post-567805","post","type-post","status-publish","format-standard","has-post-thumbnail","category-sport","tag-mistrzostwa-swiata","tag-mistrzostwa-swiata-2026","tag-pilka-nozna","tag-pl","tag-poland","tag-polish","tag-polska","tag-polski","tag-sport","tag-sports","tag-studio-mundial"],"share_on_mastodon":{"url":"https:\/\/pubeurope.com\/@pl\/116952305527757756","error":""},"_links":{"self":[{"href":"https:\/\/www.europesays.com\/pl\/wp-json\/wp\/v2\/posts\/567805","targetHints":{"allow":["GET"]}}],"collection":[{"href":"https:\/\/www.europesays.com\/pl\/wp-json\/wp\/v2\/posts"}],"about":[{"href":"https:\/\/www.europesays.com\/pl\/wp-json\/wp\/v2\/types\/post"}],"author":[{"embeddable":true,"href":"https:\/\/www.europesays.com\/pl\/wp-json\/wp\/v2\/users\/2"}],"replies":[{"embeddable":true,"href":"https:\/\/www.europesays.com\/pl\/wp-json\/wp\/v2\/comments?post=567805"}],"version-history":[{"count":0,"href":"https:\/\/www.europesays.com\/pl\/wp-json\/wp\/v2\/posts\/567805\/revisions"}],"wp:featuredmedia":[{"embeddable":true,"href":"https:\/\/www.europesays.com\/pl\/wp-json\/wp\/v2\/media\/567806"}],"wp:attachment":[{"href":"https:\/\/www.europesays.com\/pl\/wp-json\/wp\/v2\/media?parent=567805"}],"wp:term":[{"taxonomy":"category","embeddable":true,"href":"https:\/\/www.europesays.com\/pl\/wp-json\/wp\/v2\/categories?post=567805"},{"taxonomy":"post_tag","embeddable":true,"href":"https:\/\/www.europesays.com\/pl\/wp-json\/wp\/v2\/tags?post=567805"}],"curies":[{"name":"wp","href":"https:\/\/api.w.org\/{rel}","templated":true}]}}