{"id":567867,"date":"2026-07-20T13:01:11","date_gmt":"2026-07-20T13:01:11","guid":{"rendered":"https:\/\/www.europesays.com\/pl\/567867\/"},"modified":"2026-07-20T13:01:11","modified_gmt":"2026-07-20T13:01:11","slug":"sondaz-karol-nawrocki-liderem-tusk-ma-powody-do-obaw","status":"publish","type":"post","link":"https:\/\/www.europesays.com\/pl\/567867\/","title":{"rendered":"Sonda\u017c: Karol Nawrocki liderem. Tusk ma powody do obaw"},"content":{"rendered":"\n<p>&#13;<br \/>\nZ nowego sonda\u017cu CBOS wynika, \u017ce\u00a0prezydent Karol Nawrocki <a href=\"https:\/\/dorzeczy.pl\/kraj\/906538\/sondaz-zaufania-nawrocki-liderem-wszech-czasow.html\" rel=\"nofollow noopener\" target=\"_blank\">jest niekwestionowanym liderem rankingu zaufania do\u00a0polityk\u00f3w.<\/a> Prezydentowi ufa 53 proc. badanych. Nieufno\u015b\u0107 wobec prezydenta wyra\u017ca 33 proc. ankietowanych, a\u00a09 proc. deklaruje oboj\u0119tno\u015b\u0107. W\u00a0por\u00f3wnaniu z\u00a0czerwcem Karol Nawrocki odnotowa\u0142 wzrost zaufania o\u00a02 proc. &#13;\n<\/p>\n<p>Karol Nawrocki liderem zaufania. Kosiniak-Kamysz i\u00a0Sikorski na\u00a0podium<\/p>\n<p>&#13;<br \/>\nNa drugim miejscu znalaz\u0142 si\u0119 wicepremier, szef MON, W\u0142adys\u0142aw Kosiniak-Kamysz, kt\u00f3remu ufa 41 proc. 32 proc. wyra\u017ca nieufno\u015b\u0107, za\u015b\u00a016 proc. \u2013\u00a0oboj\u0119tno\u015b\u0107. &#13;\n<\/p>\n<p>&#13;<br \/>\nPodium zamyka wicepremier i\u00a0szef MSZ Rados\u0142aw Sikorski. Szefowi polskiej dyplomacji 41 proc. badanych. Nieufno\u015b\u0107 wobec Rados\u0142awa Sikorskiego deklaruje 26 proc., a\u00a012 proc. \u2013\u00a0oboj\u0119tno\u015b\u0107. &#13;\n<\/p>\n<p>Krzysztof Bosak awansowa\u0142 na\u00a0czwarte miejsce<\/p>\n<p>&#13;<br \/>\nKrzysztof Bosak, wsp\u00f3\u0142lider Konfederacji i\u00a0wicemarsza\u0142ek Sejmu <a href=\"https:\/\/dorzeczy.pl\/opinie\/916198\/pakt-senacki-prawicy-bosak-rozmawial-o-tym-z-nawrockim.html\" rel=\"nofollow noopener\" target=\"_blank\">zajmuje czwarte miejsce.<\/a> Ufa mu 38 proc. badanych, a\u00a031 proc. deklaruje nieufno\u015b\u0107 wobec Krzysztofa Bosaka. &#13;\n<\/p>\n<p>Spadek zaufania do\u00a0Tuska i\u00a0Trzaskowskiego<\/p>\n<p>&#13;<br \/>\nW lipcu wyra\u017ane pogorszy\u0142y si\u0119 notowania premiera Donalda Tuska i\u00a0prezydent Warszawy Rafa\u0142a Trzaskowskiego. Donaldowi Tuskowi ufa 32 proc. badanych. To\u00a0spadek w\u00a0por\u00f3wnaniu z\u00a0czerwcem o\u00a06 pkt proc. Nieufno\u015b\u0107 wobec premiera wyrazi\u0142o 53 proc. badanych (5 pkt proc. wi\u0119cej ni\u017c\u00a0przed miesi\u0105cem). &#13;\n<\/p>\n<p>&#13;<br \/>\nZaufanie wobec Rafa\u0142a Trzaskowskiego wyra\u017ca 34 proc. ankietowanych (6 pkt proc. mniej ni\u017c\u00a0w\u00a0czerwcu). Nieufno\u015b\u0107 do\u00a0prezydenta Warszawy deklaruje 48 proc. badanych (5 proc. wi\u0119cej w\u00a0por\u00f3wnaniu z\u00a0czerwcem). &#13;\n<\/p>\n<p>Sonda\u017c zaufania CBOS. Jak wypadli inni politycy?<\/p>\n<p>&#13;<br \/>\nLider Konfederacji Korony Polskiej Grzegorz Braun odnotowuje zaufanie na\u00a0poziomie 25 proc. ankietowanych i\u00a0nieufno\u015b\u0107 na\u00a0poziomie 51 proc. &#13;\n<\/p>\n<p>&#13;<br \/>\nAdrianowi Zandbergowi z\u00a0Partii Razem ufa 32 proc. respondent\u00f3w (wzrost o\u00a02 pkt proc.), 26 proc. obdarza go\u00a0nieufno\u015bci\u0105 (wzrost o\u00a01 pkt proc.). &#13;\n<\/p>\n<p>&#13;<br \/>\nNa tym samym miejscu pod\u00a0wzgl\u0119dem poziomu zaufania lokuje si\u0119 jeden z\u00a0lider\u00f3w Konfederacji, S\u0142awomir Mentzen, kt\u00f3remu wprawdzie ufa 32 proc. (spadek o\u00a02 pkt proc.). Deklarowana nieufno\u015b\u0107 do\u00a0S\u0142awomira Mentzena wynosi 40 proc. &#13;\n<\/p>\n<p>&#13;<br \/>\nMarsza\u0142ka Sejmu, przewodnicz\u0105cego Nowej Lewicy W\u0142odzimierza Czarzastego darzy zaufaniem 29 proc. respondent\u00f3w, a\u00a039 proc. mu nie\u00a0ufa. Marsza\u0142ek Senatu Ma\u0142gorzata Kidawa-B\u0142o\u0144ska cieszy si\u0119 zaufaniem 25 proc. badanych, za\u015b\u00a0nieufno\u015b\u0107 wobec niej wyra\u017ca 35 proc. &#13;\n<\/p>\n<p>&#13;<br \/>\nZaufanie do\u00a0by\u0142ego premiera, wiceprezesa PiS Mateusza Morawieckiego deklaruje 29 proc. (spadek o\u00a01 pkt proc.), a\u00a050 proc. deklaruje brak zaufania do\u00a0by\u0142ego szefa rz\u0105du. &#13;\n<\/p>\n<p>&#13;<br \/>\n27 proc. (wzrost o\u00a01 pkt proc.) ufa prezesowi PiS Jaros\u0142awowi Kaczy\u0144skiemu, za\u015b\u00a054 proc. deklaruje do\u00a0niego nieufno\u015b\u0107. &#13;\n<\/p>\n<p>&#13;<br \/>\nWiceprezes PiS Przemys\u0142aw Czarnek, kandydat partii na\u00a0premiera, cieszy si\u0119 zaufaniem 24 proc. badanych. Nieufno\u015b\u0107 wobec niego deklaruje 51 proc. O\u00a01 pkt proc. wros\u0142a grupa ankietowanych deklaruj\u0105cych zaufanie w\u00a0por\u00f3wnaniu z\u00a0badaniem z\u00a0czerwca. &#13;\n<\/p>\n<p>&#13;<br \/>\nSonda\u017c CBOS przeprowadzono na\u00a0reprezentatywnej imiennej pr\u00f3bie pe\u0142noletnich mieszka\u0144c\u00f3w Polski, wylosowanej z\u00a0rejestru PESEL, licz\u0105cej 938 os\u00f3b i\u00a0zrealizowano je\u00a0od\u00a02 do\u00a012 lipca 2026 roku. &#13;\n<\/p>\n<p>&#13;<br \/>\n   Czytaj te\u017c:<br \/><a href=\"https:\/\/dorzeczy.pl\/opinie\/912835\/sondaz-polacy-ocenili-prezydenta-nawrockiego.html\" rel=\"follow nofollow noopener\" data-schema=\"DORZECZY\" data-image=\"https:\/\/img.dorzeczy.pl\/_thumb\/71\/b2\/60dc6c68f51e30f1f0f0b723221e.jpeg\" target=\"_blank\">Sonda\u017c: Polacy ocenili Nawrockiego<\/a>   Czytaj te\u017c:<br \/><a href=\"https:\/\/dorzeczy.pl\/kraj\/912421\/sondaz-ktoremu-prezydentowi-polacy-ufaja-najbardziej.html\" rel=\"follow nofollow noopener\" data-schema=\"DORZECZY\" data-image=\"https:\/\/img.dorzeczy.pl\/_thumb\/bc\/1f\/e8803f42430c06d3cf91dbe72653.jpeg\" target=\"_blank\">Kt\u00f3remu prezydentowi Polacy ufaj\u0105 najbardziej? Niekwestionowany lider sonda\u017cu<\/a> &#13;<\/p>\n","protected":false},"excerpt":{"rendered":"&#13; Z nowego sonda\u017cu CBOS wynika, \u017ce\u00a0prezydent Karol Nawrocki jest niekwestionowanym liderem rankingu zaufania do\u00a0polityk\u00f3w. Prezydentowi ufa 53&hellip;\n","protected":false},"author":2,"featured_media":567868,"comment_status":"","ping_status":"","sticky":false,"template":"","format":"standard","meta":{"footnotes":"","_share_on_mastodon":"0"},"categories":[62713],"tags":[13658,1345,98,690,49,4467,102,4046,2837,366,111956,72823,6525],"class_list":["post-567867","post","type-post","status-publish","format-standard","has-post-thumbnail","category-donald-tusk","tag-cbos","tag-donald-tusk","tag-dorzeczy","tag-karol-nawrocki","tag-kraj","tag-krzysztof-bosak","tag-opinie","tag-radoslaw-sikorski","tag-rafal-trzaskowski","tag-sondaz","tag-sondaz-cbos","tag-sondaz-zaufania","tag-wladyslaw-kosiniak-kamysz"],"share_on_mastodon":{"url":"https:\/\/pubeurope.com\/@pl\/116952438472995256","error":""},"_links":{"self":[{"href":"https:\/\/www.europesays.com\/pl\/wp-json\/wp\/v2\/posts\/567867","targetHints":{"allow":["GET"]}}],"collection":[{"href":"https:\/\/www.europesays.com\/pl\/wp-json\/wp\/v2\/posts"}],"about":[{"href":"https:\/\/www.europesays.com\/pl\/wp-json\/wp\/v2\/types\/post"}],"author":[{"embeddable":true,"href":"https:\/\/www.europesays.com\/pl\/wp-json\/wp\/v2\/users\/2"}],"replies":[{"embeddable":true,"href":"https:\/\/www.europesays.com\/pl\/wp-json\/wp\/v2\/comments?post=567867"}],"version-history":[{"count":0,"href":"https:\/\/www.europesays.com\/pl\/wp-json\/wp\/v2\/posts\/567867\/revisions"}],"wp:featuredmedia":[{"embeddable":true,"href":"https:\/\/www.europesays.com\/pl\/wp-json\/wp\/v2\/media\/567868"}],"wp:attachment":[{"href":"https:\/\/www.europesays.com\/pl\/wp-json\/wp\/v2\/media?parent=567867"}],"wp:term":[{"taxonomy":"category","embeddable":true,"href":"https:\/\/www.europesays.com\/pl\/wp-json\/wp\/v2\/categories?post=567867"},{"taxonomy":"post_tag","embeddable":true,"href":"https:\/\/www.europesays.com\/pl\/wp-json\/wp\/v2\/tags?post=567867"}],"curies":[{"name":"wp","href":"https:\/\/api.w.org\/{rel}","templated":true}]}}