{"id":567991,"date":"2026-07-20T14:16:17","date_gmt":"2026-07-20T14:16:17","guid":{"rendered":"https:\/\/www.europesays.com\/pl\/567991\/"},"modified":"2026-07-20T14:16:17","modified_gmt":"2026-07-20T14:16:17","slug":"david-beckham-zabral-glos-po-finale-ms-jasniej-sie-nie-da-przeglad-sportowy","status":"publish","type":"post","link":"https:\/\/www.europesays.com\/pl\/567991\/","title":{"rendered":"David Beckham zabra\u0142 g\u0142os po finale M\u015a. Ja\u015bniej si\u0119 nie da &#8211; Przegl\u0105d Sportowy"},"content":{"rendered":"<ol>\n<li><a href=\"https:\/\/news.google.com\/rss\/articles\/CBMizwFBVV95cUxQaS1OLTZaUUZFVGRrNE5SWjdIV0xtSlR0blJIZXg5T1k5M0VKSDFieXd6M1ZoUEpPVHY3QVhaWnY2RkNRT0VKVHV2NVF1ZHBUUEpaNmlPd2RvWC1MMUNIS0pBeV8wMWJYSE56TjdkUWU0dEhCNVJ0OVEwSDFra0tDVzY2Ukt6ck1KMG02STRCN053WUZuWmJCU1BZV2VxXzBBeFI1S0t3U1BPWmpyWnlfR1llTkxOcXRua0J3ckwyTGRhYWtBVUdEY1lrLVlZTGM?oc=5\" target=\"_blank\" rel=\"nofollow noopener\">David Beckham zabra\u0142 g\u0142os po finale M\u015a. Ja\u015bniej si\u0119 nie da<\/a>&nbsp;&nbsp;Przegl\u0105d Sportowy<\/li>\n<li><a href=\"https:\/\/news.google.com\/rss\/articles\/CBMivwFBVV95cUxPOW9GRVJWdEs5Qll5VFpKMWRncm1neUlaYkMzemN1a3JSVUxCbFhaRjB3WkFPd3lqOGppcmE2Ykw3LUVLczdYcUN4ZzhuMndDMGhnMzRVSERZSXJ5a2owT18wQXVfRXVYT1dNcS16WEdRUnRKTHV3elF4T1dESE9kR1pRX2V6Zl9PR1FaZEJvbm9STlNURjBoeVNqU2NlY1l2NTJ3aGpZbDZtUlNSVVRrS3ZvWmM2WHpKdzQ1ZnBLMA?oc=5\" target=\"_blank\" rel=\"nofollow noopener\">Szale\u0144stwo po powrocie Hiszpanii z mundialu. To dzia\u0142o si\u0119 po wyl\u0105dowaniu<\/a>&nbsp;&nbsp;Interia Sport<\/li>\n<li><a href=\"https:\/\/news.google.com\/rss\/articles\/CBMiwAFBVV95cUxOSUx2VUJmNUNYWWhETFFQZDFIQWZDMFdCVUw1SXRGeXRyWk1NcmUwbDhxSEs3aHp1Q05wVnd5amd1YmlJcEJuM0RPNDJxOHd2NXRNUVJ5UlpJdmFpOHVrUE1qMXdnU2VZd1hBNkp2Y1hldkVZcUd2NVlvcFFZR05sd2l0VG9rNDFUT3ZxVXNpY2tUdzJ3LUtPa2hadFNCWEd5TEVYOEhpeFdBMTAyWHpaZmhNTEpjY1ZUZkczYVVCa1M?oc=5\" target=\"_blank\" rel=\"nofollow noopener\">Szale\u0144stwo w Hiszpanii po mundialu. Polka opowiedzia\u0142a, co si\u0119 dzia\u0142o<\/a>&nbsp;&nbsp;Fakt<\/li>\n<li><a href=\"https:\/\/news.google.com\/rss\/articles\/CBMisAFBVV95cUxQc2p4TkdOcDBhX2FFZDJBcWhzLVpDbVZfejJienRJS3E0Y0NNQ3NvNTl0X3lCaVBLTFNoVmlIZmY5dkpsZ0JNaEhPdmxPY29zNXNqOHpEWTV0QXJVX0dKaVFCdUZHb1J5a19lRXlmbzdoMjV5R1RWNmVOZTA1c2JyeTRRX0FpSnlWeWpfTnM0ZEE0UklrZE9heWFybjNfMGNieE5WRXpINGxpM3lfYlUwQQ?oc=5\" target=\"_blank\" rel=\"nofollow noopener\">\u201eBy\u0142em mocno krytykowany&#8221;. Ferran Torres odpowiedzia\u0142 golem na wag\u0119 tytu\u0142u<\/a>&nbsp;&nbsp;RMF24<\/li>\n<li><a href=\"https:\/\/news.google.com\/rss\/articles\/CBMiugJBVV95cUxPbm51MjZiVU9DOXZHQkhaODZpaDVJdF92OU9YZTJRUml3MTFYUTlJWUpkbGtBcG41a2NUVkM4RElyc3dPUGN2cVNCYThhQ3l5eE9PLWJONy0tV1h4UzRDdk9PUGdtRzIyb0tDd3Y1b21wYk5VTl94cEVDWlRwUjB1TVFBdnZVRlJfM1hzSHNLQnNrRkMyWVZsOVRFb0phOW5jLVJueXRUT2FLQUlwdF9FT0pfMHIwQy1ielhSeXdhQ0xiUjhudGVHSEJtdWwtLU9JZUxxVkRlYTZOcmpoaDNZdXFLeVJWbnBjaXc2TURybTlva1Zab19MMFktcEszbm9vT1oyU1R6RUM3TTRSUmVLcUloTlFYemNHN2d0UFM1Tm1SMS1MRTdhbTN2dWR3dGl5SmF0SlI3UHdrUQ?oc=5\" target=\"_blank\" rel=\"nofollow noopener\">Powitanie mistrz\u00f3w \u015bwiata. Madryt szykuje wielk\u0105 fiest\u0119<\/a>&nbsp;&nbsp;Eurosport Polska<\/li>\n<\/ol>\n","protected":false},"excerpt":{"rendered":"David Beckham zabra\u0142 g\u0142os po finale M\u015a. Ja\u015bniej si\u0119 nie da&nbsp;&nbsp;Przegl\u0105d Sportowy Szale\u0144stwo po powrocie Hiszpanii z mundialu.&hellip;\n","protected":false},"author":2,"featured_media":567992,"comment_status":"","ping_status":"","sticky":false,"template":"","format":"standard","meta":{"footnotes":"","_share_on_mastodon":"0"},"categories":[24],"tags":[968,61195,9400,267,7409,11781,48,46,948,42,38,40,39,41,47,127,126,130],"class_list":["post-567991","post","type-post","status-publish","format-standard","has-post-thumbnail","category-sport","tag-argentyna","tag-bottomfeed_styl","tag-david_beckham","tag-hiszpania","tag-mistrzostwa_swiata_2026","tag-mundial_2026","tag-nat_styl","tag-omp","tag-pilka_nozna","tag-pl","tag-poland","tag-polish","tag-polska","tag-polski","tag-screening_general","tag-sport","tag-sports","tag-wiadomosci_sportowe"],"share_on_mastodon":{"url":"https:\/\/pubeurope.com\/@pl\/116952733143261734","error":""},"_links":{"self":[{"href":"https:\/\/www.europesays.com\/pl\/wp-json\/wp\/v2\/posts\/567991","targetHints":{"allow":["GET"]}}],"collection":[{"href":"https:\/\/www.europesays.com\/pl\/wp-json\/wp\/v2\/posts"}],"about":[{"href":"https:\/\/www.europesays.com\/pl\/wp-json\/wp\/v2\/types\/post"}],"author":[{"embeddable":true,"href":"https:\/\/www.europesays.com\/pl\/wp-json\/wp\/v2\/users\/2"}],"replies":[{"embeddable":true,"href":"https:\/\/www.europesays.com\/pl\/wp-json\/wp\/v2\/comments?post=567991"}],"version-history":[{"count":0,"href":"https:\/\/www.europesays.com\/pl\/wp-json\/wp\/v2\/posts\/567991\/revisions"}],"wp:featuredmedia":[{"embeddable":true,"href":"https:\/\/www.europesays.com\/pl\/wp-json\/wp\/v2\/media\/567992"}],"wp:attachment":[{"href":"https:\/\/www.europesays.com\/pl\/wp-json\/wp\/v2\/media?parent=567991"}],"wp:term":[{"taxonomy":"category","embeddable":true,"href":"https:\/\/www.europesays.com\/pl\/wp-json\/wp\/v2\/categories?post=567991"},{"taxonomy":"post_tag","embeddable":true,"href":"https:\/\/www.europesays.com\/pl\/wp-json\/wp\/v2\/tags?post=567991"}],"curies":[{"name":"wp","href":"https:\/\/api.w.org\/{rel}","templated":true}]}}