{"id":568044,"date":"2026-07-20T14:47:14","date_gmt":"2026-07-20T14:47:14","guid":{"rendered":"https:\/\/www.europesays.com\/pl\/568044\/"},"modified":"2026-07-20T14:47:14","modified_gmt":"2026-07-20T14:47:14","slug":"izrael-przed-historycznym-wyborem-emerytowany-general-moze-zakonczyc-ere-bibiego","status":"publish","type":"post","link":"https:\/\/www.europesays.com\/pl\/568044\/","title":{"rendered":"Izrael przed historycznym wyborem. Emerytowany genera\u0142 mo\u017ce zako\u0144czy\u0107 er\u0119 &#8222;Bibiego&#8221;"},"content":{"rendered":"<p>Dla Binjamina &#8222;Bibiego&#8221; Netanjahu 27 pa\u017adziernika b\u0119dzie dniem, w kt\u00f3rym rozstrzygnie si\u0119 wszystko: jego w\u0142adza, dziedzictwo i wolno\u015b\u0107 osobista. Zbli\u017caj\u0105ce si\u0119 wybory do Knesetu nie s\u0105 zwyk\u0142\u0105 rywalizacj\u0105 polityczn\u0105, lecz historycznym g\u0142osowaniem decyduj\u0105cym o losie kraju. Po prawie trzech latach \u017cycia w stanie permanentnej wojny Izrael stoi przed prze\u0142omowym wyborem.<\/p>\n<p>Polityczne przetrwanie wieloletniego premiera wisi na w\u0142osku. Aktualne prognozy wskazuj\u0105 bowiem, \u017ce prawicowo-konserwatywnej partii Likud Netanjahu grozi powa\u017cna pora\u017cka. Jej najgro\u017aniejszym rywalem jest by\u0142y szef sztabu generalnego Si\u0142 Obronnych Izraela Gadi Eisenkot, kt\u00f3rego polityka mog\u0142aby zmieni\u0107 sytuacj\u0119 na Bliskim Wschodzie.<\/p>\n<p>Eisenkot, dzi\u0119ki swojej nowo za\u0142o\u017conej, centrystycznej partii Jaszar odnotowa\u0142 b\u0142yskawiczny wzrost popularno\u015bci i w kr\u00f3tkim czasie wyprzedzi\u0142 urz\u0119duj\u0105cego premiera w r\u00f3\u017cnych sonda\u017cach wyborczych.<\/p>\n<p>Inni znani rywale, tacy jak koalicja skupiona wok\u00f3\u0142 Naftalego Bennetta i Jaira Lapida, a tak\u017ce lewica polityczna, pozostaj\u0105 obecnie daleko w tyle.<\/p>\n<p>     &#8222;Uosabia wszystko to, czego brakuje Netanjahu&#8221;<\/p>\n<p>W ten spos\u00f3b w ko\u0144cowej fazie wszystko sprowadza si\u0119 do bezpo\u015bredniego pojedynku mi\u0119dzy Netanjahu a emerytowanym dow\u00f3dc\u0105 si\u0142 zbrojnych. Dla wielu niezadowolonych obywateli Eisenkot uosabia idealne antidotum na &#8222;Bibiego&#8221; Netanjahu. Podczas gdy urz\u0119duj\u0105cy premier uchodzi za b\u0142yskotliwego retorycznie, ale wysoce manipulacyjnego taktyka, jego konkurent zdobywa punkty dzi\u0119ki spokojnej, praktycznej postawie, autentyczno\u015bci i uczciwo\u015bci.<\/p>\n<p>     <img class=\"ods-a-photo ods-a-photo--background\" src=\"https:\/\/www.europesays.com\/pl\/wp-content\/uploads\/2026\/07\/aDBk9lBaHR0cHM6Ly9vY2RuLmV1L3B1bHNjbXMvTURBXy9kOWMxOTg1NjE2NjM2MTlkMTA3OTg5NDg4MGU5NGVhZS5qcGeRkwXNB.jpeg\" height=\"530\" width=\"940\" alt=\"By\u0142y szef sztabu generalnego armii izraelskiej Gadi Eisenkot w Herzlii, 24 czerwca 2024 r.\" loading=\"lazy\" fetchpriority=\"auto\" decoding=\"auto\"\/>    <\/p>\n<p>GIL COHEN-MAGEN \/ AFP \/ AFP<\/p>\n<p>  By\u0142y szef sztabu generalnego armii izraelskiej Gadi Eisenkot w Herzlii, 24 czerwca 2024 r.  <\/p>\n<p>Eisenkot straci\u0142 podczas wojny w Strefie Gazy swojego syna Gala oraz dw\u00f3ch bratank\u00f3w \u2014 podczas gdy synowie Netanjahu nie brali udzia\u0142u w walkach. Politolo\u017cka Gayil Talshir z Uniwersytetu Hebrajskiego w Jerozolimie stwierdza w &#8222;Times of Israel&#8221;, \u017ce &#8222;Gadi uosabia wszystko to, czego brakuje Netanjahu&#8221;.<\/p>\n<p>Eisenkot pochodzi ze skromnej rodziny robotniczej o maroka\u0144skich korzeniach. Jego nazwisko brzmia\u0142o pierwotnie Azencot i zosta\u0142o zmienione podczas imigracji na brzmi\u0105ce po niemiecku Eisenkot.<\/p>\n<p>K\u0142opoty z Netanjahu<\/p>\n<p>Dzie\u0144 wybor\u00f3w stanie si\u0119 bezlitosnym rozliczeniem z Netanjahu. Lista powod\u00f3w do frustracji jest d\u0142uga: wielu Izraelczyk\u00f3w zarzuca premierowi celowe blokowanie niezale\u017cnego \u015bledztwa w sprawie katastrofalnej pora\u017cki s\u0142u\u017cb bezpiecze\u0144stwa podczas ataku Hamasu z 7 pa\u017adziernika 2023 r. Wed\u0142ug jego krytyk\u00f3w motywem tego post\u0119powania jest konieczno\u015b\u0107 utrzymania za wszelk\u0105 cen\u0119 w koalicji skrajnie prawicowych partner\u00f3w, poniewa\u017c w przypadku utraty w\u0142adzy grozi mu kara wi\u0119zienia w tocz\u0105cym si\u0119 procesie o korupcj\u0119.<\/p>\n<p> &#8222;Nie da si\u0119 tego naprawi\u0107 kosztown\u0105 kampani\u0105 lobbingow\u0105&#8221;. Jak Izrael walczy o swoj\u0105 reputacj\u0119 w USA   <img class=\"ods-a-photo ods-a-photo--background\" src=\"https:\/\/www.europesays.com\/pl\/wp-content\/uploads\/2026\/07\/V-nk9lBaHR0cHM6Ly9vY2RuLmV1L3B1bHNjbXMvTURBXy9hMzM3NDRiYTAwZTMyZmJmYjQyNWNkODQ0MGJiMmFhNi5qcGeRlQLNA.jpeg\" height=\"303\" width=\"450\" alt=\"Prezydent USA Donald Trump i premier Izraela Binjamin Netanjahu w Waszyngtonie, 29 wrze\u015bnia 2025 r.\" loading=\"lazy\" fetchpriority=\"low\" decoding=\"async\"\/>  <\/p>\n<p>Te wewn\u0119trzne walki polityczne nadszarpn\u0119\u0142y r\u00f3wnie\u017c najwa\u017cniejsze strategiczne zabezpieczenie Izraela: sojusz ze Stanami Zjednoczonymi. Jak g\u0142\u0119bokie s\u0105 obecnie p\u0119kni\u0119cia w tym partnerstwie, pokaza\u0142o \u015brodowe g\u0142osowanie w Izbie Reprezentant\u00f3w USA, kiedy to 103 demokratycznych kongresman\u00f3w zag\u0142osowa\u0142o przeciwko kontynuacji regularnej pomocy wojskowej USA dla Izraela, a kolejnych 10 wstrzyma\u0142o si\u0119 od g\u0142osu.<\/p>\n<p>To, \u017ce 3,3 mld dol. (12 mld 509 mln z\u0142) na nast\u0119pny rok bud\u017cetowy zosta\u0142o w og\u00f3le przyznane, Izrael zawdzi\u0119cza g\u0142osom Republikan\u00f3w. Pod nowym kierownictwem te nadwyr\u0119\u017cone stosunki z Waszyngtonem nale\u017cy pilnie naprawi\u0107.<\/p>\n<p>Twarda r\u0119ka Eisenkota<\/p>\n<p>Po wyczerpuj\u0105cych latach wojny wielu Izraelczyk\u00f3w pragnie jasnej i zorientowanej na przysz\u0142o\u015b\u0107 strategii bezpiecze\u0144stwa zamiast nieko\u0144cz\u0105cej si\u0119 wojny bez jasnej koncepcji. Eisenkot nie jest bynajmniej go\u0142\u0119biem pokoju. Wr\u0119cz przeciwnie: jest on duchowym ojcem tak zwanej doktryny Dahiji. Ta koncepcja wojskowa opiera si\u0119 na bezkompromisowym odstraszaniu poprzez asymetryczn\u0105, ekstremaln\u0105 si\u0142\u0119 niszcz\u0105c\u0105. Je\u015bli wr\u00f3g zaatakuje, Izrael zgodnie z t\u0105 doktryn\u0105 reaguje celowo surowo na ca\u0142\u0105 infrastruktur\u0119 przeciwnika, aby natychmiast pozbawi\u0107 go wszelkiej si\u0142y i motywacji do dalszych atak\u00f3w.<\/p>\n<p> Dalszy ci\u0105g artyku\u0142u pod materia\u0142em wideo <\/p>\n<p>Jako wojskowy zwolennik twardej linii Eisenkot r\u00f3wnie\u017c wyka\u017ce si\u0119 \u017celazn\u0105 determinacj\u0105 wobec Teheranu i jego sojusznik\u00f3w w Libanie oraz Jemenie. Przywr\u00f3ci jednak racjonalne podej\u015bcie do sprawowania rz\u0105d\u00f3w. W odr\u00f3\u017cnieniu od Netanjahu nie ocenia on sytuacji geopolitycznej pod k\u0105tem korzy\u015bci ideologicznych czy osobistych, lecz na podstawie surowych danych liczbowych i wykonalno\u015bci.<\/p>\n<p>Eisenkot nada\u0142by konfliktowi z Iranem nowy obr\u00f3t. Nie zako\u0144czy\u0142by wojny, ale odpolityczni\u0142by j\u0105. Zamiast g\u0142o\u015bnych, efektownych dla medi\u00f3w atak\u00f3w odwetowych przed krajowymi kamerami postawi\u0142by na precyzyjne ataki powietrzne i cyberataki. A wszystko to w \u015bcis\u0142ej wsp\u00f3\u0142pracy z Bia\u0142ym Domem. Pod rz\u0105dami Eisenkota nie by\u0142oby ju\u017c niebezpiecznych samodzielnych dzia\u0142a\u0144 kosztem bezpiecze\u0144stwa narodowego.<\/p>\n<p>Na rozdro\u017cu<\/p>\n<p>R\u00f3wnie\u017c co do Strefy Gazy ma w\u0142asne, trze\u017awe plany: podczas gdy ekstremistyczni ministrowie Netanjahu g\u0142o\u015bno marz\u0105 o ca\u0142kowitym zasiedleniu Strefy Gazy, Eisenkot chce przekaza\u0107 administracj\u0119 cywiln\u0105 mi\u0119dzynarodowej koalicji. Wie bowiem, \u017ce Izrael po prostu nie dysponuje zasobami demograficznymi i gospodarczymi, by trwale kontrolowa\u0107 militarnie miliony Palesty\u0144czyk\u00f3w.<\/p>\n<p>Izrael stoi na rozdro\u017cu. Z jednej strony mamy system Netanjahu, kt\u00f3ry stawia na polaryzacj\u0119 i taktyczne posuni\u0119cia we w\u0142asnym interesie. Z drugiej strony stoi Eisenkot z obietnic\u0105, \u017ce tylko kraj rz\u0105dzony uczciwie i sprawiedliwie mo\u017ce emanowa\u0107 si\u0142\u0105. Je\u015bli wygra, zako\u0144czy si\u0119 pewna era. Je\u015bli przegra, kraj pozostanie w trybie kryzysowym na czas nieokre\u015blony.<\/p>\n","protected":false},"excerpt":{"rendered":"Dla Binjamina &#8222;Bibiego&#8221; Netanjahu 27 pa\u017adziernika b\u0119dzie dniem, w kt\u00f3rym rozstrzygnie si\u0119 wszystko: jego w\u0142adza, dziedzictwo i wolno\u015b\u0107&hellip;\n","protected":false},"author":2,"featured_media":568045,"comment_status":"","ping_status":"","sticky":false,"template":"","format":"standard","meta":{"footnotes":"","_share_on_mastodon":"0"},"categories":[14],"tags":[56,343,905,61195,32,33,27,663,91,34,35,28,31,48,25,46,40,41,47,88,80,29,30,26,82,83,84],"class_list":["post-568044","post","type-post","status-publish","format-standard","has-post-thumbnail","category-swiat","tag-article_premium","tag-binjamin_netanjahu","tag-bliski_wschod","tag-bottomfeed_styl","tag-breaking-news","tag-breakingnews","tag-headlines","tag-iran","tag-izrael","tag-latest-news","tag-latestnews","tag-naglowki","tag-najwazniejsze-artykuly","tag-nat_styl","tag-news","tag-omp","tag-polish","tag-polski","tag-screening_general","tag-strefa_gazy","tag-swiat","tag-top-stories","tag-topstories","tag-wiadomosci","tag-world","tag-world-news","tag-worldnews"],"share_on_mastodon":{"url":"https:\/\/pubeurope.com\/@pl\/116952855364598410","error":""},"_links":{"self":[{"href":"https:\/\/www.europesays.com\/pl\/wp-json\/wp\/v2\/posts\/568044","targetHints":{"allow":["GET"]}}],"collection":[{"href":"https:\/\/www.europesays.com\/pl\/wp-json\/wp\/v2\/posts"}],"about":[{"href":"https:\/\/www.europesays.com\/pl\/wp-json\/wp\/v2\/types\/post"}],"author":[{"embeddable":true,"href":"https:\/\/www.europesays.com\/pl\/wp-json\/wp\/v2\/users\/2"}],"replies":[{"embeddable":true,"href":"https:\/\/www.europesays.com\/pl\/wp-json\/wp\/v2\/comments?post=568044"}],"version-history":[{"count":0,"href":"https:\/\/www.europesays.com\/pl\/wp-json\/wp\/v2\/posts\/568044\/revisions"}],"wp:featuredmedia":[{"embeddable":true,"href":"https:\/\/www.europesays.com\/pl\/wp-json\/wp\/v2\/media\/568045"}],"wp:attachment":[{"href":"https:\/\/www.europesays.com\/pl\/wp-json\/wp\/v2\/media?parent=568044"}],"wp:term":[{"taxonomy":"category","embeddable":true,"href":"https:\/\/www.europesays.com\/pl\/wp-json\/wp\/v2\/categories?post=568044"},{"taxonomy":"post_tag","embeddable":true,"href":"https:\/\/www.europesays.com\/pl\/wp-json\/wp\/v2\/tags?post=568044"}],"curies":[{"name":"wp","href":"https:\/\/api.w.org\/{rel}","templated":true}]}}