{"id":568512,"date":"2026-07-20T19:32:26","date_gmt":"2026-07-20T19:32:26","guid":{"rendered":"https:\/\/www.europesays.com\/pl\/568512\/"},"modified":"2026-07-20T19:32:26","modified_gmt":"2026-07-20T19:32:26","slug":"tusk-chwali-sie-sukcesami-wszystko-zgodnie-z-planem","status":"publish","type":"post","link":"https:\/\/www.europesays.com\/pl\/568512\/","title":{"rendered":"Tusk chwali si\u0119 sukcesami. &#8222;Wszystko zgodnie z planem&#8221;"},"content":{"rendered":"\n<p>&#13;<br \/>\nDonald Tusk napisa\u0142 na\u00a0platformie X: &#8222;Rekordowy wzrost produkcji przemys\u0142owej i\u00a0budowlanej!&#8221;. &#13;\n<\/p>\n<p>&#13;<br \/>\n&#8222;Inwestycje, pieni\u0105dze europejskie, repolonizacja, zaufanie do\u00a0Polski \u2013\u00a0to\u00a0wszystko dzia\u0142a&#8221; \u2013\u00a0oceni\u0142 premier. &#13;\n<\/p>\n<p>&#13;<br \/>\nZdaniem Donalda Tuska &#8222;wszystko zgodnie z\u00a0planem, czyli 2026 \u2013\u00a0Rok Przyspieszenia&#8221;. &#13;\n<\/p>\n<p>Tusk i\u00a0Doma\u0144ski chwal\u0105 si\u0119 sukcesami<\/p>\n<p>&#13;<br \/>\nWcze\u015bniej Andrzej Doma\u0144ski, minister finans\u00f3w i\u00a0gospodarki, napisa\u0142 na\u00a0platformie X o\u00a0&#8222;mocnym ko\u0144cu kwarta\u0142u w\u00a0polskiej gospodarce&#8221;. &#8222;Produkcja przemys\u0142owa wzros\u0142a w\u00a0czerwcu o\u00a07,6 proc., a\u00a0budowlana o\u00a05,2 proc. \u2013\u00a0oba wyniki okaza\u0142y si\u0119 lepsze od\u00a0prognoz. Konsekwentnie budujemy si\u0142\u0119 polskiej gospodarki&#8221; \u2013\u00a0doda\u0142. &#13;\n<\/p>\n<p>Nowe dane GUS dotycz\u0105ce produkcji przemys\u0142owej i\u00a0produkcji budowlano-monta\u017cowej<\/p>\n<p>&#13;<br \/>\nGUS poinformowa\u0142 w\u00a0poniedzia\u0142ek, \u017ce\u00a0produkcja przemys\u0142owa w\u00a0czerwcu 2026 roku wzros\u0142a o\u00a07,6 proc. rok do\u00a0roku, a\u00a0w\u00a0por\u00f3wnaniu z\u00a0poprzednim miesi\u0105cem wzros\u0142a o\u00a02,0 proc. &#13;\n<\/p>\n<p>&#13;<br \/>\nPo wyeliminowaniu wp\u0142ywu czynnik\u00f3w o\u00a0charakterze sezonowym, w\u00a0czerwcu produkcja sprzedana przemys\u0142u ukszta\u0142towa\u0142a si\u0119 na\u00a0poziomie o\u00a05,5 proc. wy\u017cszym ni\u017c\u00a0w\u00a0analogicznym miesi\u0105cu ubieg\u0142ego roku i\u00a0o\u00a00,1 proc. wy\u017cszym ni\u017c\u00a0w\u00a0maju. &#13;\n<\/p>\n<p>&#13;<br \/>\nCeny produkcji przemys\u0142owej w\u00a0czerwcu 2026 wzros\u0142y rok do\u00a0roku o\u00a01,7 proc., a\u00a0w\u00a0uj\u0119ciu miesi\u0119cznym spad\u0142y o\u00a00,2 proc. &#13;\n<\/p>\n<p>&#13;<br \/>\nZ kolei wed\u0142ug danych GUS produkcja budowlano-monta\u017cowa w\u00a0czerwcu wzros\u0142a o\u00a05,2 proc. rok do\u00a0roku, a\u00a0miesi\u0105c do\u00a0miesi\u0105ca wzros\u0142a o\u00a011,5 proc. &#13;\n<\/p>\n<p>&#13;<br \/>\nPo wyeliminowaniu wp\u0142ywu czynnik\u00f3w o\u00a0charakterze sezonowym produkcja budowlano-monta\u017cowa w\u00a0czerwcu by\u0142a o\u00a01,8 proc. wy\u017csza ni\u017c\u00a0w\u00a0analogicznym miesi\u0105cu 2025 roku oraz\u00a0o\u00a00,1 proc. wy\u017csza ni\u017c\u00a0w\u00a0maju. &#13;\n<\/p>\n<p>&#13;<br \/>\n   Czytaj te\u017c:<br \/><a href=\"https:\/\/dorzeczy.pl\/ekonomia\/917362\/wzrost-plac-w-sektorze-przedsiebiorstw-polacy-zarabiaja-srednio-940158-zl.html\" rel=\"follow nofollow noopener\" data-schema=\"DORZECZY\" data-image=\"https:\/\/img.dorzeczy.pl\/_thumb\/22\/b4\/cc7cce77d44e3e7761f0601a8619.jpeg\" target=\"_blank\">Tyle zarabiaj\u0105 Polacy. Pad\u0142a kwota<\/a>   Czytaj te\u017c:<br \/><a href=\"https:\/\/dorzeczy.pl\/kraj\/917542\/sondaz-karol-nawrocki-liderem-tusk-ma-powody-do-obaw.html\" rel=\"follow nofollow noopener\" data-schema=\"DORZECZY\" data-image=\"https:\/\/img.dorzeczy.pl\/_thumb\/c9\/55\/bac053a3a3183642aa3be191919a.jpeg\" target=\"_blank\">Nawrocki zdecydowanym liderem sonda\u017cu. Tusk ma\u00a0powody do\u00a0obaw<\/a> &#13;<\/p>\n","protected":false},"excerpt":{"rendered":"&#13; Donald Tusk napisa\u0142 na\u00a0platformie X: &#8222;Rekordowy wzrost produkcji przemys\u0142owej i\u00a0budowlanej!&#8221;. &#13; &#13; &#8222;Inwestycje, pieni\u0105dze europejskie, repolonizacja, zaufanie&hellip;\n","protected":false},"author":2,"featured_media":568513,"comment_status":"","ping_status":"","sticky":false,"template":"","format":"standard","meta":{"footnotes":"","_share_on_mastodon":"0"},"categories":[62713],"tags":[1345,98,105,1704,49,102,112043,112044],"class_list":["post-568512","post","type-post","status-publish","format-standard","has-post-thumbnail","category-donald-tusk","tag-donald-tusk","tag-dorzeczy","tag-ekonomia","tag-gus","tag-kraj","tag-opinie","tag-produkacja-przemyslowa","tag-produkcja-budowlana"],"share_on_mastodon":{"url":"https:\/\/pubeurope.com\/@pl\/116953975643846767","error":""},"_links":{"self":[{"href":"https:\/\/www.europesays.com\/pl\/wp-json\/wp\/v2\/posts\/568512","targetHints":{"allow":["GET"]}}],"collection":[{"href":"https:\/\/www.europesays.com\/pl\/wp-json\/wp\/v2\/posts"}],"about":[{"href":"https:\/\/www.europesays.com\/pl\/wp-json\/wp\/v2\/types\/post"}],"author":[{"embeddable":true,"href":"https:\/\/www.europesays.com\/pl\/wp-json\/wp\/v2\/users\/2"}],"replies":[{"embeddable":true,"href":"https:\/\/www.europesays.com\/pl\/wp-json\/wp\/v2\/comments?post=568512"}],"version-history":[{"count":0,"href":"https:\/\/www.europesays.com\/pl\/wp-json\/wp\/v2\/posts\/568512\/revisions"}],"wp:featuredmedia":[{"embeddable":true,"href":"https:\/\/www.europesays.com\/pl\/wp-json\/wp\/v2\/media\/568513"}],"wp:attachment":[{"href":"https:\/\/www.europesays.com\/pl\/wp-json\/wp\/v2\/media?parent=568512"}],"wp:term":[{"taxonomy":"category","embeddable":true,"href":"https:\/\/www.europesays.com\/pl\/wp-json\/wp\/v2\/categories?post=568512"},{"taxonomy":"post_tag","embeddable":true,"href":"https:\/\/www.europesays.com\/pl\/wp-json\/wp\/v2\/tags?post=568512"}],"curies":[{"name":"wp","href":"https:\/\/api.w.org\/{rel}","templated":true}]}}