{"id":568676,"date":"2026-07-20T21:22:08","date_gmt":"2026-07-20T21:22:08","guid":{"rendered":"https:\/\/www.europesays.com\/pl\/568676\/"},"modified":"2026-07-20T21:22:08","modified_gmt":"2026-07-20T21:22:08","slug":"nie-bylo-przypadku-to-dlatego-szef-uefa-odpuscil-final","status":"publish","type":"post","link":"https:\/\/www.europesays.com\/pl\/568676\/","title":{"rendered":"Nie by\u0142o przypadku. To dlatego szef UEFA odpu\u015bci\u0142 fina\u0142"},"content":{"rendered":"\n<p class=\"contentpart contentpart--default contentpart--text\" data-position=\"0\">Prezydent UEFA <a href=\"https:\/\/sportowefakty.wp.pl\/pilka-nozna\/aleksander-ceferin\" rel=\"nofollow noopener\" target=\"_blank\">Aleksander Ceferin<\/a>\u00a0nie pojawi\u0142 si\u0119 na niedzielnym finale mistrzostw \u015bwiata, w kt\u00f3rym Hiszpania po dogrywce pokona\u0142a Argentyn\u0119 1:0. Jak poinformowa\u0142a agencja Reuters, absencja S\u0142owe\u0144ca nie by\u0142a przypadkowa. Mia\u0142a by\u0107 efektem narastaj\u0105cego konfliktu mi\u0119dzy <a href=\"https:\/\/sportowefakty.wp.pl\/pilka-nozna\/uefa\" rel=\"nofollow noopener\" target=\"_blank\">UEFA<\/a>\u00a0a <a href=\"https:\/\/sportowefakty.wp.pl\/pilka-nozna\/fifa\" rel=\"nofollow noopener\" target=\"_blank\">FIFA<\/a>.<\/p>\n<p class=\"contentpart contentpart--default contentpart--text\" data-position=\"1\">Wed\u0142ug \u017ar\u00f3d\u0142a Reutersa bezpo\u015bredni\u0105 przyczyn\u0105 bojkotu by\u0142a seria nieporozumie\u0144 dotycz\u0105cych procedur dyscyplinarnych, organizacji mecz\u00f3w oraz kwestii zwi\u0105zanych z prac\u0105 arbitr\u00f3w. Jednym z g\u0142\u00f3wnych punkt\u00f3w spornych by\u0142a decyzja FIFA o zawieszeniu automatycznej kary jednego meczu dyskwalifikacji dla reprezentanta Stan\u00f3w Zjednoczonych Folarina Baloguna po otrzymaniu czerwonej kartki.<\/p>\n<p>  <img decoding=\"async\" src=\"https:\/\/v.wpimg.pl\/X3dwLnN2d1IFFTpdYUl6R0ZNbgcnEHQREVV2TGEGbUtRT2MdOlZ2RBQUKABgQjQcDRotCStBd1IAAWMeIlM7VgwYIAorQAdEFFk_GCkQJQ\" alt=\"\" width=\"45\" height=\"58\" loading=\"lazy\"\/>  <\/p>\n<p class=\"contentpart contentpart--default contentpart--text\" data-position=\"2\">ZOBACZ WIDEO: Lewandowski b\u0119dzie \u017ca\u0142owa\u0142 transferu? &#8222;To nie jest klub krzak&#8221;<\/p>\n<p class=\"contentpart contentpart--default contentpart--text\" data-position=\"4\">Sprawa Baloguna sta\u0142a si\u0119 jedn\u0105 z najwi\u0119kszych kontrowersji ca\u0142ego turnieju. UEFA otwarcie skrytykowa\u0142a decyzj\u0119 \u015bwiatowej federacji, uznaj\u0105c, \u017ce FIFA &#8222;przekroczy\u0142a czerwon\u0105 lini\u0119&#8221;.<\/p>\n<p class=\"contentpart contentpart--default contentpart--text\" data-position=\"5\">Kolejnym powodem napi\u0119\u0107 by\u0142a sytuacja somalijskiego s\u0119dziego Omara Abdulkadira Artana. Arbiter nie m\u00f3g\u0142 wzi\u0105\u0107 udzia\u0142u w mistrzostwach \u015bwiata, poniewa\u017c odm\u00f3wiono mu wjazdu do Stan\u00f3w Zjednoczonych. P\u00f3\u017aniej UEFA wyznaczy\u0142a go do prowadzenia meczu o Superpuchar Europy pomi\u0119dzy Paris Saint-Germain a Aston Vill\u0105.<\/p>\n<p class=\"contentpart contentpart--default contentpart--text\" data-position=\"6\">Reuters informuje r\u00f3wnie\u017c, \u017ce europejscy dzia\u0142acze zg\u0142aszali zastrze\u017cenia dotycz\u0105ce sposobu zarz\u0105dzania meczami z udzia\u0142em Iranu oraz zmian organizacyjnych wprowadzonych przez FIFA podczas turnieju. Chodzi\u0142o mi\u0119dzy innymi o obowi\u0105zkowe przerwy na nawodnienie zawodnik\u00f3w i wyd\u0142u\u017cenie przerwy mi\u0119dzy po\u0142owami w finale.<\/p>\n","protected":false},"excerpt":{"rendered":"Prezydent UEFA Aleksander Ceferin\u00a0nie pojawi\u0142 si\u0119 na niedzielnym finale mistrzostw \u015bwiata, w kt\u00f3rym Hiszpania po dogrywce pokona\u0142a Argentyn\u0119&hellip;\n","protected":false},"author":2,"featured_media":568677,"comment_status":"","ping_status":"","sticky":false,"template":"","format":"standard","meta":{"footnotes":"","_share_on_mastodon":"0"},"categories":[24],"tags":[5117,1285,3037,9090,269,42,38,40,39,41,127,126,97570,3098],"class_list":["post-568676","post","type-post","status-publish","format-standard","has-post-thumbnail","category-sport","tag-aleksander-ceferin","tag-fifa","tag-mistrzostwa-swiata","tag-mistrzostwa-swiata-2026","tag-pilka-nozna","tag-pl","tag-poland","tag-polish","tag-polska","tag-polski","tag-sport","tag-sports","tag-studio-mundial","tag-uefa"],"share_on_mastodon":{"url":"https:\/\/pubeurope.com\/@pl\/116954409450425677","error":""},"_links":{"self":[{"href":"https:\/\/www.europesays.com\/pl\/wp-json\/wp\/v2\/posts\/568676","targetHints":{"allow":["GET"]}}],"collection":[{"href":"https:\/\/www.europesays.com\/pl\/wp-json\/wp\/v2\/posts"}],"about":[{"href":"https:\/\/www.europesays.com\/pl\/wp-json\/wp\/v2\/types\/post"}],"author":[{"embeddable":true,"href":"https:\/\/www.europesays.com\/pl\/wp-json\/wp\/v2\/users\/2"}],"replies":[{"embeddable":true,"href":"https:\/\/www.europesays.com\/pl\/wp-json\/wp\/v2\/comments?post=568676"}],"version-history":[{"count":0,"href":"https:\/\/www.europesays.com\/pl\/wp-json\/wp\/v2\/posts\/568676\/revisions"}],"wp:featuredmedia":[{"embeddable":true,"href":"https:\/\/www.europesays.com\/pl\/wp-json\/wp\/v2\/media\/568677"}],"wp:attachment":[{"href":"https:\/\/www.europesays.com\/pl\/wp-json\/wp\/v2\/media?parent=568676"}],"wp:term":[{"taxonomy":"category","embeddable":true,"href":"https:\/\/www.europesays.com\/pl\/wp-json\/wp\/v2\/categories?post=568676"},{"taxonomy":"post_tag","embeddable":true,"href":"https:\/\/www.europesays.com\/pl\/wp-json\/wp\/v2\/tags?post=568676"}],"curies":[{"name":"wp","href":"https:\/\/api.w.org\/{rel}","templated":true}]}}